{"id":75505,"date":"2023-04-29T20:05:37","date_gmt":"2023-04-29T20:05:37","guid":{"rendered":"https:\/\/jorgezanoni.com.br\/2019\/?p=75505"},"modified":"2023-04-29T20:05:37","modified_gmt":"2023-04-29T20:05:37","slug":"policia-civil-faz-palestra-sobre-bullying-e-violencia-em-ambiente-escolar-em-dracena","status":"publish","type":"post","link":"https:\/\/jorgezanoni.com.br\/2019\/policia-civil-faz-palestra-sobre-bullying-e-violencia-em-ambiente-escolar-em-dracena\/","title":{"rendered":"Pol\u00edcia Civil faz palestra sobre Bullying e Viol\u00eancia em ambiente escolar em Dracena"},"content":{"rendered":"<p style=\"text-align: justify;\">A Pol\u00edcia Civil, por interm\u00e9dio das Unidades Especializadas &#8211; DIG\/DISE, com apoio Delegacia Seccional de Pol\u00edcia de Dracena, realizou nesta sexta-feira (28), palestra sobre preven\u00e7\u00e3o como foco na seguran\u00e7a do ambiente escolar. A a\u00e7\u00e3o aconteceu na Escola Estadual Alfredo Machado, que fica no Jardim Brasil\u00e2ndia, em Dracena (SP).<\/p>\n<p style=\"text-align: justify;\">O foco do encontro foi o bullying e a preven\u00e7\u00e3o da seguran\u00e7a no interior da escola. A palestra foi ministrada pelo investigador de pol\u00edcia Rodrigo Freitas, que tamb\u00e9m possui a gradua\u00e7\u00e3o acad\u00eamica no curso de psicologia.<\/p>\n<p style=\"text-align: justify;\">O policial civil durante a apresenta\u00e7\u00e3o, explanou para cerca de 90 estudantes, sobre bullying escolar e suas in\u00fameras consequ\u00eancias emocionais e psicol\u00f3gicas, na mesma seara, tamb\u00e9m foi alertado sobre as implica\u00e7\u00f5es das responsabilidades penais cab\u00edveis nos casos de divulga\u00e7\u00e3o e compartilhamento de not\u00edcias falsas relacionadas as amea\u00e7as virtuais e ataques contra as unidades educacionais.<\/p>\n<p style=\"text-align: justify;\">Ainda na tem\u00e1tica debatida, os alunos foram orientados sobre o protocolo que como agir num eventual caso de viol\u00eancia escolar.<\/p>\n<p style=\"text-align: justify;\">A finalidade do bate-papo com os estudantes \u00e9 de promover a conscientiza\u00e7\u00e3o de um ambiente escolar seguro e respeitoso, bem como o de aproximar os alunos com a Pol\u00edcia Civil. A dire\u00e7\u00e3o da na Escola Estadual Alfredo Machado agradeceu a parceria com a Pol\u00edcia Civil do Estado de S\u00e3o Paulo.<\/p>\n<p><img loading=\"lazy\" decoding=\"async\" class=\"alignnone size-full wp-image-75506\" src=\"https:\/\/jorgezanoni.com.br\/2019\/wp-content\/uploads\/2023\/04\/bul.jpg\" alt=\"\" width=\"700\" height=\"322\" srcset=\"https:\/\/jorgezanoni.com.br\/2019\/wp-content\/uploads\/2023\/04\/bul.jpg 700w, https:\/\/jorgezanoni.com.br\/2019\/wp-content\/uploads\/2023\/04\/bul-300x138.jpg 300w, https:\/\/jorgezanoni.com.br\/2019\/wp-content\/uploads\/2023\/04\/bul-696x320.jpg 696w\" sizes=\"auto, (max-width: 700px) 100vw, 700px\" \/>Com. Social Pol\u00edcia Civil<\/p>\n","protected":false},"excerpt":{"rendered":"<p>A Pol\u00edcia Civil, por interm\u00e9dio das Unidades Especializadas &#8211; DIG\/DISE, com apoio Delegacia Seccional de Pol\u00edcia de Dracena, realizou nesta sexta-feira (28), palestra sobre preven\u00e7\u00e3o como foco na seguran\u00e7a do ambiente escolar. A a\u00e7\u00e3o aconteceu na Escola Estadual Alfredo Machado, que fica no Jardim Brasil\u00e2ndia, em Dracena (SP). O foco do encontro foi o bullying [&hellip;]<\/p>\n","protected":false},"author":1,"featured_media":75507,"comment_status":"closed","ping_status":"open","sticky":false,"template":"","format":"standard","meta":{"footnotes":""},"categories":[110,2],"tags":[],"class_list":["post-75505","post","type-post","status-publish","format-standard","has-post-thumbnail","hentry","category-noticiasdestaque","category-policial"],"_links":{"self":[{"href":"https:\/\/jorgezanoni.com.br\/2019\/wp-json\/wp\/v2\/posts\/75505","targetHints":{"allow":["GET"]}}],"collection":[{"href":"https:\/\/jorgezanoni.com.br\/2019\/wp-json\/wp\/v2\/posts"}],"about":[{"href":"https:\/\/jorgezanoni.com.br\/2019\/wp-json\/wp\/v2\/types\/post"}],"author":[{"embeddable":true,"href":"https:\/\/jorgezanoni.com.br\/2019\/wp-json\/wp\/v2\/users\/1"}],"replies":[{"embeddable":true,"href":"https:\/\/jorgezanoni.com.br\/2019\/wp-json\/wp\/v2\/comments?post=75505"}],"version-history":[{"count":1,"href":"https:\/\/jorgezanoni.com.br\/2019\/wp-json\/wp\/v2\/posts\/75505\/revisions"}],"predecessor-version":[{"id":75508,"href":"https:\/\/jorgezanoni.com.br\/2019\/wp-json\/wp\/v2\/posts\/75505\/revisions\/75508"}],"wp:featuredmedia":[{"embeddable":true,"href":"https:\/\/jorgezanoni.com.br\/2019\/wp-json\/wp\/v2\/media\/75507"}],"wp:attachment":[{"href":"https:\/\/jorgezanoni.com.br\/2019\/wp-json\/wp\/v2\/media?parent=75505"}],"wp:term":[{"taxonomy":"category","embeddable":true,"href":"https:\/\/jorgezanoni.com.br\/2019\/wp-json\/wp\/v2\/categories?post=75505"},{"taxonomy":"post_tag","embeddable":true,"href":"https:\/\/jorgezanoni.com.br\/2019\/wp-json\/wp\/v2\/tags?post=75505"}],"curies":[{"name":"wp","href":"https:\/\/api.w.org\/{rel}","templated":true}]}}