{"id":75483,"date":"2023-04-29T17:55:45","date_gmt":"2023-04-29T17:55:45","guid":{"rendered":"https:\/\/jorgezanoni.com.br\/2019\/?p=75483"},"modified":"2023-04-29T17:55:45","modified_gmt":"2023-04-29T17:55:45","slug":"unati-2023-nova-turma-inicia-suas-atividades","status":"publish","type":"post","link":"https:\/\/jorgezanoni.com.br\/2019\/unati-2023-nova-turma-inicia-suas-atividades\/","title":{"rendered":"Unati 2023: nova turma inicia suas atividades"},"content":{"rendered":"<p style=\"text-align: justify;\"><span style=\"font-size: large;\">A 15\u00aa turma da Unati tem se reunido semanalmente ap\u00f3s o in\u00edcio de suas atividades no dia 28 de mar\u00e7o. Segundo a coordenadora do programa pela Unifadra <\/span>Profa. Dra.<span style=\"font-size: large;\">\u00a0Sheila Regiane Franceschini, a turma come\u00e7ou animada e segue interessada.<\/span><\/p>\n<p><span style=\"font-size: large;\">A apresenta\u00e7\u00e3o da equipe de trabalho contou com a presen\u00e7a dos professores da Unesp de Dracena que atuam no programa, Dr. Celso Tadao Miasaki (coordenador) e da Dra. Pamela Nakata (vice), al\u00e9m dos monitores que participam das atividades pelas duas faculdades e da Profa Ma. Daniela Mac\u00e1rio Cust\u00f3dio (vice), pela Unifadra.<\/span><\/p>\n<p><span style=\"font-size: large;\">No primeiro encontro, os coordenadores falaram sobre o programa Universidade Aberta \u00e0 Terceira Idade (UNATI), sobre o cronograma de trabalho e explicaram as idas quinzenais para as atividades na Unesp. Na oportunidade, foi apresentada a estrutura da Unifadra e os principais locais que ser\u00e3o utilizados ao longo do ano.<\/span><\/p>\n<p><span style=\"font-size: large;\">O cronograma da Unati prev\u00ea a realiza\u00e7\u00e3o de palestras sobre diversos assuntos, como sa\u00fade e bem-estar, novas tecnologias, educa\u00e7\u00e3o financeira e atividades relacionadas \u00e0s ci\u00eancias agr\u00e1rias, como o cultivo de plantas e informa\u00e7\u00f5es na \u00e1rea de pecu\u00e1ria, al\u00e9m de pr\u00e1ticas art\u00edsticas e culturais, atividades f\u00edsicas e visitas guiadas.<\/span><\/p>\n<p><span style=\"font-size: large;\">A coordenadora Sheila ressaltou que nesta turma foi poss\u00edvel ver a grande expectativa dos novos alunos em realizar as atividades.<\/span><\/p>\n<p><span style=\"font-size: large;\">Celso Miasaki, coordenador pela Unesp, destacou que as atividades propostas para a UNATI trazem novos conhecimentos, mas, principalmente, promovem uma melhora da qualidade de vida e aumentam a autoestima dos participantes.<\/span><\/p>\n<p><span style=\"font-size: large;\">O programa Universidade Aberta \u00e0 Terceira Idade (UNATI) \u00e9 uma parceria entre o Campus de Dracena da Unesp, a Fundec &#8211; Funda\u00e7\u00e3o Dracenense de Educa\u00e7\u00e3o e Cultura e a Prefeitura Municipal de Dracena.<\/span><\/p>\n<p><span style=\"font-size: large;\">O programa \u00e9 gratuito e destinado a pessoas com mais de 60 anos, independentemente do grau de escolaridade, promovendo atividades f\u00edsicas, intelectuais e recreativas voltadas aos idosos, com o objetivo de proporcionar o bem-estar f\u00edsico, social e emocional dos participantes.<\/span><\/p>\n<p><img loading=\"lazy\" decoding=\"async\" class=\"alignnone size-full wp-image-75484\" src=\"https:\/\/jorgezanoni.com.br\/2019\/wp-content\/uploads\/2023\/04\/Unati-2023-1-Pequeno.jpg\" alt=\"\" width=\"853\" height=\"480\" srcset=\"https:\/\/jorgezanoni.com.br\/2019\/wp-content\/uploads\/2023\/04\/Unati-2023-1-Pequeno.jpg 853w, https:\/\/jorgezanoni.com.br\/2019\/wp-content\/uploads\/2023\/04\/Unati-2023-1-Pequeno-300x169.jpg 300w, https:\/\/jorgezanoni.com.br\/2019\/wp-content\/uploads\/2023\/04\/Unati-2023-1-Pequeno-768x432.jpg 768w, https:\/\/jorgezanoni.com.br\/2019\/wp-content\/uploads\/2023\/04\/Unati-2023-1-Pequeno-696x392.jpg 696w, https:\/\/jorgezanoni.com.br\/2019\/wp-content\/uploads\/2023\/04\/Unati-2023-1-Pequeno-746x420.jpg 746w\" sizes=\"auto, (max-width: 853px) 100vw, 853px\" \/> <img loading=\"lazy\" decoding=\"async\" class=\"alignnone size-full wp-image-75486\" src=\"https:\/\/jorgezanoni.com.br\/2019\/wp-content\/uploads\/2023\/04\/Unati-2023-3-Pequeno.jpg\" alt=\"\" width=\"853\" height=\"480\" srcset=\"https:\/\/jorgezanoni.com.br\/2019\/wp-content\/uploads\/2023\/04\/Unati-2023-3-Pequeno.jpg 853w, https:\/\/jorgezanoni.com.br\/2019\/wp-content\/uploads\/2023\/04\/Unati-2023-3-Pequeno-300x169.jpg 300w, https:\/\/jorgezanoni.com.br\/2019\/wp-content\/uploads\/2023\/04\/Unati-2023-3-Pequeno-768x432.jpg 768w, https:\/\/jorgezanoni.com.br\/2019\/wp-content\/uploads\/2023\/04\/Unati-2023-3-Pequeno-696x392.jpg 696w, https:\/\/jorgezanoni.com.br\/2019\/wp-content\/uploads\/2023\/04\/Unati-2023-3-Pequeno-746x420.jpg 746w\" sizes=\"auto, (max-width: 853px) 100vw, 853px\" \/> <img loading=\"lazy\" decoding=\"async\" class=\"alignnone size-full wp-image-75487\" src=\"https:\/\/jorgezanoni.com.br\/2019\/wp-content\/uploads\/2023\/04\/Unati-2023-4-Pequeno.jpg\" alt=\"\" width=\"853\" height=\"480\" srcset=\"https:\/\/jorgezanoni.com.br\/2019\/wp-content\/uploads\/2023\/04\/Unati-2023-4-Pequeno.jpg 853w, https:\/\/jorgezanoni.com.br\/2019\/wp-content\/uploads\/2023\/04\/Unati-2023-4-Pequeno-300x169.jpg 300w, https:\/\/jorgezanoni.com.br\/2019\/wp-content\/uploads\/2023\/04\/Unati-2023-4-Pequeno-768x432.jpg 768w, https:\/\/jorgezanoni.com.br\/2019\/wp-content\/uploads\/2023\/04\/Unati-2023-4-Pequeno-696x392.jpg 696w, https:\/\/jorgezanoni.com.br\/2019\/wp-content\/uploads\/2023\/04\/Unati-2023-4-Pequeno-746x420.jpg 746w\" sizes=\"auto, (max-width: 853px) 100vw, 853px\" \/> <img loading=\"lazy\" decoding=\"async\" class=\"alignnone size-full wp-image-75488\" src=\"https:\/\/jorgezanoni.com.br\/2019\/wp-content\/uploads\/2023\/04\/Unati-2023-5-Pequeno.jpg\" alt=\"\" width=\"853\" height=\"480\" srcset=\"https:\/\/jorgezanoni.com.br\/2019\/wp-content\/uploads\/2023\/04\/Unati-2023-5-Pequeno.jpg 853w, https:\/\/jorgezanoni.com.br\/2019\/wp-content\/uploads\/2023\/04\/Unati-2023-5-Pequeno-300x169.jpg 300w, https:\/\/jorgezanoni.com.br\/2019\/wp-content\/uploads\/2023\/04\/Unati-2023-5-Pequeno-768x432.jpg 768w, https:\/\/jorgezanoni.com.br\/2019\/wp-content\/uploads\/2023\/04\/Unati-2023-5-Pequeno-696x392.jpg 696w, https:\/\/jorgezanoni.com.br\/2019\/wp-content\/uploads\/2023\/04\/Unati-2023-5-Pequeno-746x420.jpg 746w\" sizes=\"auto, (max-width: 853px) 100vw, 853px\" \/><\/p>\n<p>Fonte: Depto. de Comunica\u00e7\u00e3o da FUNDEC<\/p>\n","protected":false},"excerpt":{"rendered":"<p>A 15\u00aa turma da Unati tem se reunido semanalmente ap\u00f3s o in\u00edcio de suas atividades no dia 28 de mar\u00e7o. Segundo a coordenadora do programa pela Unifadra Profa. Dra.\u00a0Sheila Regiane Franceschini, a turma come\u00e7ou animada e segue interessada. A apresenta\u00e7\u00e3o da equipe de trabalho contou com a presen\u00e7a dos professores da Unesp de Dracena que [&hellip;]<\/p>\n","protected":false},"author":1,"featured_media":75485,"comment_status":"closed","ping_status":"open","sticky":false,"template":"","format":"standard","meta":{"footnotes":""},"categories":[110,122],"tags":[],"class_list":["post-75483","post","type-post","status-publish","format-standard","has-post-thumbnail","hentry","category-noticiasdestaque","category-saudeeducacaoeconcurso"],"_links":{"self":[{"href":"https:\/\/jorgezanoni.com.br\/2019\/wp-json\/wp\/v2\/posts\/75483","targetHints":{"allow":["GET"]}}],"collection":[{"href":"https:\/\/jorgezanoni.com.br\/2019\/wp-json\/wp\/v2\/posts"}],"about":[{"href":"https:\/\/jorgezanoni.com.br\/2019\/wp-json\/wp\/v2\/types\/post"}],"author":[{"embeddable":true,"href":"https:\/\/jorgezanoni.com.br\/2019\/wp-json\/wp\/v2\/users\/1"}],"replies":[{"embeddable":true,"href":"https:\/\/jorgezanoni.com.br\/2019\/wp-json\/wp\/v2\/comments?post=75483"}],"version-history":[{"count":1,"href":"https:\/\/jorgezanoni.com.br\/2019\/wp-json\/wp\/v2\/posts\/75483\/revisions"}],"predecessor-version":[{"id":75489,"href":"https:\/\/jorgezanoni.com.br\/2019\/wp-json\/wp\/v2\/posts\/75483\/revisions\/75489"}],"wp:featuredmedia":[{"embeddable":true,"href":"https:\/\/jorgezanoni.com.br\/2019\/wp-json\/wp\/v2\/media\/75485"}],"wp:attachment":[{"href":"https:\/\/jorgezanoni.com.br\/2019\/wp-json\/wp\/v2\/media?parent=75483"}],"wp:term":[{"taxonomy":"category","embeddable":true,"href":"https:\/\/jorgezanoni.com.br\/2019\/wp-json\/wp\/v2\/categories?post=75483"},{"taxonomy":"post_tag","embeddable":true,"href":"https:\/\/jorgezanoni.com.br\/2019\/wp-json\/wp\/v2\/tags?post=75483"}],"curies":[{"name":"wp","href":"https:\/\/api.w.org\/{rel}","templated":true}]}}