{"id":75480,"date":"2023-04-29T16:05:14","date_gmt":"2023-04-29T16:05:14","guid":{"rendered":"https:\/\/jorgezanoni.com.br\/2019\/?p=75480"},"modified":"2023-04-29T16:05:14","modified_gmt":"2023-04-29T16:05:14","slug":"cep-ume-abre-matriculas-para-o-2o-semestre-de-2023","status":"publish","type":"post","link":"https:\/\/jorgezanoni.com.br\/2019\/cep-ume-abre-matriculas-para-o-2o-semestre-de-2023\/","title":{"rendered":"CEP\/UME abre matr\u00edculas para o 2\u00ba semestre de 2023"},"content":{"rendered":"<p style=\"text-align: justify;\"><span style=\"font-size: large;\">Os cursos t\u00e9cnicos de Est\u00e9tica e de Radiologia do CEP\/UME est\u00e3o com matr\u00edculas abertas. Os candidatos que realizarem suas matr\u00edculas antecipadamente, at\u00e9 17\/05, est\u00e3o isentos da taxa de matr\u00edcula inicial e recebem desconto de 20% nas mensalidades do curso escolhido. O in\u00edcio das aulas est\u00e1 previsto para o dia 20\/07\/2023. Informa\u00e7\u00f5es: <a href=\"https:\/\/fundec.edu.br\/tecnico\" target=\"_blank\" rel=\"noopener noreferrer\">https:\/\/fundec.edu.br\/tecnico<\/a><\/span><\/p>\n<p><span style=\"font-size: large;\">Garanta seu benef\u00edcio e economize ao longo do ano investindo agora em seus estudos! Tenha uma forma\u00e7\u00e3o de qualidade e conquiste novas op\u00e7\u00f5es profissionais no mercado de trabalho com o CEP\/UME.<\/span><\/p>\n<p><span style=\"font-size: large;\"><b>T\u00c9CNICO EM EST\u00c9TICA<\/b><\/span><br \/>\n<span style=\"font-size: large;\">O T\u00e9cnico em Est\u00e9tica tem um amplo campo de atua\u00e7\u00e3o e pode desenvolver atividades voltadas a tratamentos est\u00e9ticos faciais e corporais, massagens e terapias de relaxamento, inclusive, em conjunto com outros profissionais, em consult\u00f3rios m\u00e9dicos e odontol\u00f3gicos, por exemplo. Al\u00e9m disso, muitos profissionais optam por abrir seu pr\u00f3prio neg\u00f3cio, oferecendo servi\u00e7os personalizados em domic\u00edlio ou em espa\u00e7os pr\u00f3prios, al\u00e9m de atenderem em cl\u00ednicas de est\u00e9tica, spas, sal\u00f5es de beleza, academias, hot\u00e9is e resorts.<\/span><\/p>\n<p><span style=\"font-size: large;\"><b>T\u00c9CNICO EM RADIOLOGIA<\/b><\/span><br \/>\n<span style=\"font-size: large;\">O mercado de trabalho para T\u00e9cnicos em Radiologia \u00e9 considerado est\u00e1vel, j\u00e1 que a demanda por exames de imagem \u00e9 constante e n\u00e3o depende de varia\u00e7\u00f5es na economia ou em outros setores. Al\u00e9m disso, Dracena vem investindo em sa\u00fade e a demanda por diversos profissionais desta \u00e1rea tem aumentado.<\/span><\/p>\n<p><b><span style=\"font-size: large;\">Matr\u00edculas abertas:<\/span><br \/>\n<span style=\"font-size: large;\">T\u00e9cnico em Est\u00e9tica e T\u00e9cnico em Radiologia<\/span><\/b><br \/>\n<span style=\"font-size: large;\"><b>Benef\u00edcio<\/b>: matr\u00edculas at\u00e9 17\/05 garantem isen\u00e7\u00e3o da taxa de matr\u00edcula e 20% de desconto nas mensalidades<\/span><br \/>\n<span style=\"font-size: large;\"><b>In\u00edcio das aulas<\/b>: 20\/07\/2023 (previs\u00e3o)<\/span><br \/>\n<span style=\"font-size: large;\"><b>Informa\u00e7\u00f5es<\/b>:\u00a0<a href=\"https:\/\/fundec.edu.br\/tecnico\" target=\"_blank\" rel=\"noopener noreferrer\">https:\/\/fundec.edu.br\/tecnico<\/a><\/span><br \/>\n<span style=\"font-size: large;\"><b>Centro de Informa\u00e7\u00f5es<\/b>: (18) 3821-9004 | (18) 99802-1237 (Whatsapp)<\/span><\/p>\n<p>Fonte: Depto. de Comunica\u00e7\u00e3o da Fundec<\/p>\n","protected":false},"excerpt":{"rendered":"<p>Os cursos t\u00e9cnicos de Est\u00e9tica e de Radiologia do CEP\/UME est\u00e3o com matr\u00edculas abertas. Os candidatos que realizarem suas matr\u00edculas antecipadamente, at\u00e9 17\/05, est\u00e3o isentos da taxa de matr\u00edcula inicial e recebem desconto de 20% nas mensalidades do curso escolhido. O in\u00edcio das aulas est\u00e1 previsto para o dia 20\/07\/2023. Informa\u00e7\u00f5es: https:\/\/fundec.edu.br\/tecnico Garanta seu benef\u00edcio [&hellip;]<\/p>\n","protected":false},"author":1,"featured_media":75481,"comment_status":"closed","ping_status":"open","sticky":false,"template":"","format":"standard","meta":{"footnotes":""},"categories":[110,122],"tags":[],"class_list":["post-75480","post","type-post","status-publish","format-standard","has-post-thumbnail","hentry","category-noticiasdestaque","category-saudeeducacaoeconcurso"],"_links":{"self":[{"href":"https:\/\/jorgezanoni.com.br\/2019\/wp-json\/wp\/v2\/posts\/75480","targetHints":{"allow":["GET"]}}],"collection":[{"href":"https:\/\/jorgezanoni.com.br\/2019\/wp-json\/wp\/v2\/posts"}],"about":[{"href":"https:\/\/jorgezanoni.com.br\/2019\/wp-json\/wp\/v2\/types\/post"}],"author":[{"embeddable":true,"href":"https:\/\/jorgezanoni.com.br\/2019\/wp-json\/wp\/v2\/users\/1"}],"replies":[{"embeddable":true,"href":"https:\/\/jorgezanoni.com.br\/2019\/wp-json\/wp\/v2\/comments?post=75480"}],"version-history":[{"count":1,"href":"https:\/\/jorgezanoni.com.br\/2019\/wp-json\/wp\/v2\/posts\/75480\/revisions"}],"predecessor-version":[{"id":75482,"href":"https:\/\/jorgezanoni.com.br\/2019\/wp-json\/wp\/v2\/posts\/75480\/revisions\/75482"}],"wp:featuredmedia":[{"embeddable":true,"href":"https:\/\/jorgezanoni.com.br\/2019\/wp-json\/wp\/v2\/media\/75481"}],"wp:attachment":[{"href":"https:\/\/jorgezanoni.com.br\/2019\/wp-json\/wp\/v2\/media?parent=75480"}],"wp:term":[{"taxonomy":"category","embeddable":true,"href":"https:\/\/jorgezanoni.com.br\/2019\/wp-json\/wp\/v2\/categories?post=75480"},{"taxonomy":"post_tag","embeddable":true,"href":"https:\/\/jorgezanoni.com.br\/2019\/wp-json\/wp\/v2\/tags?post=75480"}],"curies":[{"name":"wp","href":"https:\/\/api.w.org\/{rel}","templated":true}]}}