{"id":75449,"date":"2023-04-28T00:12:33","date_gmt":"2023-04-28T00:12:33","guid":{"rendered":"https:\/\/jorgezanoni.com.br\/2019\/?p=75449"},"modified":"2023-04-28T00:12:33","modified_gmt":"2023-04-28T00:12:33","slug":"apae-dracena-comemora-51-anos-de-atividades","status":"publish","type":"post","link":"https:\/\/jorgezanoni.com.br\/2019\/apae-dracena-comemora-51-anos-de-atividades\/","title":{"rendered":"APAE Dracena comemora 51 anos de atividades"},"content":{"rendered":"<p style=\"text-align: justify;\">Associa\u00e7\u00e3o de Pais e Amigos dos Excepcionais \u2013 Escola de Educa\u00e7\u00e3o Especial \u201cProfessor Leuzi Gardini\u201d APAE de Dracena completa 51 anos de hist\u00f3ria. Atualmente atende aproximadamente 219 alunos\/destinat\u00e1rios com Defici\u00eancia Intelectual, M\u00faltipla e Transtorno do Espectro Autista (TEA) nas \u00e1reas da assist\u00eancia social, educa\u00e7\u00e3o e sa\u00fade. Tem como Presidente Ademir Muniz Lhamas J\u00fanior e tutora a Loja Ma\u00e7\u00f4nica Uni\u00e3o, Justi\u00e7a e Amor.<\/p>\n<p style=\"text-align: justify;\">Nossa miss\u00e3o \u00e9 promover e articular a\u00e7\u00f5es de defesa e garantia de direitos, preven\u00e7\u00e3o, presta\u00e7\u00f5es de servi\u00e7os e apoio \u00e0s fam\u00edlias para a melhoria da qualidade de vida da pessoa com defici\u00eancia Intelectual, M\u00faltipla e Transtorno do Espectro Autista (TEA).<\/p>\n<p style=\"text-align: justify;\">Nesta data especial a APAE agradece toda comunidade local e regional pelo carinho que os parceiros e colaboradores t\u00eam com a causa, verdadeiros Multiplicadores do Bem!<\/p>\n<p><img loading=\"lazy\" decoding=\"async\" class=\"alignnone size-full wp-image-75450\" src=\"https:\/\/jorgezanoni.com.br\/2019\/wp-content\/uploads\/2023\/04\/apae-Pequeno.jpg\" alt=\"\" width=\"640\" height=\"480\" srcset=\"https:\/\/jorgezanoni.com.br\/2019\/wp-content\/uploads\/2023\/04\/apae-Pequeno.jpg 640w, https:\/\/jorgezanoni.com.br\/2019\/wp-content\/uploads\/2023\/04\/apae-Pequeno-300x225.jpg 300w, https:\/\/jorgezanoni.com.br\/2019\/wp-content\/uploads\/2023\/04\/apae-Pequeno-80x60.jpg 80w, https:\/\/jorgezanoni.com.br\/2019\/wp-content\/uploads\/2023\/04\/apae-Pequeno-265x198.jpg 265w, https:\/\/jorgezanoni.com.br\/2019\/wp-content\/uploads\/2023\/04\/apae-Pequeno-560x420.jpg 560w\" sizes=\"auto, (max-width: 640px) 100vw, 640px\" \/> <img loading=\"lazy\" decoding=\"async\" class=\"alignnone size-full wp-image-75451\" src=\"https:\/\/jorgezanoni.com.br\/2019\/wp-content\/uploads\/2023\/04\/apae1-Pequeno.jpg\" alt=\"\" width=\"647\" height=\"480\" srcset=\"https:\/\/jorgezanoni.com.br\/2019\/wp-content\/uploads\/2023\/04\/apae1-Pequeno.jpg 647w, https:\/\/jorgezanoni.com.br\/2019\/wp-content\/uploads\/2023\/04\/apae1-Pequeno-300x223.jpg 300w, https:\/\/jorgezanoni.com.br\/2019\/wp-content\/uploads\/2023\/04\/apae1-Pequeno-80x60.jpg 80w, https:\/\/jorgezanoni.com.br\/2019\/wp-content\/uploads\/2023\/04\/apae1-Pequeno-265x198.jpg 265w, https:\/\/jorgezanoni.com.br\/2019\/wp-content\/uploads\/2023\/04\/apae1-Pequeno-566x420.jpg 566w\" sizes=\"auto, (max-width: 647px) 100vw, 647px\" \/> <img loading=\"lazy\" decoding=\"async\" class=\"alignnone size-full wp-image-75452\" src=\"https:\/\/jorgezanoni.com.br\/2019\/wp-content\/uploads\/2023\/04\/apae3-Pequeno.jpg\" alt=\"\" width=\"642\" height=\"480\" srcset=\"https:\/\/jorgezanoni.com.br\/2019\/wp-content\/uploads\/2023\/04\/apae3-Pequeno.jpg 642w, https:\/\/jorgezanoni.com.br\/2019\/wp-content\/uploads\/2023\/04\/apae3-Pequeno-300x224.jpg 300w, https:\/\/jorgezanoni.com.br\/2019\/wp-content\/uploads\/2023\/04\/apae3-Pequeno-80x60.jpg 80w, https:\/\/jorgezanoni.com.br\/2019\/wp-content\/uploads\/2023\/04\/apae3-Pequeno-265x198.jpg 265w, https:\/\/jorgezanoni.com.br\/2019\/wp-content\/uploads\/2023\/04\/apae3-Pequeno-562x420.jpg 562w\" sizes=\"auto, (max-width: 642px) 100vw, 642px\" \/><\/p>\n<p style=\"text-align: justify;\">APAE DRACENA CONSTRUINDO UMA HIST\u00d3RIA DE IGUALDADE E OPORTUNIDADE PARA TODOS!<\/p>\n<p style=\"text-align: justify;\">\n<p style=\"text-align: justify;\">\n","protected":false},"excerpt":{"rendered":"<p>Associa\u00e7\u00e3o de Pais e Amigos dos Excepcionais \u2013 Escola de Educa\u00e7\u00e3o Especial \u201cProfessor Leuzi Gardini\u201d APAE de Dracena completa 51 anos de hist\u00f3ria. Atualmente atende aproximadamente 219 alunos\/destinat\u00e1rios com Defici\u00eancia Intelectual, M\u00faltipla e Transtorno do Espectro Autista (TEA) nas \u00e1reas da assist\u00eancia social, educa\u00e7\u00e3o e sa\u00fade. Tem como Presidente Ademir Muniz Lhamas J\u00fanior e tutora [&hellip;]<\/p>\n","protected":false},"author":1,"featured_media":75453,"comment_status":"closed","ping_status":"open","sticky":false,"template":"","format":"standard","meta":{"footnotes":""},"categories":[179,184,110],"tags":[],"class_list":["post-75449","post","type-post","status-publish","format-standard","has-post-thumbnail","hentry","category-cidadeseregiao","category-dracena","category-noticiasdestaque"],"_links":{"self":[{"href":"https:\/\/jorgezanoni.com.br\/2019\/wp-json\/wp\/v2\/posts\/75449","targetHints":{"allow":["GET"]}}],"collection":[{"href":"https:\/\/jorgezanoni.com.br\/2019\/wp-json\/wp\/v2\/posts"}],"about":[{"href":"https:\/\/jorgezanoni.com.br\/2019\/wp-json\/wp\/v2\/types\/post"}],"author":[{"embeddable":true,"href":"https:\/\/jorgezanoni.com.br\/2019\/wp-json\/wp\/v2\/users\/1"}],"replies":[{"embeddable":true,"href":"https:\/\/jorgezanoni.com.br\/2019\/wp-json\/wp\/v2\/comments?post=75449"}],"version-history":[{"count":1,"href":"https:\/\/jorgezanoni.com.br\/2019\/wp-json\/wp\/v2\/posts\/75449\/revisions"}],"predecessor-version":[{"id":75454,"href":"https:\/\/jorgezanoni.com.br\/2019\/wp-json\/wp\/v2\/posts\/75449\/revisions\/75454"}],"wp:featuredmedia":[{"embeddable":true,"href":"https:\/\/jorgezanoni.com.br\/2019\/wp-json\/wp\/v2\/media\/75453"}],"wp:attachment":[{"href":"https:\/\/jorgezanoni.com.br\/2019\/wp-json\/wp\/v2\/media?parent=75449"}],"wp:term":[{"taxonomy":"category","embeddable":true,"href":"https:\/\/jorgezanoni.com.br\/2019\/wp-json\/wp\/v2\/categories?post=75449"},{"taxonomy":"post_tag","embeddable":true,"href":"https:\/\/jorgezanoni.com.br\/2019\/wp-json\/wp\/v2\/tags?post=75449"}],"curies":[{"name":"wp","href":"https:\/\/api.w.org\/{rel}","templated":true}]}}