{"id":75445,"date":"2023-04-27T23:41:19","date_gmt":"2023-04-27T23:41:19","guid":{"rendered":"https:\/\/jorgezanoni.com.br\/2019\/?p=75445"},"modified":"2023-04-27T23:41:19","modified_gmt":"2023-04-27T23:41:19","slug":"transtorno-de-personalidade-esquiva-o-que-e-causas-e-tratamento-por-cidinha-pascoaloto","status":"publish","type":"post","link":"https:\/\/jorgezanoni.com.br\/2019\/transtorno-de-personalidade-esquiva-o-que-e-causas-e-tratamento-por-cidinha-pascoaloto\/","title":{"rendered":"Transtorno de personalidade esquiva: o que \u00e9, causas e tratamento (por Cidinha Pascoaloto)"},"content":{"rendered":"<p><strong>O que \u00e9 uma pessoa esquiva?<\/strong><\/p>\n<p style=\"text-align: justify;\">O\u00a0Transtorno de Personalidade esquiva \u00e9\u00a0\u00a0 caracterizado por\u00a0 padr\u00f5es de isolamento, inibi\u00e7\u00e3o social e sentimental e muita timidez. A timidez \u00e9 um dos principais sintomas do transtorno. Os indiv\u00edduos que tenham o transtorno sentem dificuldades em estar em lugares onde h\u00e1 muitas pessoas, acham que poder\u00e3o se sentir constrangidos, rejeitados, contrariados, avaliados ou at\u00e9 mesmo julgados.<\/p>\n<p style=\"text-align: justify;\">A pessoa com esse transtorno pode experimentar grande sofrimento, por serem sens\u00edveis as cr\u00edticas e \u00e0s frustra\u00e7\u00f5es. S\u00e3o reservados em relacionamentos \u00edntimos, se acham pessoas desinteressantes e socialmente inferiores e sem atrativos pessoais. Evitam se relacionar no trabalho e socialmente, podem at\u00e9 recusar uma promo\u00e7\u00e3o no trabalho com receio que os colegas de trabalho poder\u00e3o fazer cr\u00edticas.<\/p>\n<p style=\"text-align: justify;\">\u00a0Esse transtorno surge durante a \u00a0\u00a0idade adulta, mas na inf\u00e2ncia \u00e9 poss\u00edvel perceber alguns sinais do transtorno.<\/p>\n<p style=\"text-align: justify;\">\u00a0Acomete homens e mulheres na mesma propor\u00e7\u00e3o. A causa exata ainda n\u00e3o \u00e9 conhecida. Os fatores gen\u00e9ticos e ambientais tamb\u00e9m podem contribuir para o desenvolvimento do transtorno de personalidade esquiva. Crian\u00e7as que sofreram viol\u00eancia, rejei\u00e7\u00e3o e marginaliza\u00e7\u00e3o na inf\u00e2ncia poder\u00e3o desenvolver o transtorno.<\/p>\n<p style=\"text-align: justify;\">Os pacientes com o transtorno de esquiva podem ter depress\u00e3o maior, transtorno de despersonaliza\u00e7\u00e3o, altera\u00e7\u00f5es na produ\u00e7\u00e3o de horm\u00f4nios, transtornos de ansiedade, TOC, fobia social, distimia, s\u00edndrome do p\u00e2nico e outros transtornos de personalidades.<\/p>\n<p style=\"text-align: justify;\">\u00a0Um dos tratamentos indicados para o transtorno de personalidade esquiva \u00e9 a terapia comportamental. Em alguns casos, \u00e9 importante buscar o tratamento psiqui\u00e1trico.<\/p>\n<p style=\"text-align: justify;\">Podemos destacar que o transtorno de personalidade esquiva n\u00e3o tem cura, mas existem tratamentos eficazes no controle dos sintomas.<\/p>\n<p style=\"text-align: justify;\">Se voc\u00ea identificou algum desses sintomas em seu comportamento ou conhece algu\u00e9m assim, procure ajuda de um profissional da \u00e1rea da sa\u00fade mental.<\/p>\n<p style=\"text-align: justify;\"><img loading=\"lazy\" decoding=\"async\" class=\"alignnone size-full wp-image-75446\" src=\"https:\/\/jorgezanoni.com.br\/2019\/wp-content\/uploads\/2023\/04\/Cidinha-Pascoaloto-2.jpg\" alt=\"\" width=\"500\" height=\"755\" srcset=\"https:\/\/jorgezanoni.com.br\/2019\/wp-content\/uploads\/2023\/04\/Cidinha-Pascoaloto-2.jpg 500w, https:\/\/jorgezanoni.com.br\/2019\/wp-content\/uploads\/2023\/04\/Cidinha-Pascoaloto-2-199x300.jpg 199w, https:\/\/jorgezanoni.com.br\/2019\/wp-content\/uploads\/2023\/04\/Cidinha-Pascoaloto-2-278x420.jpg 278w\" sizes=\"auto, (max-width: 500px) 100vw, 500px\" \/>Cidinha Pascoaloto-Psic\u00f3loga-CRP 06\/158174. Presencial e online, contato: (18) 99725-6418<\/p>\n<p>&nbsp;<\/p>\n<p>&nbsp;<\/p>\n<p>&nbsp;<\/p>\n","protected":false},"excerpt":{"rendered":"<p>O que \u00e9 uma pessoa esquiva? O\u00a0Transtorno de Personalidade esquiva \u00e9\u00a0\u00a0 caracterizado por\u00a0 padr\u00f5es de isolamento, inibi\u00e7\u00e3o social e sentimental e muita timidez. A timidez \u00e9 um dos principais sintomas do transtorno. Os indiv\u00edduos que tenham o transtorno sentem dificuldades em estar em lugares onde h\u00e1 muitas pessoas, acham que poder\u00e3o se sentir constrangidos, rejeitados, [&hellip;]<\/p>\n","protected":false},"author":1,"featured_media":75447,"comment_status":"closed","ping_status":"open","sticky":false,"template":"","format":"standard","meta":{"footnotes":""},"categories":[175],"tags":[],"class_list":["post-75445","post","type-post","status-publish","format-standard","has-post-thumbnail","hentry","category-artigos"],"_links":{"self":[{"href":"https:\/\/jorgezanoni.com.br\/2019\/wp-json\/wp\/v2\/posts\/75445","targetHints":{"allow":["GET"]}}],"collection":[{"href":"https:\/\/jorgezanoni.com.br\/2019\/wp-json\/wp\/v2\/posts"}],"about":[{"href":"https:\/\/jorgezanoni.com.br\/2019\/wp-json\/wp\/v2\/types\/post"}],"author":[{"embeddable":true,"href":"https:\/\/jorgezanoni.com.br\/2019\/wp-json\/wp\/v2\/users\/1"}],"replies":[{"embeddable":true,"href":"https:\/\/jorgezanoni.com.br\/2019\/wp-json\/wp\/v2\/comments?post=75445"}],"version-history":[{"count":1,"href":"https:\/\/jorgezanoni.com.br\/2019\/wp-json\/wp\/v2\/posts\/75445\/revisions"}],"predecessor-version":[{"id":75448,"href":"https:\/\/jorgezanoni.com.br\/2019\/wp-json\/wp\/v2\/posts\/75445\/revisions\/75448"}],"wp:featuredmedia":[{"embeddable":true,"href":"https:\/\/jorgezanoni.com.br\/2019\/wp-json\/wp\/v2\/media\/75447"}],"wp:attachment":[{"href":"https:\/\/jorgezanoni.com.br\/2019\/wp-json\/wp\/v2\/media?parent=75445"}],"wp:term":[{"taxonomy":"category","embeddable":true,"href":"https:\/\/jorgezanoni.com.br\/2019\/wp-json\/wp\/v2\/categories?post=75445"},{"taxonomy":"post_tag","embeddable":true,"href":"https:\/\/jorgezanoni.com.br\/2019\/wp-json\/wp\/v2\/tags?post=75445"}],"curies":[{"name":"wp","href":"https:\/\/api.w.org\/{rel}","templated":true}]}}