{"id":75391,"date":"2023-04-26T15:46:40","date_gmt":"2023-04-26T15:46:40","guid":{"rendered":"https:\/\/jorgezanoni.com.br\/2019\/?p=75391"},"modified":"2023-04-26T15:46:40","modified_gmt":"2023-04-26T15:46:40","slug":"super-summit-sicredi-reune-mil-pessoas-para-debater-liderancas-plurais","status":"publish","type":"post","link":"https:\/\/jorgezanoni.com.br\/2019\/super-summit-sicredi-reune-mil-pessoas-para-debater-liderancas-plurais\/","title":{"rendered":"Super Summit Sicredi re\u00fane mil pessoas para debater lideran\u00e7as plurais"},"content":{"rendered":"<p style=\"text-align: justify;\" align=\"center\"><i>Evento realizado em Foz do Igua\u00e7u (PR) emocionou jovens e mulheres com hist\u00f3rias reais de equidade e inclus\u00e3o nas Institui\u00e7\u00f5es Financeiras Cooperativas; Conselho Mundial das Cooperativas de Cr\u00e9dito (WOCCU) e comitivas internacionais marcaram presen\u00e7a.<\/i><\/p>\n<p style=\"text-align: justify;\">Com o objetivo de reunir e compartilhar as experi\u00eancias dos integrantes dos Comit\u00eas Jovem e Mulher, o Sicredi realizou nos dias 17 e 18 de abril o Super Summit. O encontro promovido pela Central Sicredi PR\/SP\/RJ reuniu cerca de 1,2 mil l\u00edderes nas institui\u00e7\u00f5es financeiras cooperativas dos estados do Paran\u00e1, S\u00e3o Paulo e Rio de Janeiro. A iniciativa \u00e9 voltada aos integrantes dos Comit\u00eas Jovem e Mulher, movimentos que t\u00eam contribu\u00eddo para o fortalecimento de uma governan\u00e7a mais diversa, especialmente com a presen\u00e7a de lideran\u00e7as femininas e das novas gera\u00e7\u00f5es no dia a dia das cooperativas de cr\u00e9dito e investimento.<\/p>\n<p style=\"text-align: justify;\">O Super Summit foi aberto com um show de dan\u00e7a em alus\u00e3o \u00e0 for\u00e7a das \u00e1guas &#8211; celebrando a grande foz do Rio Igua\u00e7u. Em seguida, aconteceu o desfile das bandeiras dos 14 pa\u00edses representados no evento, carregadas por jovens que participam do Programa A Uni\u00e3o Faz a Vida (PUFV) &#8211; principal iniciativa\u00a0 de responsabilidade social do Sicredi &#8211; e as falas do presidente da Central Sicredi PR\/SP\/RJ, Manfred Dasenbrock, e do presidente da Sicredi Vanguarda PR\/SP\/RJ, Aldo Dagostim. Al\u00e9m deles, a\u00a0<em>chair<\/em>\u00a0do WOCCU (Conselho Mundial das Cooperativas de Cr\u00e9dito), Diana Dykstra, tamb\u00e9m discursou sobre a for\u00e7a das cooperativas brasileiras.<\/p>\n<p style=\"text-align: justify;\">Logo na abertura, um dos momentos mais emocionantes do encontro: um v\u00eddeo em homenagem a Adriana Concei\u00e7\u00e3o Barros M\u00eaes, uma mulher apaixonada pela vida e pela coopera\u00e7\u00e3o, que faleceu em 2021 em decorr\u00eancia de complica\u00e7\u00f5es causadas pela Covid-19. Todos os participantes receberam um livro com a biografia da executiva, que trabalhava na Sicredi Fronteiras PR\/SC\/SP, mas que inspirou muita gente em seus 51 anos de vida.<\/p>\n<p style=\"text-align: justify;\">A primeira palestra do dia foi da CEO do WOCCU e presidente da Funda\u00e7\u00e3o WOCCU (Conselho Mundial das Cooperativas de Cr\u00e9dito), Elissa McCarter LaBorde, que falou sobre a for\u00e7a da coopera\u00e7\u00e3o e do &#8220;dom&#8221; do setor ao reunir milh\u00f5es de pessoas de diferentes culturas em prol de um bem comum: ajudar ao pr\u00f3ximo. A executiva tamb\u00e9m abordou a energia do Brasil e do quanto o Pa\u00eds representa no cen\u00e1rio global do cooperativismo de cr\u00e9dito. &#8220;Voc\u00eas, mulheres e jovens, inspiram pessoas de todo o mundo com suas iniciativas e projetos realizados, a partir dos Comit\u00eas Jovem e Mulher. E essa for\u00e7a pode fazer algo sobre muitos dos desafios sufocantes e desigualdades que enfrentamos no mundo&#8221;, destacou.<\/p>\n<p style=\"text-align: justify;\">Ap\u00f3s a explana\u00e7\u00e3o de Elissa, a representante do Sicredi na\u00a0<em>Sister Society<\/em>\u00a0da Rede Global de Mulheres L\u00edderes (GWLN), Gisele Gomes, debateu com a CEO do WOCCU os principais desafios das mulheres no mundo corporativo &#8211; principalmente o de conciliar as atividades profissionais com as pessoas, como buscar as crian\u00e7as na escola, honrar os compromissos familiares, manter uma vida social ativa. &#8220;Sou casada, tenho tr\u00eas filhos e digo que \u00e9 quase imposs\u00edvel alcan\u00e7ar um &#8216;<em>work life balance<\/em>&#8216; perfeito. Tento fazer o meu melhor para equilibrar tudo isso e ainda conseguir me exercitar, cuidar da mente e alcan\u00e7ar bons resultados. Isso s\u00f3 \u00e9 poss\u00edvel com muita dedica\u00e7\u00e3o e disciplina, mas, ao mesmo tempo, sabendo que n\u00e3o somos perfeitos e que devemos aproveitar as oportunidades do hoje, pois o tempo passa muito r\u00e1pido&#8221;, argumentou.<\/p>\n<p style=\"text-align: justify;\">Tamb\u00e9m no primeiro dia de evento, aconteceu a palestra de encerramento no palco principal, na Sala Grande Foz, com o especialista em inova\u00e7\u00e3o Arthur Igreja. Para ele, as pessoas n\u00e3o v\u00e3o perder sua import\u00e2ncia com a chegada de novas tecnologias, com a intelig\u00eancia artificial. &#8220;O atendimento presencial ainda \u00e9 essencial, por mais solu\u00e7\u00f5es inovadoras que surjam&#8221;, alertou. O especialista trouxe in\u00fameros exemplos de uso da tecnologia atrelada ao fator humano, refor\u00e7ando a import\u00e2ncia das experi\u00eancias. &#8220;Seria o mesmo que as pessoas aqui do evento participassem de forma on-line com uso de \u00f3culos virtual. N\u00e3o seria a mesma coisa. Nenhuma tecnologia vai substituir o presencial&#8221;, ressaltou Arthur, que completou: &#8220;O ChatGPT, por exemplo, pode ser utilizado para dar subs\u00eddio para atender um cliente, com dados atualizados sobre investimentos. Mas n\u00e3o vai resolver o problema de ponta a ponta.<\/p>\n<p style=\"text-align: justify;\">Na abertura do segundo dia, foi realizada mais uma apresenta\u00e7\u00e3o de dan\u00e7a tendo a \u00e1gua como cen\u00e1rio. &#8220;Sentimos a energia positiva dos participantes e ajudamos a inspirar as mulheres e jovens presentes ao Super Summit. \u00c9 um sentimento de miss\u00e3o cumprida&#8221;, disse Manfred Dasenbrock, representante brasileiro no WOCCU.<\/p>\n<p style=\"text-align: justify;\">O empreendedor social Daniel Paix\u00e3o, que pelo projeto\u00a0<em>Fruto de Favela<\/em>\u00a0representa a juventude brasileira na ONU, abriu sua palestra com um cordel &#8211; manifesta\u00e7\u00e3o da cultura popular brasileira que teve origem no Nordeste, sua terra natal. A iniciativa encabe\u00e7ada por ele impacta milhares de crian\u00e7as e jovens, abrindo oportunidades de gera\u00e7\u00e3o de renda. &#8220;Por meio do\u00a0<em>Fruto de Favela<\/em>\u00a0afastamos essas j\u00f3ias das drogas e da criminalidade. Estamos criando novos l\u00edderes e ajudando a mudar o mundo, assim como faz o cooperativismo&#8221;, destacou.<\/p>\n<p style=\"text-align: justify;\">A empreendedora Sandra Chemin fez a palestra de encerramento do Super Summit Sicredi compartilhando sua experi\u00eancia de atravessar o mundo e estabelecer resid\u00eancia na Nova Zel\u00e2ndia. Durante a expedi\u00e7\u00e3o pelo mar, ela criou suas filhas e aprendeu a empreender em rede &#8211; o que rendeu o livro &#8220;<em>Better Work Together<\/em>&#8220;. Para ela, trabalhar em equipe \u00e9 sempre melhor: &#8220;o que o Sicredi faz \u00e9 exatamente o que acredito. Porque o poder da coopera\u00e7\u00e3o, da colabora\u00e7\u00e3o do fazer juntos \u00e9 o que pode mudar o mundo. E essas mudan\u00e7as n\u00e3o v\u00e3o parar de acontecer&#8221;.<\/p>\n<p style=\"text-align: justify;\"><strong>ESPA\u00c7OS TEM\u00c1TICOS<\/strong><\/p>\n<p style=\"text-align: justify;\">Al\u00e9m do ambiente central do evento, o Super Summit convidou os participantes a uma experi\u00eancia imersiva pelas for\u00e7as da natureza, inspirando um movimento de lideran\u00e7a baseado na diversidade e na sustentabilidade. Foram criadas quatro \u00e1reas tem\u00e1ticas, entre elas o Espa\u00e7o Energia, dedicado ao empreendedorismo jovem e feminino e que teve como convidados diversos profissionais de destaque, como a co-fundadora e diretora-executiva da Alian\u00e7a Empreendedora, Lina Useche, e o co-fundador da Escola de Criatividade, Jean Sigel.<\/p>\n<p style=\"text-align: justify;\">O Espa\u00e7o Vida foi palco de discuss\u00f5es sobre o cuidado com o meio ambiente e teve a participa\u00e7\u00e3o da idealizadora da plataforma de educa\u00e7\u00e3o ambiental\u00a0<em>Menos 1 Lixo<\/em>\u00a0e defensora da ONU Meio Ambiente pela campanha\u00a0<em>Mares Limpo<\/em>s, F\u00ea Cortez. J\u00e1 o Espa\u00e7o Diversidade fez refer\u00eancia \u00e0 variedade de esp\u00e9cies e \u00e0 exuber\u00e2ncia da Mata Atl\u00e2ntica, e teve como tema a inclus\u00e3o, diversidade e equidade. E, para fomentar a discuss\u00e3o sobre etarismo e g\u00eanero no espa\u00e7o, os participantes puderam assistir \u00e0 palestra da comunicadora e escritora, Cris P\u00e0z.<\/p>\n<p style=\"text-align: justify;\">No Espa\u00e7o Caminhos, o tema principal foi a governan\u00e7a com a participa\u00e7\u00e3o de lideran\u00e7as como a diretora do Programa Global Women&#8217;s Leadership Network (GWLN), do Conselho Mundial das Cooperativas de Cr\u00e9dito, Eleni Giakoumopoulos, e do diretor-executivo da Central Sicredi PR\/SP\/RJ, Maroan Tohm\u00e9. Tamb\u00e9m participaram dos momentos de reflex\u00e3o e conhecimento o diretor do Programa de jovens (WYCUP) do WOCCU, Thomas Belekevich, a embaixadora do Rede Global de Mulheres L\u00edderes (GWLN) no Brasil, Gisele Gomes, e a secret\u00e1ria executiva da Central Sicredi PR\/SP\/RJ, Suzane Almeida, al\u00e9m de representantes das cooperativas, que compartilharam seus cases de sucesso.<\/p>\n<p style=\"text-align: justify;\"><em><b>Sobre o Sicredi<\/b><\/em><\/p>\n<p class=\"v1MsoNormal\" style=\"text-align: justify;\"><i>O Sicredi \u00e9 uma institui\u00e7\u00e3o financeira cooperativa comprometida com o crescimento de seus associados e com o desenvolvimento das regi\u00f5es onde atua. Possui um modelo de gest\u00e3o que valoriza a participa\u00e7\u00e3o dos mais de 6 milh\u00f5es de associados, que exercem o papel de donos do neg\u00f3cio. Com mais de 2.400 ag\u00eancias, o Sicredi est\u00e1 presente fisicamente em todos os estados brasileiros e no Distrito Federal, disponibilizando mais de 300 produtos e servi\u00e7os financeiros.<\/i><\/p>\n<p class=\"v1MsoNormal\" style=\"text-align: justify;\"><b><i>Site do Sicredi:\u00a0<a href=\"http:\/\/www.sicredi.com.br\/\" target=\"_blank\" rel=\"noopener noreferrer\">www.sicredi.com.br<\/a><\/i><\/b><\/p>\n<p class=\"v1MsoNormal\" style=\"text-align: justify;\"><b><i>Redes Sociais:\u00a0<\/i><\/b><em><b><u><span lang=\"EN-US\"><a href=\"http:\/\/www.facebook.com\/sicredicentrooestepaulista\" target=\"_blank\" rel=\"noopener noreferrer\"><i><span lang=\"PT-BR\">Facebook<\/span><\/i><\/a><\/span><\/u><\/b><\/em><em>\u00a0|<\/em>\u00a0<em><b><u><span lang=\"EN-US\"><a href=\"https:\/\/www.linkedin.com\/company\/sicredi-centro-oeste-paulista\/\" target=\"_blank\" rel=\"noopener noreferrer\"><i><span lang=\"PT-BR\">LinkedIn<\/span><\/i><\/a><\/span><\/u><\/b><\/em><em>\u00a0|<\/em>\u00a0<em><b><u><span lang=\"EN-US\"><a href=\"http:\/\/www.youtube.com\/sicredicentrooestepaulista\" target=\"_blank\" rel=\"noopener noreferrer\"><i><span lang=\"PT-BR\">YouTube<\/span><\/i><\/a><\/span><\/u><\/b><\/em><span lang=\"EN-US\">\u00a0<\/span><em>|\u00a0<\/em><em><b><u><span lang=\"EN-US\"><a href=\"http:\/\/www.instagram.com\/sicredicentrooestepaulista\" target=\"_blank\" rel=\"noopener noreferrer\"><i><span lang=\"PT-BR\">Instagram<\/span><\/i><\/a><\/span><\/u><\/b><\/em><\/p>\n<p class=\"v1MsoNormal\" style=\"text-align: justify;\">_____________________________________<\/p>\n<p class=\"v1MsoNormal\" style=\"text-align: justify;\">Fonte: Comunica\u00e7\u00e3o e Marketing<\/p>\n","protected":false},"excerpt":{"rendered":"<p>Evento realizado em Foz do Igua\u00e7u (PR) emocionou jovens e mulheres com hist\u00f3rias reais de equidade e inclus\u00e3o nas Institui\u00e7\u00f5es Financeiras Cooperativas; Conselho Mundial das Cooperativas de Cr\u00e9dito (WOCCU) e comitivas internacionais marcaram presen\u00e7a. Com o objetivo de reunir e compartilhar as experi\u00eancias dos integrantes dos Comit\u00eas Jovem e Mulher, o Sicredi realizou nos dias [&hellip;]<\/p>\n","protected":false},"author":1,"featured_media":75392,"comment_status":"closed","ping_status":"open","sticky":false,"template":"","format":"standard","meta":{"footnotes":""},"categories":[110,116],"tags":[],"class_list":["post-75391","post","type-post","status-publish","format-standard","has-post-thumbnail","hentry","category-noticiasdestaque","category-politicaeeconomia"],"_links":{"self":[{"href":"https:\/\/jorgezanoni.com.br\/2019\/wp-json\/wp\/v2\/posts\/75391","targetHints":{"allow":["GET"]}}],"collection":[{"href":"https:\/\/jorgezanoni.com.br\/2019\/wp-json\/wp\/v2\/posts"}],"about":[{"href":"https:\/\/jorgezanoni.com.br\/2019\/wp-json\/wp\/v2\/types\/post"}],"author":[{"embeddable":true,"href":"https:\/\/jorgezanoni.com.br\/2019\/wp-json\/wp\/v2\/users\/1"}],"replies":[{"embeddable":true,"href":"https:\/\/jorgezanoni.com.br\/2019\/wp-json\/wp\/v2\/comments?post=75391"}],"version-history":[{"count":1,"href":"https:\/\/jorgezanoni.com.br\/2019\/wp-json\/wp\/v2\/posts\/75391\/revisions"}],"predecessor-version":[{"id":75393,"href":"https:\/\/jorgezanoni.com.br\/2019\/wp-json\/wp\/v2\/posts\/75391\/revisions\/75393"}],"wp:featuredmedia":[{"embeddable":true,"href":"https:\/\/jorgezanoni.com.br\/2019\/wp-json\/wp\/v2\/media\/75392"}],"wp:attachment":[{"href":"https:\/\/jorgezanoni.com.br\/2019\/wp-json\/wp\/v2\/media?parent=75391"}],"wp:term":[{"taxonomy":"category","embeddable":true,"href":"https:\/\/jorgezanoni.com.br\/2019\/wp-json\/wp\/v2\/categories?post=75391"},{"taxonomy":"post_tag","embeddable":true,"href":"https:\/\/jorgezanoni.com.br\/2019\/wp-json\/wp\/v2\/tags?post=75391"}],"curies":[{"name":"wp","href":"https:\/\/api.w.org\/{rel}","templated":true}]}}