{"id":7538,"date":"2019-09-28T23:01:40","date_gmt":"2019-09-28T23:01:40","guid":{"rendered":"https:\/\/jorgezanoni.com.br\/2019\/?p=7538"},"modified":"2019-09-28T23:02:32","modified_gmt":"2019-09-28T23:02:32","slug":"vlts-trens-batem-de-frente-e-deixam-37-feridos-em-fortaleza","status":"publish","type":"post","link":"https:\/\/jorgezanoni.com.br\/2019\/vlts-trens-batem-de-frente-e-deixam-37-feridos-em-fortaleza\/","title":{"rendered":"VLTs (Trens) batem de frente e deixam 37 feridos em Fortaleza"},"content":{"rendered":"<h2 class=\"content-head__subtitle\" style=\"text-align: justify;\"><strong>O acidente ocorreu sobre os trilhos da Avenida Aguanambi.<\/strong><\/h2>\n<p style=\"text-align: justify;\">Duas composi\u00e7\u00f5es do Ve\u00edculo Leve sobre Trilhos (VLT) colidiram de frente por volta das 11h45 deste s\u00e1bado (28), em Fortaleza. O acidente ocorreu nos trilhos sobre o cruzamento da Rua Bartolomeu Gusm\u00e3o com Avenida Aguanambi. Conforme o G1 apurou, pelo menos 37 pessoas ficaram feridas, sendo duas em estado grave e sete em estado intermedi\u00e1rio.<\/p>\n<p><img loading=\"lazy\" decoding=\"async\" class=\"alignnone size-full wp-image-7539\" src=\"https:\/\/jorgezanoni.com.br\/2019\/wp-content\/uploads\/2019\/09\/trens.jpg\" alt=\"\" width=\"1000\" height=\"563\" srcset=\"https:\/\/jorgezanoni.com.br\/2019\/wp-content\/uploads\/2019\/09\/trens.jpg 1000w, https:\/\/jorgezanoni.com.br\/2019\/wp-content\/uploads\/2019\/09\/trens-300x169.jpg 300w, https:\/\/jorgezanoni.com.br\/2019\/wp-content\/uploads\/2019\/09\/trens-768x432.jpg 768w, https:\/\/jorgezanoni.com.br\/2019\/wp-content\/uploads\/2019\/09\/trens-696x392.jpg 696w, https:\/\/jorgezanoni.com.br\/2019\/wp-content\/uploads\/2019\/09\/trens-746x420.jpg 746w\" sizes=\"auto, (max-width: 1000px) 100vw, 1000px\" \/><\/p>\n<div class=\"row medium-uncollapsed content-media content-photo\" data-block-type=\"backstage-photo\" data-block-id=\"3\">\n<div class=\"mc-column content-media__container\">\n<p class=\"content-media__description \" style=\"text-align: justify;\">Dois VLTs colidem e deixam feridos, em Fortaleza. \u2014 Foto: Arquivo pessoal<\/p>\n<\/div>\n<\/div>\n<div class=\"mc-column content-text active-extra-styles \" style=\"text-align: justify;\" data-block-type=\"unstyled\" data-block-weight=\"30\" data-block-id=\"4\">\n<p class=\"content-text__container \" data-track-category=\"Link no Texto\" data-track-links=\"\">Os maquinistas dos dois VLTs ficaram presos nas ferragens. Os dois funcion\u00e1rios foram retirados do vag\u00e3o com a ajuda do Corpo de Bombeiros, com ferimentos principalmente nos membros inferiores.<\/p>\n<\/div>\n<div class=\"mc-column content-text active-extra-styles \" data-block-type=\"unstyled\" data-block-weight=\"25\" data-block-id=\"5\">\n<p class=\"content-text__container \" style=\"text-align: justify;\" data-track-category=\"Link no Texto\" data-track-links=\"\">Os feridos foram encaminhados para diversos hospitais e unidades de Fortaleza, como o Instituto Dr. Jos\u00e9 Frota (IJF), Frotinha e Unidades de Pronto Atendimento (Upas).<\/p>\n<p data-track-category=\"Link no Texto\" data-track-links=\"\"><img loading=\"lazy\" decoding=\"async\" class=\"alignnone size-full wp-image-7540\" src=\"https:\/\/jorgezanoni.com.br\/2019\/wp-content\/uploads\/2019\/09\/trens1.jpg\" alt=\"\" width=\"1000\" height=\"563\" srcset=\"https:\/\/jorgezanoni.com.br\/2019\/wp-content\/uploads\/2019\/09\/trens1.jpg 1000w, https:\/\/jorgezanoni.com.br\/2019\/wp-content\/uploads\/2019\/09\/trens1-300x169.jpg 300w, https:\/\/jorgezanoni.com.br\/2019\/wp-content\/uploads\/2019\/09\/trens1-768x432.jpg 768w, https:\/\/jorgezanoni.com.br\/2019\/wp-content\/uploads\/2019\/09\/trens1-696x392.jpg 696w, https:\/\/jorgezanoni.com.br\/2019\/wp-content\/uploads\/2019\/09\/trens1-746x420.jpg 746w\" sizes=\"auto, (max-width: 1000px) 100vw, 1000px\" \/><\/p>\n<div class=\"row medium-uncollapsed content-media content-photo\" data-block-type=\"backstage-photo\" data-block-id=\"7\">\n<div class=\"mc-column content-media__container\">\n<p class=\"content-media__description \" style=\"text-align: justify;\">Primeiro maquinista foi retirado das ferragens do VLT de Fortaleza \u00e0s 12h51, com ajuda dos bombeiros. \u2014 Foto: Jo\u00e3o Ferreira Lima Neto<\/p>\n<\/div>\n<\/div>\n<div class=\"mc-column content-text active-extra-styles\" style=\"text-align: justify;\" data-block-type=\"raw\" data-block-weight=\"5\" data-block-id=\"8\">\n<div class=\"content-intertitle\">\n<h2>&#8216;Parecia uma explos\u00e3o&#8217;, disse passageiro<\/h2>\n<\/div>\n<\/div>\n<div class=\"mc-column content-text active-extra-styles \" style=\"text-align: justify;\" data-block-type=\"unstyled\" data-block-weight=\"75\" data-block-id=\"9\">\n<p class=\"content-text__container \" data-track-category=\"Link no Texto\" data-track-links=\"\">O estudante de enfermagem Jo\u00e3o Vitor de Sousa, de 20 anos, estava em um dos VLTs e teve a orelha ferida durante a colis\u00e3o. &#8220;Parecia uma explos\u00e3o. Foi um choque muito forte e todo mundo foi arremessado pra frente. Eu bati a orelha e est\u00e1 cortada aqui, mas teve gente que saiu de colar cervical, imobilizado. Na hora a gente n\u00e3o conseguia abrir as portas e tinha muita poeira. Comecei a me desesperar&#8221;, relata.<\/p>\n<\/div>\n<div class=\"mc-column content-text active-extra-styles \" style=\"text-align: justify;\" data-block-type=\"unstyled\" data-block-weight=\"30\" data-block-id=\"10\">\n<p class=\"content-text__container \" data-track-category=\"Link no Texto\" data-track-links=\"\">O estudante disse ainda que, quando conseguiram sair, os passageiros foram orientados pelos bombeiros a se afastarem das composi\u00e7\u00f5es, j\u00e1 que havia vazamento de combust\u00edvel e possibilidade de inc\u00eandio.<\/p>\n<\/div>\n<div data-track-category=\"multicontent\" data-track-action=\"ultimo chunk conteudo\" data-track-noninteraction=\"false\" data-track-scroll=\"view\">\n<div class=\"mc-column content-text active-extra-styles \" data-block-type=\"unstyled\" data-block-weight=\"25\" data-block-id=\"11\">\n<p class=\"content-text__container \" style=\"text-align: justify;\" data-track-category=\"Link no Texto\" data-track-links=\"\">A Companhia Cearense de Transportes Metropolitanos (Metrofor) afirma que est\u00e1 dando todo o suporte \u00e0s v\u00edtimas do acidente e vai apurar as causas do acidente.<\/p>\n<p style=\"text-align: justify;\" data-track-category=\"Link no Texto\" data-track-links=\"\">Fonte: G1<\/p>\n<\/div>\n<\/div>\n<\/div>\n","protected":false},"excerpt":{"rendered":"<p>O acidente ocorreu sobre os trilhos da Avenida Aguanambi. Duas composi\u00e7\u00f5es do Ve\u00edculo Leve sobre Trilhos (VLT) colidiram de frente por volta das 11h45 deste s\u00e1bado (28), em Fortaleza. O acidente ocorreu nos trilhos sobre o cruzamento da Rua Bartolomeu Gusm\u00e3o com Avenida Aguanambi. Conforme o G1 apurou, pelo menos 37 pessoas ficaram feridas, sendo [&hellip;]<\/p>\n","protected":false},"author":1,"featured_media":7539,"comment_status":"closed","ping_status":"open","sticky":false,"template":"","format":"standard","meta":{"footnotes":""},"categories":[170,110],"tags":[],"class_list":["post-7538","post","type-post","status-publish","format-standard","has-post-thumbnail","hentry","category-acidentes","category-noticiasdestaque"],"_links":{"self":[{"href":"https:\/\/jorgezanoni.com.br\/2019\/wp-json\/wp\/v2\/posts\/7538","targetHints":{"allow":["GET"]}}],"collection":[{"href":"https:\/\/jorgezanoni.com.br\/2019\/wp-json\/wp\/v2\/posts"}],"about":[{"href":"https:\/\/jorgezanoni.com.br\/2019\/wp-json\/wp\/v2\/types\/post"}],"author":[{"embeddable":true,"href":"https:\/\/jorgezanoni.com.br\/2019\/wp-json\/wp\/v2\/users\/1"}],"replies":[{"embeddable":true,"href":"https:\/\/jorgezanoni.com.br\/2019\/wp-json\/wp\/v2\/comments?post=7538"}],"version-history":[{"count":0,"href":"https:\/\/jorgezanoni.com.br\/2019\/wp-json\/wp\/v2\/posts\/7538\/revisions"}],"wp:featuredmedia":[{"embeddable":true,"href":"https:\/\/jorgezanoni.com.br\/2019\/wp-json\/wp\/v2\/media\/7539"}],"wp:attachment":[{"href":"https:\/\/jorgezanoni.com.br\/2019\/wp-json\/wp\/v2\/media?parent=7538"}],"wp:term":[{"taxonomy":"category","embeddable":true,"href":"https:\/\/jorgezanoni.com.br\/2019\/wp-json\/wp\/v2\/categories?post=7538"},{"taxonomy":"post_tag","embeddable":true,"href":"https:\/\/jorgezanoni.com.br\/2019\/wp-json\/wp\/v2\/tags?post=7538"}],"curies":[{"name":"wp","href":"https:\/\/api.w.org\/{rel}","templated":true}]}}