{"id":75349,"date":"2023-04-26T00:21:00","date_gmt":"2023-04-26T00:21:00","guid":{"rendered":"https:\/\/jorgezanoni.com.br\/2019\/?p=75349"},"modified":"2023-04-26T00:21:00","modified_gmt":"2023-04-26T00:21:00","slug":"policia-civil-esclarece-tres-furtos-ocorridos-na-ultima-semana-em-junqueiropolis","status":"publish","type":"post","link":"https:\/\/jorgezanoni.com.br\/2019\/policia-civil-esclarece-tres-furtos-ocorridos-na-ultima-semana-em-junqueiropolis\/","title":{"rendered":"Pol\u00edcia Civil esclarece tr\u00eas furtos ocorridos na \u00faltima semana em Junqueir\u00f3polis"},"content":{"rendered":"<p style=\"text-align: justify;\"><strong>A Pol\u00edcia Civil, por interm\u00e9dio da Delegacia de Pol\u00edcia de Junqueir\u00f3polis, elucidou tr\u00eas furtos cometidos na \u00faltima semana, na cidade de Junqueir\u00f3polis (SP).<\/strong><\/p>\n<p style=\"text-align: justify;\">No primeiro caso, foi identificado um suspeito, um homem de 19 anos de idade, que invadiu uma propriedade rural e subtraiu toda a fia\u00e7\u00e3o el\u00e9trica da casa e demais instala\u00e7\u00f5es de uma ch\u00e1cara, gerando grande preju\u00edzo \u00e0 v\u00edtima. O acusado, que est\u00e1 preso, confessou o crime.<\/p>\n<p style=\"text-align: justify;\">J\u00e1 nesta ter\u00e7a-feira (25) agentes da Delegacia de Pol\u00edcia de Junqueir\u00f3polis, ap\u00f3s trabalho investigativo, identificaram um homem de 22 anos, suspeito de ter furtado uma pasta do caixa de um estabelecimento comercial (mercado), no interior do qual havia R$ 3.000,00.<\/p>\n<p style=\"text-align: justify;\">Recaiu ainda sobre este acusado o furto de um cart\u00e3o banc\u00e1rio de um idoso, o qual tendo sua posse efetuou v\u00e1rias compras no com\u00e9rcio, daquele munic\u00edpio. Durante as dilig\u00eancias, o homem foi identificado, detido, e encaminhado \u00e0 Delegacia Pol\u00edcia, onde ao ser interrogado confessou a autoria dos delitos, por\u00e9m acabou liberado por n\u00e3o haver situa\u00e7\u00e3o flagrancial.<\/p>\n<p style=\"text-align: justify;\">A Pol\u00edcia Civil analisou ainda, vestimentas e uma bicicleta que foi utilizada pelo homem de 22 anos, durante as a\u00e7\u00f5es delituosas.<\/p>\n<p style=\"text-align: justify;\">Os acusados responder\u00e3o pelo crime de furto qualificado, e no caso de serem condenados os suspeitos poder\u00e3o ser apenados a cumprimento de pena em at\u00e9 8 anos de reclus\u00e3o.<\/p>\n<p>Fonte: Com. Social Pol\u00edcia Civil<\/p>\n","protected":false},"excerpt":{"rendered":"<p>A Pol\u00edcia Civil, por interm\u00e9dio da Delegacia de Pol\u00edcia de Junqueir\u00f3polis, elucidou tr\u00eas furtos cometidos na \u00faltima semana, na cidade de Junqueir\u00f3polis (SP). No primeiro caso, foi identificado um suspeito, um homem de 19 anos de idade, que invadiu uma propriedade rural e subtraiu toda a fia\u00e7\u00e3o el\u00e9trica da casa e demais instala\u00e7\u00f5es de uma [&hellip;]<\/p>\n","protected":false},"author":1,"featured_media":75350,"comment_status":"closed","ping_status":"open","sticky":false,"template":"","format":"standard","meta":{"footnotes":""},"categories":[110,2],"tags":[],"class_list":["post-75349","post","type-post","status-publish","format-standard","has-post-thumbnail","hentry","category-noticiasdestaque","category-policial"],"_links":{"self":[{"href":"https:\/\/jorgezanoni.com.br\/2019\/wp-json\/wp\/v2\/posts\/75349","targetHints":{"allow":["GET"]}}],"collection":[{"href":"https:\/\/jorgezanoni.com.br\/2019\/wp-json\/wp\/v2\/posts"}],"about":[{"href":"https:\/\/jorgezanoni.com.br\/2019\/wp-json\/wp\/v2\/types\/post"}],"author":[{"embeddable":true,"href":"https:\/\/jorgezanoni.com.br\/2019\/wp-json\/wp\/v2\/users\/1"}],"replies":[{"embeddable":true,"href":"https:\/\/jorgezanoni.com.br\/2019\/wp-json\/wp\/v2\/comments?post=75349"}],"version-history":[{"count":1,"href":"https:\/\/jorgezanoni.com.br\/2019\/wp-json\/wp\/v2\/posts\/75349\/revisions"}],"predecessor-version":[{"id":75351,"href":"https:\/\/jorgezanoni.com.br\/2019\/wp-json\/wp\/v2\/posts\/75349\/revisions\/75351"}],"wp:featuredmedia":[{"embeddable":true,"href":"https:\/\/jorgezanoni.com.br\/2019\/wp-json\/wp\/v2\/media\/75350"}],"wp:attachment":[{"href":"https:\/\/jorgezanoni.com.br\/2019\/wp-json\/wp\/v2\/media?parent=75349"}],"wp:term":[{"taxonomy":"category","embeddable":true,"href":"https:\/\/jorgezanoni.com.br\/2019\/wp-json\/wp\/v2\/categories?post=75349"},{"taxonomy":"post_tag","embeddable":true,"href":"https:\/\/jorgezanoni.com.br\/2019\/wp-json\/wp\/v2\/tags?post=75349"}],"curies":[{"name":"wp","href":"https:\/\/api.w.org\/{rel}","templated":true}]}}