{"id":7534,"date":"2019-09-28T22:45:15","date_gmt":"2019-09-28T22:45:15","guid":{"rendered":"https:\/\/jorgezanoni.com.br\/2019\/?p=7534"},"modified":"2019-09-28T22:45:15","modified_gmt":"2019-09-28T22:45:15","slug":"peao-morre-pisoteado-por-touro-durante-rodeio-em-brejetuba-es","status":"publish","type":"post","link":"https:\/\/jorgezanoni.com.br\/2019\/peao-morre-pisoteado-por-touro-durante-rodeio-em-brejetuba-es\/","title":{"rendered":"Pe\u00e3o morre pisoteado por touro durante rodeio em Brejetuba, ES"},"content":{"rendered":"<h2 class=\"content-head__subtitle\" style=\"text-align: justify;\"><strong>Morte aconteceu na sexta-feira (27). Ele foi socorrido, passou por cirurgia, mas n\u00e3o resistiu.<\/strong><\/h2>\n<p style=\"text-align: justify;\"><img loading=\"lazy\" decoding=\"async\" class=\"alignnone size-full wp-image-7535\" src=\"https:\/\/jorgezanoni.com.br\/2019\/wp-content\/uploads\/2019\/09\/pe\u00e3o.jpg\" alt=\"\" width=\"1000\" height=\"562\" srcset=\"https:\/\/jorgezanoni.com.br\/2019\/wp-content\/uploads\/2019\/09\/pe\u00e3o.jpg 1000w, https:\/\/jorgezanoni.com.br\/2019\/wp-content\/uploads\/2019\/09\/pe\u00e3o-300x169.jpg 300w, https:\/\/jorgezanoni.com.br\/2019\/wp-content\/uploads\/2019\/09\/pe\u00e3o-768x432.jpg 768w, https:\/\/jorgezanoni.com.br\/2019\/wp-content\/uploads\/2019\/09\/pe\u00e3o-696x391.jpg 696w, https:\/\/jorgezanoni.com.br\/2019\/wp-content\/uploads\/2019\/09\/pe\u00e3o-747x420.jpg 747w\" sizes=\"auto, (max-width: 1000px) 100vw, 1000px\" \/>Pe\u00e3o morre pisoteado por touro durante rodeio em Brejetuba \u2014 Foto: RReprodu\u00e7\u00e3o\/ Tup\u00e3 V\u00eddeo<\/p>\n<div class=\"mc-column content-text active-extra-styles \" style=\"text-align: justify;\" data-block-type=\"unstyled\" data-block-weight=\"50\" data-block-id=\"2\">\n<p class=\"content-text__container \" data-track-category=\"Link no Texto\" data-track-links=\"\">Um pe\u00e3o de 30 anos morreu pisoteado por um touro em um rodeio em Brejetuba, no Esp\u00edrito Santo, na noite desta sexta-feira(27). Ele participava de um rodeio na &#8216;Festa do Maior Caf\u00e9 do Mundo em Brejetuba&#8217;. A produ\u00e7\u00e3o do evento disse que o acidente aconteceu por volta das 23h20.<\/p>\n<\/div>\n<div class=\"wall protected-content\">\n<div class=\"mc-column content-text active-extra-styles \" style=\"text-align: justify;\" data-block-type=\"unstyled\" data-block-weight=\"33\" data-block-id=\"3\">\n<p class=\"content-text__container \" data-track-category=\"Link no Texto\" data-track-links=\"\">Sebasti\u00e3o Coelho J\u00fanior foi socorrido imediatamente e levado para um hospital de Venda Nova do Imigrante. Ele passou por cirurgia, mas n\u00e3o resistiu e teve a morte confirmada na manh\u00e3 deste s\u00e1bado (28).<\/p>\n<\/div>\n<div class=\"mc-column content-text active-extra-styles \" data-block-type=\"unstyled\" data-block-weight=\"30\" data-block-id=\"4\">\n<p class=\"content-text__container \" style=\"text-align: justify;\" data-track-category=\"Link no Texto\" data-track-links=\"\">Sebasti\u00e3o era considerado um &#8220;cowboy completo&#8221;, porque montava tanto em touros quanto em cavalos. Ele montou nos rodeios de Barretos (SP) e em outros eventos de grande porte pelo Brasil.<\/p>\n<div class=\"mc-column content-text active-extra-styles\" style=\"text-align: justify;\" data-block-type=\"raw\" data-block-weight=\"1\" data-block-id=\"7\">\n<div class=\"content-intertitle\">\n<h2>Homenagem<\/h2>\n<\/div>\n<\/div>\n<div class=\"mc-column content-text active-extra-styles \" style=\"text-align: justify;\" data-block-type=\"unstyled\" data-block-weight=\"20\" data-block-id=\"8\">\n<p class=\"content-text__container \" data-track-category=\"Link no Texto\" data-track-links=\"\">O pe\u00e3o ser\u00e1 homenageado durante a edi\u00e7\u00e3o da noite deste s\u00e1bado do rodeio da Festa do Caf\u00e9 de Brejetuba.<\/p>\n<\/div>\n<div class=\"mc-column content-text active-extra-styles \" style=\"text-align: justify;\" data-block-type=\"unstyled\" data-block-weight=\"32\" data-block-id=\"9\">\n<p class=\"content-text__container \" data-track-category=\"Link no Texto\" data-track-links=\"\">Esse rodeio, que acontece neste final de semana durante a festa no munic\u00edpio, \u00e9 uma etapa classificat\u00f3ria para o Rodeio de Barretos em 2020, evento importante para competidores do meio como Sebasti\u00e3o.<\/p>\n<\/div>\n<div class=\"mc-column content-text active-extra-styles \" data-block-type=\"unstyled\" data-block-weight=\"6\" data-block-id=\"10\">\n<p class=\"content-text__container \" style=\"text-align: justify;\" data-track-category=\"Link no Texto\" data-track-links=\"\">Sebasti\u00e3o era Conselheiro Pena, Minas Gerais.<\/p>\n<p style=\"text-align: justify;\" data-track-category=\"Link no Texto\" data-track-links=\"\">Fonte: G1<\/p>\n<\/div>\n<\/div>\n<\/div>\n","protected":false},"excerpt":{"rendered":"<p>Morte aconteceu na sexta-feira (27). Ele foi socorrido, passou por cirurgia, mas n\u00e3o resistiu. Pe\u00e3o morre pisoteado por touro durante rodeio em Brejetuba \u2014 Foto: RReprodu\u00e7\u00e3o\/ Tup\u00e3 V\u00eddeo Um pe\u00e3o de 30 anos morreu pisoteado por um touro em um rodeio em Brejetuba, no Esp\u00edrito Santo, na noite desta sexta-feira(27). Ele participava de um rodeio [&hellip;]<\/p>\n","protected":false},"author":1,"featured_media":7536,"comment_status":"closed","ping_status":"open","sticky":false,"template":"","format":"standard","meta":{"footnotes":""},"categories":[110,2],"tags":[],"class_list":["post-7534","post","type-post","status-publish","format-standard","has-post-thumbnail","hentry","category-noticiasdestaque","category-policial"],"_links":{"self":[{"href":"https:\/\/jorgezanoni.com.br\/2019\/wp-json\/wp\/v2\/posts\/7534","targetHints":{"allow":["GET"]}}],"collection":[{"href":"https:\/\/jorgezanoni.com.br\/2019\/wp-json\/wp\/v2\/posts"}],"about":[{"href":"https:\/\/jorgezanoni.com.br\/2019\/wp-json\/wp\/v2\/types\/post"}],"author":[{"embeddable":true,"href":"https:\/\/jorgezanoni.com.br\/2019\/wp-json\/wp\/v2\/users\/1"}],"replies":[{"embeddable":true,"href":"https:\/\/jorgezanoni.com.br\/2019\/wp-json\/wp\/v2\/comments?post=7534"}],"version-history":[{"count":0,"href":"https:\/\/jorgezanoni.com.br\/2019\/wp-json\/wp\/v2\/posts\/7534\/revisions"}],"wp:featuredmedia":[{"embeddable":true,"href":"https:\/\/jorgezanoni.com.br\/2019\/wp-json\/wp\/v2\/media\/7536"}],"wp:attachment":[{"href":"https:\/\/jorgezanoni.com.br\/2019\/wp-json\/wp\/v2\/media?parent=7534"}],"wp:term":[{"taxonomy":"category","embeddable":true,"href":"https:\/\/jorgezanoni.com.br\/2019\/wp-json\/wp\/v2\/categories?post=7534"},{"taxonomy":"post_tag","embeddable":true,"href":"https:\/\/jorgezanoni.com.br\/2019\/wp-json\/wp\/v2\/tags?post=7534"}],"curies":[{"name":"wp","href":"https:\/\/api.w.org\/{rel}","templated":true}]}}