{"id":75332,"date":"2023-04-25T19:52:49","date_gmt":"2023-04-25T19:52:49","guid":{"rendered":"https:\/\/jorgezanoni.com.br\/2019\/?p=75332"},"modified":"2023-04-26T00:26:41","modified_gmt":"2023-04-26T00:26:41","slug":"policia-civil-identifica-e-prende-homem-suspeito-de-arrombar-e-furtar-estabelecimento-comercial-em-dracena","status":"publish","type":"post","link":"https:\/\/jorgezanoni.com.br\/2019\/policia-civil-identifica-e-prende-homem-suspeito-de-arrombar-e-furtar-estabelecimento-comercial-em-dracena\/","title":{"rendered":"Pol\u00edcia Civil identifica e prende homem suspeito de arrombar e furtar estabelecimento comercial em Dracena"},"content":{"rendered":"<p style=\"text-align: justify;\"><strong>Durante a a\u00e7\u00e3o a Pol\u00edcia Civil recuperou v\u00e1rios itens furtados do estabelecimento comercial.<\/strong><\/p>\n<p style=\"text-align: justify;\">A Pol\u00edcia Civil, por interm\u00e9dio das Unidades Especializadas &#8211; DIG\/DISE, prendeu nesta segunda-feira (24), um homem de 30 anos, suspeito de praticar furto em loja do com\u00e9rcio, da cidade de Dracena (SP), quase sempre mediante rompimento de obst\u00e1culo. A pris\u00e3o em flagrante do acusado ocorreu ap\u00f3s trabalho de investiga\u00e7\u00e3o realizado a partir da comunica\u00e7\u00e3o do arrombamento de uma loja de conveni\u00eancia, situada no centro de Dracena (SP).<\/p>\n<p style=\"text-align: justify;\">A a\u00e7\u00e3o policial, foi desencadeada por agentes das Unidades Especializadas, que ap\u00f3s feito o registro da ocorr\u00eancia, foram ao local furtado e tiveram acesso as imagens das grava\u00e7\u00f5es das c\u00e2meras de seguran\u00e7a da loja de conveni\u00eancia, do momento do furto. Foi observado ent\u00e3o, pelos policiais civis que os \u00a8modus operandi\u201d e complei\u00e7\u00e3o f\u00edsica do autor do crime era muito semelhante ao de um indiv\u00edduo j\u00e1 suspeito de ter praticado outros furtos.<\/p>\n<p>Diante dos ind\u00edcios coletados, os agentes passaram a diligenciar no sentido de localizar o poss\u00edvel autor do furto e recuperar os objetos subtra\u00eddos daquele estabelecimento comercial. Quando os policiais civis estavam no bairro Jardim Brasil\u00e2ndia, avistaram o suspeito caminhando em via p\u00fablica carregando uma sacola de viagem em suas m\u00e3os, ao perceber a viatura policial o homem abandonou a sacola no ch\u00e3o e empreendeu fuga.<\/p>\n<p style=\"text-align: justify;\">Pouco tempo depois, tendo sido feito um acompanhamento a p\u00e9 pelos policiais civis e tamb\u00e9m utilizando a viatura policial, o suspeito conseguiu ser abordado ao perder equil\u00edbrio, trope\u00e7ar e cair no ch\u00e3o cimentado de pra\u00e7a p\u00fablica ali existente. Na queda ao solo o homem acabou sofrendo ferimentos, por\u00e9m mesmo assim, ele ainda tentou resistir a abordagem, oferecendo resist\u00eancia para sua deten\u00e7\u00e3o, bem como fez amea\u00e7as aos policiais.<\/p>\n<p style=\"text-align: justify;\">Na bolsa que o suspeito carregava foram encontrados parte dos objetos levados da loja de conveni\u00eancia, os quais foram reconhecidos prontamente pela v\u00edtima. Conduzido \u00e0 delegacia o suspeito informalmente confessou a pr\u00e1tica do crime, inclusive narrando como fez para entrar na loja de conveni\u00eancia.<\/p>\n<p style=\"text-align: justify;\">O homem foi autuado em pris\u00e3o flagrante pelos crimes de furto qualificado, amea\u00e7a, desacato e resist\u00eancia. Nesta ter\u00e7a-feira (25), durante a audi\u00eancia de cust\u00f3dia, a Justi\u00e7a acatou a representa\u00e7\u00e3o da convers\u00e3o da pris\u00e3o em flagrante em pris\u00e3o preventiva.<\/p>\n<p style=\"text-align: justify;\">Por fim, o homem foi encaminhado para uma unidade do sistema penitenci\u00e1rio ficando \u00e0 disposi\u00e7\u00e3o da Justi\u00e7a.<\/p>\n<p><img loading=\"lazy\" decoding=\"async\" class=\"alignnone size-full wp-image-75352\" src=\"https:\/\/jorgezanoni.com.br\/2019\/wp-content\/uploads\/2023\/04\/z-civil-1.jpg\" alt=\"\" width=\"1193\" height=\"1098\" srcset=\"https:\/\/jorgezanoni.com.br\/2019\/wp-content\/uploads\/2023\/04\/z-civil-1.jpg 1193w, https:\/\/jorgezanoni.com.br\/2019\/wp-content\/uploads\/2023\/04\/z-civil-1-300x276.jpg 300w, https:\/\/jorgezanoni.com.br\/2019\/wp-content\/uploads\/2023\/04\/z-civil-1-1024x942.jpg 1024w, https:\/\/jorgezanoni.com.br\/2019\/wp-content\/uploads\/2023\/04\/z-civil-1-768x707.jpg 768w, https:\/\/jorgezanoni.com.br\/2019\/wp-content\/uploads\/2023\/04\/z-civil-1-696x641.jpg 696w, https:\/\/jorgezanoni.com.br\/2019\/wp-content\/uploads\/2023\/04\/z-civil-1-1068x983.jpg 1068w, https:\/\/jorgezanoni.com.br\/2019\/wp-content\/uploads\/2023\/04\/z-civil-1-456x420.jpg 456w\" sizes=\"auto, (max-width: 1193px) 100vw, 1193px\" \/><\/p>\n<p style=\"text-align: justify;\">Fonte: Com. Social Pol\u00edcia Civil<\/p>\n","protected":false},"excerpt":{"rendered":"<p>Durante a a\u00e7\u00e3o a Pol\u00edcia Civil recuperou v\u00e1rios itens furtados do estabelecimento comercial. A Pol\u00edcia Civil, por interm\u00e9dio das Unidades Especializadas &#8211; DIG\/DISE, prendeu nesta segunda-feira (24), um homem de 30 anos, suspeito de praticar furto em loja do com\u00e9rcio, da cidade de Dracena (SP), quase sempre mediante rompimento de obst\u00e1culo. A pris\u00e3o em flagrante [&hellip;]<\/p>\n","protected":false},"author":1,"featured_media":75333,"comment_status":"closed","ping_status":"open","sticky":false,"template":"","format":"standard","meta":{"footnotes":""},"categories":[110,2],"tags":[],"class_list":["post-75332","post","type-post","status-publish","format-standard","has-post-thumbnail","hentry","category-noticiasdestaque","category-policial"],"_links":{"self":[{"href":"https:\/\/jorgezanoni.com.br\/2019\/wp-json\/wp\/v2\/posts\/75332","targetHints":{"allow":["GET"]}}],"collection":[{"href":"https:\/\/jorgezanoni.com.br\/2019\/wp-json\/wp\/v2\/posts"}],"about":[{"href":"https:\/\/jorgezanoni.com.br\/2019\/wp-json\/wp\/v2\/types\/post"}],"author":[{"embeddable":true,"href":"https:\/\/jorgezanoni.com.br\/2019\/wp-json\/wp\/v2\/users\/1"}],"replies":[{"embeddable":true,"href":"https:\/\/jorgezanoni.com.br\/2019\/wp-json\/wp\/v2\/comments?post=75332"}],"version-history":[{"count":2,"href":"https:\/\/jorgezanoni.com.br\/2019\/wp-json\/wp\/v2\/posts\/75332\/revisions"}],"predecessor-version":[{"id":75353,"href":"https:\/\/jorgezanoni.com.br\/2019\/wp-json\/wp\/v2\/posts\/75332\/revisions\/75353"}],"wp:featuredmedia":[{"embeddable":true,"href":"https:\/\/jorgezanoni.com.br\/2019\/wp-json\/wp\/v2\/media\/75333"}],"wp:attachment":[{"href":"https:\/\/jorgezanoni.com.br\/2019\/wp-json\/wp\/v2\/media?parent=75332"}],"wp:term":[{"taxonomy":"category","embeddable":true,"href":"https:\/\/jorgezanoni.com.br\/2019\/wp-json\/wp\/v2\/categories?post=75332"},{"taxonomy":"post_tag","embeddable":true,"href":"https:\/\/jorgezanoni.com.br\/2019\/wp-json\/wp\/v2\/tags?post=75332"}],"curies":[{"name":"wp","href":"https:\/\/api.w.org\/{rel}","templated":true}]}}