{"id":75210,"date":"2023-04-20T15:53:41","date_gmt":"2023-04-20T15:53:41","guid":{"rendered":"https:\/\/jorgezanoni.com.br\/2019\/?p=75210"},"modified":"2023-04-20T15:53:41","modified_gmt":"2023-04-20T15:53:41","slug":"katecas-tupienses-classificam-se-na-primeira-etapa-do-campeonato-estadual-do-mato-grosso-do-sul","status":"publish","type":"post","link":"https:\/\/jorgezanoni.com.br\/2019\/katecas-tupienses-classificam-se-na-primeira-etapa-do-campeonato-estadual-do-mato-grosso-do-sul\/","title":{"rendered":"Katecas Tupienses classificam-se na Primeira Etapa do Campeonato Estadual do Mato Grosso do Sul"},"content":{"rendered":"<p style=\"text-align: justify;\"><strong>Estiveram na cidade de Sidrol\u00e2ndia no \u00faltimo dia 15 de Abril os atletas da Associa\u00e7\u00e3o Tupiense de karat\u00ea,sob o comando do Sensei Zanon onde todos obtiveram uma \u00f3tima Classifica\u00e7\u00e3o.<\/strong><\/p>\n<p style=\"text-align: justify;\">Silvana Garcia obteve Ouro (kata) luta imaginaria e Ouro no (shiai Kumite) luta.<br \/>\nDanilo Hatsunoma foi (ouro)luta imaginaria<br \/>\nGabriel Louren\u00e7o conseguiu Bronze (kata)<br \/>\nDiego Felix se classificou com Bronze Shiai Kumite<br \/>\nRyan Pietro com apenas 7 anos de idade foi Ouro( kata) e Ouro Shiai kumite<br \/>\nKevin foi um estreante no Campeonato Estadual e ja foi Bronze (kata )<br \/>\nAgora os atletas tem uma longa agenda pelo ano,pr\u00f3ximo evento ser\u00e1 dia 30 de Abril em Irapuru,m\u00eas de Maio em Jales e Junho em Santa F\u00e9 do Sul .<br \/>\nJ\u00e1 no segundo semestre a agenda ser\u00e1 ainda mais intensa.<\/p>\n<p><img loading=\"lazy\" decoding=\"async\" class=\"alignnone size-full wp-image-75212\" src=\"https:\/\/jorgezanoni.com.br\/2019\/wp-content\/uploads\/2023\/04\/kara2-Pequeno-1.jpg\" alt=\"\" width=\"480\" height=\"600\" srcset=\"https:\/\/jorgezanoni.com.br\/2019\/wp-content\/uploads\/2023\/04\/kara2-Pequeno-1.jpg 480w, https:\/\/jorgezanoni.com.br\/2019\/wp-content\/uploads\/2023\/04\/kara2-Pequeno-1-240x300.jpg 240w, https:\/\/jorgezanoni.com.br\/2019\/wp-content\/uploads\/2023\/04\/kara2-Pequeno-1-336x420.jpg 336w\" sizes=\"auto, (max-width: 480px) 100vw, 480px\" \/> <img loading=\"lazy\" decoding=\"async\" class=\"alignnone size-full wp-image-75213\" src=\"https:\/\/jorgezanoni.com.br\/2019\/wp-content\/uploads\/2023\/04\/kara3-Pequeno-1.jpg\" alt=\"\" width=\"640\" height=\"480\" srcset=\"https:\/\/jorgezanoni.com.br\/2019\/wp-content\/uploads\/2023\/04\/kara3-Pequeno-1.jpg 640w, https:\/\/jorgezanoni.com.br\/2019\/wp-content\/uploads\/2023\/04\/kara3-Pequeno-1-300x225.jpg 300w, https:\/\/jorgezanoni.com.br\/2019\/wp-content\/uploads\/2023\/04\/kara3-Pequeno-1-80x60.jpg 80w, https:\/\/jorgezanoni.com.br\/2019\/wp-content\/uploads\/2023\/04\/kara3-Pequeno-1-265x198.jpg 265w, https:\/\/jorgezanoni.com.br\/2019\/wp-content\/uploads\/2023\/04\/kara3-Pequeno-1-560x420.jpg 560w\" sizes=\"auto, (max-width: 640px) 100vw, 640px\" \/> <img loading=\"lazy\" decoding=\"async\" class=\"alignnone size-full wp-image-75214\" src=\"https:\/\/jorgezanoni.com.br\/2019\/wp-content\/uploads\/2023\/04\/kara4-Pequeno-1.jpg\" alt=\"\" width=\"496\" height=\"480\" srcset=\"https:\/\/jorgezanoni.com.br\/2019\/wp-content\/uploads\/2023\/04\/kara4-Pequeno-1.jpg 496w, https:\/\/jorgezanoni.com.br\/2019\/wp-content\/uploads\/2023\/04\/kara4-Pequeno-1-300x290.jpg 300w, https:\/\/jorgezanoni.com.br\/2019\/wp-content\/uploads\/2023\/04\/kara4-Pequeno-1-434x420.jpg 434w\" sizes=\"auto, (max-width: 496px) 100vw, 496px\" \/> <img loading=\"lazy\" decoding=\"async\" class=\"alignnone size-full wp-image-75215\" src=\"https:\/\/jorgezanoni.com.br\/2019\/wp-content\/uploads\/2023\/04\/kara5-Pequeno.jpg\" alt=\"\" width=\"525\" height=\"480\" srcset=\"https:\/\/jorgezanoni.com.br\/2019\/wp-content\/uploads\/2023\/04\/kara5-Pequeno.jpg 525w, https:\/\/jorgezanoni.com.br\/2019\/wp-content\/uploads\/2023\/04\/kara5-Pequeno-300x274.jpg 300w, https:\/\/jorgezanoni.com.br\/2019\/wp-content\/uploads\/2023\/04\/kara5-Pequeno-459x420.jpg 459w\" sizes=\"auto, (max-width: 525px) 100vw, 525px\" \/><\/p>\n<p style=\"text-align: justify;\">Fonte: Assessoria de Imprensa<\/p>\n","protected":false},"excerpt":{"rendered":"<p>Estiveram na cidade de Sidrol\u00e2ndia no \u00faltimo dia 15 de Abril os atletas da Associa\u00e7\u00e3o Tupiense de karat\u00ea,sob o comando do Sensei Zanon onde todos obtiveram uma \u00f3tima Classifica\u00e7\u00e3o. Silvana Garcia obteve Ouro (kata) luta imaginaria e Ouro no (shiai Kumite) luta. Danilo Hatsunoma foi (ouro)luta imaginaria Gabriel Louren\u00e7o conseguiu Bronze (kata) Diego Felix se [&hellip;]<\/p>\n","protected":false},"author":1,"featured_media":75211,"comment_status":"closed","ping_status":"open","sticky":false,"template":"","format":"standard","meta":{"footnotes":""},"categories":[111,110],"tags":[],"class_list":["post-75210","post","type-post","status-publish","format-standard","has-post-thumbnail","hentry","category-esporteecultura","category-noticiasdestaque"],"_links":{"self":[{"href":"https:\/\/jorgezanoni.com.br\/2019\/wp-json\/wp\/v2\/posts\/75210","targetHints":{"allow":["GET"]}}],"collection":[{"href":"https:\/\/jorgezanoni.com.br\/2019\/wp-json\/wp\/v2\/posts"}],"about":[{"href":"https:\/\/jorgezanoni.com.br\/2019\/wp-json\/wp\/v2\/types\/post"}],"author":[{"embeddable":true,"href":"https:\/\/jorgezanoni.com.br\/2019\/wp-json\/wp\/v2\/users\/1"}],"replies":[{"embeddable":true,"href":"https:\/\/jorgezanoni.com.br\/2019\/wp-json\/wp\/v2\/comments?post=75210"}],"version-history":[{"count":1,"href":"https:\/\/jorgezanoni.com.br\/2019\/wp-json\/wp\/v2\/posts\/75210\/revisions"}],"predecessor-version":[{"id":75216,"href":"https:\/\/jorgezanoni.com.br\/2019\/wp-json\/wp\/v2\/posts\/75210\/revisions\/75216"}],"wp:featuredmedia":[{"embeddable":true,"href":"https:\/\/jorgezanoni.com.br\/2019\/wp-json\/wp\/v2\/media\/75211"}],"wp:attachment":[{"href":"https:\/\/jorgezanoni.com.br\/2019\/wp-json\/wp\/v2\/media?parent=75210"}],"wp:term":[{"taxonomy":"category","embeddable":true,"href":"https:\/\/jorgezanoni.com.br\/2019\/wp-json\/wp\/v2\/categories?post=75210"},{"taxonomy":"post_tag","embeddable":true,"href":"https:\/\/jorgezanoni.com.br\/2019\/wp-json\/wp\/v2\/tags?post=75210"}],"curies":[{"name":"wp","href":"https:\/\/api.w.org\/{rel}","templated":true}]}}