{"id":7520,"date":"2019-09-28T20:48:52","date_gmt":"2019-09-28T20:48:52","guid":{"rendered":"https:\/\/jorgezanoni.com.br\/2019\/?p=7520"},"modified":"2019-09-28T20:48:52","modified_gmt":"2019-09-28T20:48:52","slug":"xxxi-congresso-de-iniciacao-cientifica-da-unesp-entrevistada-prof-dra-claudia-bertan-membrive","status":"publish","type":"post","link":"https:\/\/jorgezanoni.com.br\/2019\/xxxi-congresso-de-iniciacao-cientifica-da-unesp-entrevistada-prof-dra-claudia-bertan-membrive\/","title":{"rendered":"XXXI Congresso de Inicia\u00e7\u00e3o Cientifica da Unesp. Entrevistada: Prof. Dra. Cl\u00e1udia Bertan Membrive"},"content":{"rendered":"<p>Evento aconteceu pela primeira vez na Pra\u00e7a Arthur Pagnozzi.<\/p>\n<div id=\"fb-root\"><\/div>\n<p><script async=\"1\" defer=\"1\" crossorigin=\"anonymous\" src=\"https:\/\/connect.facebook.net\/en_US\/sdk.js#xfbml=1&amp;version=v4.0\"><\/script><\/p>\n<div class=\"fb-video\" data-href=\"https:\/\/www.facebook.com\/jorgezanonidracena\/videos\/2463240173795589\/\" data-width=\"696\">\n<blockquote cite=\"https:\/\/www.facebook.com\/jorgezanonidracena\/videos\/2463240173795589\/\" class=\"fb-xfbml-parse-ignore\"><p><a href=\"https:\/\/www.facebook.com\/jorgezanonidracena\/videos\/2463240173795589\/\">XXXI Congresso de Inicia\u00e7\u00e3o CientIfIca da Unesp. Entrevistada: Prof. Dra. Cl\u00e1udia Bertan Membrive 27\/09\/19<\/a><\/p>\n<p>XXXI Congresso de Inicia\u00e7\u00e3o CientIfIca da Unesp. Entrevistada: Prof. Dra. Cl\u00e1udia Bertan Membrive. 27\/09\/19<\/p>\n<p>Posted by <a href=\"https:\/\/www.facebook.com\/jorgezanonidracena\/\">Jorge Zanoni<\/a> on Saturday, September 28, 2019<\/p><\/blockquote>\n<\/div>\n","protected":false},"excerpt":{"rendered":"<p>Evento aconteceu pela primeira vez na Pra\u00e7a Arthur Pagnozzi. XXXI Congresso de Inicia\u00e7\u00e3o CientIfIca da Unesp. Entrevistada: Prof. Dra. Cl\u00e1udia Bertan Membrive 27\/09\/19 XXXI Congresso de Inicia\u00e7\u00e3o CientIfIca da Unesp. Entrevistada: Prof. Dra. Cl\u00e1udia Bertan Membrive. 27\/09\/19 Posted by Jorge Zanoni on Saturday, September 28, 2019<\/p>\n","protected":false},"author":1,"featured_media":7521,"comment_status":"closed","ping_status":"open","sticky":false,"template":"","format":"video","meta":{"footnotes":""},"categories":[169],"tags":[],"class_list":["post-7520","post","type-post","status-publish","format-video","has-post-thumbnail","hentry","category-videos","post_format-post-format-video"],"_links":{"self":[{"href":"https:\/\/jorgezanoni.com.br\/2019\/wp-json\/wp\/v2\/posts\/7520","targetHints":{"allow":["GET"]}}],"collection":[{"href":"https:\/\/jorgezanoni.com.br\/2019\/wp-json\/wp\/v2\/posts"}],"about":[{"href":"https:\/\/jorgezanoni.com.br\/2019\/wp-json\/wp\/v2\/types\/post"}],"author":[{"embeddable":true,"href":"https:\/\/jorgezanoni.com.br\/2019\/wp-json\/wp\/v2\/users\/1"}],"replies":[{"embeddable":true,"href":"https:\/\/jorgezanoni.com.br\/2019\/wp-json\/wp\/v2\/comments?post=7520"}],"version-history":[{"count":0,"href":"https:\/\/jorgezanoni.com.br\/2019\/wp-json\/wp\/v2\/posts\/7520\/revisions"}],"wp:featuredmedia":[{"embeddable":true,"href":"https:\/\/jorgezanoni.com.br\/2019\/wp-json\/wp\/v2\/media\/7521"}],"wp:attachment":[{"href":"https:\/\/jorgezanoni.com.br\/2019\/wp-json\/wp\/v2\/media?parent=7520"}],"wp:term":[{"taxonomy":"category","embeddable":true,"href":"https:\/\/jorgezanoni.com.br\/2019\/wp-json\/wp\/v2\/categories?post=7520"},{"taxonomy":"post_tag","embeddable":true,"href":"https:\/\/jorgezanoni.com.br\/2019\/wp-json\/wp\/v2\/tags?post=7520"}],"curies":[{"name":"wp","href":"https:\/\/api.w.org\/{rel}","templated":true}]}}