{"id":75177,"date":"2023-04-19T16:09:27","date_gmt":"2023-04-19T16:09:27","guid":{"rendered":"https:\/\/jorgezanoni.com.br\/2019\/?p=75177"},"modified":"2023-04-19T16:09:27","modified_gmt":"2023-04-19T16:09:27","slug":"dracenense-morre-em-serra-em-urubici-santa-catarina","status":"publish","type":"post","link":"https:\/\/jorgezanoni.com.br\/2019\/dracenense-morre-em-serra-em-urubici-santa-catarina\/","title":{"rendered":"Dracenense morre em trecho de Serra em Urubici, Santa Catarina"},"content":{"rendered":"<p style=\"text-align: justify;\"><strong>O dracenense 3\u00ba SGT PM OZAIR ANTONIO ZAMAIO de 57 anos, faleceu v\u00edtima de acidente no estado de Santa Catarina. Era policial da reserva. O filho ca\u00e7ula que era acompanhante recebeu ferimentos e foi hospitalizado.\u00a0<\/strong><\/p>\n<div class=\"x11i5rnm xat24cr x1mh8g0r x1vvkbs xdj266r x126k92a\">\n<div dir=\"auto\" style=\"text-align: justify;\">Ozair \u00e9 filho do conhecido sr. Sebasti\u00e3o Zamaio e casado com Roseli Cenerino e deixa dois filhos, nota e netas, foi candidato a vereador pelo PV em 2.020 e motorista do gabinete do Deputado Estadual Reinaldo Alguz.<\/div>\n<div dir=\"auto\" style=\"text-align: justify;\"><\/div>\n<\/div>\n<div dir=\"auto\" style=\"text-align: justify;\"><strong>O ACIDENTE:<\/strong><\/div>\n<div dir=\"auto\" style=\"text-align: justify;\">Conforme informa\u00e7\u00f5es obtidas pelo SITE JZ e TOP TV, Zamaio estava com o caminh\u00e3o carregado de Laranjas e por volta de 22:56 Horas de ontem (18), no Km. 380 da SC-110 munic\u00edpio de Urubici no Estado de Santa Catarina em uma curva no local de serra em descida, o caminh\u00e3o que dirigia saiu da pista e tombou em um barranco.<\/div>\n<div dir=\"auto\" style=\"text-align: justify;\"><\/div>\n<div dir=\"auto\" style=\"text-align: justify;\">O condutor do ve\u00edculo foi encontrado sem sinais vitais por Bombeiros e Pol\u00edcia Militar Rodovi\u00e1ria de Santa Catarina que atenderam a ocorr\u00eancia. O filho de Ozair, sofreu ferimentos aparentemente de natureza com les\u00f5es leves e escoria\u00e7\u00f5es e foi conduzido ao Hospital S\u00e3o Jos\u00e9 Nodary em Urubici.<\/div>\n<div dir=\"auto\" style=\"text-align: justify;\"><\/div>\n<div dir=\"auto\" style=\"text-align: justify;\">As informa\u00e7\u00f5es s\u00e3o que de acordo com os elementos t\u00e9cnicos analisados no local do acidente, como a posi\u00e7\u00e3o final e avarias do ve\u00edculo e marcas na via, tudo indica que o condutor perdeu o controle do ve\u00edculo ao contornar uma curva existente no local, o que resultou na sa\u00edda da pista e posterior tombamento.<\/div>\n<div dir=\"auto\" style=\"text-align: justify;\"><\/div>\n<div class=\"x11i5rnm xat24cr x1mh8g0r x1vvkbs xtlvy1s x126k92a\" style=\"text-align: justify;\">\n<div dir=\"auto\">Foi verificado o disco do tac\u00f3grafo e colhido para apurar os fatos. No entanto, n\u00e3o foi poss\u00edvel realizar o teste de etilometro para o condutor.<\/div>\n<div dir=\"auto\"><\/div>\n<\/div>\n<div class=\"x11i5rnm xat24cr x1mh8g0r x1vvkbs xtlvy1s x126k92a\" style=\"text-align: justify;\">\n<div dir=\"auto\">O Instituto Geral de Per\u00edcias (IGP) foi acionado para realizar a retirada do corpo do local. A Pol\u00edcia Civil tamb\u00e9m esteve presente para realizar os procedimentos cab\u00edveis.<\/div>\n<div dir=\"auto\"><\/div>\n<\/div>\n<div class=\"x11i5rnm xat24cr x1mh8g0r x1vvkbs xtlvy1s x126k92a\" style=\"text-align: justify;\">\n<div dir=\"auto\">O propriet\u00e1rio do ve\u00edculo foi contatado e ficou respons\u00e1vel por recolher o caminh\u00e3o com um guincho segurador e retirar a carga de Laranjas que ficou espalhada pelo local.<\/div>\n<div dir=\"auto\"><\/div>\n<\/div>\n<div dir=\"auto\" style=\"text-align: justify;\">Foi elaborado Boletim de Ocorr\u00eancia que ir\u00e1 apontar as reais causas do acidente<\/div>\n<div dir=\"auto\" style=\"text-align: justify;\"><\/div>\n<div dir=\"auto\" style=\"text-align: justify;\"><strong>COLABOROU COM O SITE JZ E TOP TV:<\/strong> https:\/\/horahiper.com.br\/ E https:\/\/scc10.com.br\/<\/div>\n<div class=\"x11i5rnm xat24cr x1mh8g0r x1vvkbs xtlvy1s x126k92a\" style=\"text-align: justify;\"><\/div>\n<p style=\"text-align: justify;\">\n<p style=\"text-align: justify;\"><strong>NOTA DO 25\u00ba BPM\/I<\/strong><\/p>\n<p style=\"text-align: justify;\">\u00c9 com extremo pesar que a Se\u00e7\u00e3o de Comunica\u00e7\u00e3o Social do 25\u00ba BPM\/I informa o falecimento do 3\u00ba Sgt PM Ozair Ant\u00f4nio Zamaio na data de ontem 18ABR23 em decorr\u00eancia de acidente de tr\u00e2nsito ocorrido pr\u00f3ximo a cidade de Urubici\/SC. Ele estava com o filho mais novo Igor que foi atendido, est\u00e1 internado mas est\u00e1 bem.<br \/>\nAinda n\u00e3o temos o hor\u00e1rio do vel\u00f3rio e f\u00e9retro.<\/p>\n<p><img loading=\"lazy\" decoding=\"async\" class=\"alignnone size-full wp-image-75178\" src=\"https:\/\/jorgezanoni.com.br\/2019\/wp-content\/uploads\/2023\/04\/zamaio.jpg\" alt=\"\" width=\"316\" height=\"395\" srcset=\"https:\/\/jorgezanoni.com.br\/2019\/wp-content\/uploads\/2023\/04\/zamaio.jpg 316w, https:\/\/jorgezanoni.com.br\/2019\/wp-content\/uploads\/2023\/04\/zamaio-240x300.jpg 240w\" sizes=\"auto, (max-width: 316px) 100vw, 316px\" \/> <img loading=\"lazy\" decoding=\"async\" class=\"alignnone size-full wp-image-75179\" src=\"https:\/\/jorgezanoni.com.br\/2019\/wp-content\/uploads\/2023\/04\/zamaio1.jpg\" alt=\"\" width=\"700\" height=\"525\" srcset=\"https:\/\/jorgezanoni.com.br\/2019\/wp-content\/uploads\/2023\/04\/zamaio1.jpg 700w, https:\/\/jorgezanoni.com.br\/2019\/wp-content\/uploads\/2023\/04\/zamaio1-300x225.jpg 300w, https:\/\/jorgezanoni.com.br\/2019\/wp-content\/uploads\/2023\/04\/zamaio1-80x60.jpg 80w, https:\/\/jorgezanoni.com.br\/2019\/wp-content\/uploads\/2023\/04\/zamaio1-265x198.jpg 265w, https:\/\/jorgezanoni.com.br\/2019\/wp-content\/uploads\/2023\/04\/zamaio1-696x522.jpg 696w, https:\/\/jorgezanoni.com.br\/2019\/wp-content\/uploads\/2023\/04\/zamaio1-560x420.jpg 560w\" sizes=\"auto, (max-width: 700px) 100vw, 700px\" \/> <img loading=\"lazy\" decoding=\"async\" class=\"alignnone size-full wp-image-75181\" src=\"https:\/\/jorgezanoni.com.br\/2019\/wp-content\/uploads\/2023\/04\/sc.jpg\" alt=\"\" width=\"720\" height=\"1600\" srcset=\"https:\/\/jorgezanoni.com.br\/2019\/wp-content\/uploads\/2023\/04\/sc.jpg 720w, https:\/\/jorgezanoni.com.br\/2019\/wp-content\/uploads\/2023\/04\/sc-135x300.jpg 135w, https:\/\/jorgezanoni.com.br\/2019\/wp-content\/uploads\/2023\/04\/sc-461x1024.jpg 461w, https:\/\/jorgezanoni.com.br\/2019\/wp-content\/uploads\/2023\/04\/sc-691x1536.jpg 691w, https:\/\/jorgezanoni.com.br\/2019\/wp-content\/uploads\/2023\/04\/sc-696x1547.jpg 696w, https:\/\/jorgezanoni.com.br\/2019\/wp-content\/uploads\/2023\/04\/sc-189x420.jpg 189w\" sizes=\"auto, (max-width: 720px) 100vw, 720px\" \/> <img loading=\"lazy\" decoding=\"async\" class=\"alignnone size-full wp-image-75182\" src=\"https:\/\/jorgezanoni.com.br\/2019\/wp-content\/uploads\/2023\/04\/sc1.jpg\" alt=\"\" width=\"720\" height=\"1600\" srcset=\"https:\/\/jorgezanoni.com.br\/2019\/wp-content\/uploads\/2023\/04\/sc1.jpg 720w, https:\/\/jorgezanoni.com.br\/2019\/wp-content\/uploads\/2023\/04\/sc1-135x300.jpg 135w, https:\/\/jorgezanoni.com.br\/2019\/wp-content\/uploads\/2023\/04\/sc1-461x1024.jpg 461w, https:\/\/jorgezanoni.com.br\/2019\/wp-content\/uploads\/2023\/04\/sc1-691x1536.jpg 691w, https:\/\/jorgezanoni.com.br\/2019\/wp-content\/uploads\/2023\/04\/sc1-696x1547.jpg 696w, https:\/\/jorgezanoni.com.br\/2019\/wp-content\/uploads\/2023\/04\/sc1-189x420.jpg 189w\" sizes=\"auto, (max-width: 720px) 100vw, 720px\" \/><\/p>\n<p>Fotos Redes Sociais<\/p>\n<p style=\"text-align: justify;\">Jorge Zanoni<\/p>\n<p style=\"text-align: justify;\">\n<p style=\"text-align: justify;\">\n<p>&nbsp;<\/p>\n","protected":false},"excerpt":{"rendered":"<p>O dracenense 3\u00ba SGT PM OZAIR ANTONIO ZAMAIO de 57 anos, faleceu v\u00edtima de acidente no estado de Santa Catarina. Era policial da reserva. O filho ca\u00e7ula que era acompanhante recebeu ferimentos e foi hospitalizado.\u00a0 Ozair \u00e9 filho do conhecido sr. Sebasti\u00e3o Zamaio e casado com Roseli Cenerino e deixa dois filhos, nota e netas, [&hellip;]<\/p>\n","protected":false},"author":1,"featured_media":75180,"comment_status":"closed","ping_status":"open","sticky":false,"template":"","format":"standard","meta":{"footnotes":""},"categories":[170,110],"tags":[],"class_list":["post-75177","post","type-post","status-publish","format-standard","has-post-thumbnail","hentry","category-acidentes","category-noticiasdestaque"],"_links":{"self":[{"href":"https:\/\/jorgezanoni.com.br\/2019\/wp-json\/wp\/v2\/posts\/75177","targetHints":{"allow":["GET"]}}],"collection":[{"href":"https:\/\/jorgezanoni.com.br\/2019\/wp-json\/wp\/v2\/posts"}],"about":[{"href":"https:\/\/jorgezanoni.com.br\/2019\/wp-json\/wp\/v2\/types\/post"}],"author":[{"embeddable":true,"href":"https:\/\/jorgezanoni.com.br\/2019\/wp-json\/wp\/v2\/users\/1"}],"replies":[{"embeddable":true,"href":"https:\/\/jorgezanoni.com.br\/2019\/wp-json\/wp\/v2\/comments?post=75177"}],"version-history":[{"count":1,"href":"https:\/\/jorgezanoni.com.br\/2019\/wp-json\/wp\/v2\/posts\/75177\/revisions"}],"predecessor-version":[{"id":75183,"href":"https:\/\/jorgezanoni.com.br\/2019\/wp-json\/wp\/v2\/posts\/75177\/revisions\/75183"}],"wp:featuredmedia":[{"embeddable":true,"href":"https:\/\/jorgezanoni.com.br\/2019\/wp-json\/wp\/v2\/media\/75180"}],"wp:attachment":[{"href":"https:\/\/jorgezanoni.com.br\/2019\/wp-json\/wp\/v2\/media?parent=75177"}],"wp:term":[{"taxonomy":"category","embeddable":true,"href":"https:\/\/jorgezanoni.com.br\/2019\/wp-json\/wp\/v2\/categories?post=75177"},{"taxonomy":"post_tag","embeddable":true,"href":"https:\/\/jorgezanoni.com.br\/2019\/wp-json\/wp\/v2\/tags?post=75177"}],"curies":[{"name":"wp","href":"https:\/\/api.w.org\/{rel}","templated":true}]}}