{"id":75169,"date":"2023-04-19T11:05:57","date_gmt":"2023-04-19T11:05:57","guid":{"rendered":"https:\/\/jorgezanoni.com.br\/2019\/?p=75169"},"modified":"2023-04-19T11:05:57","modified_gmt":"2023-04-19T11:05:57","slug":"dracena-tempersul-unifadra-recebe-o-magnus-pelo-paulista","status":"publish","type":"post","link":"https:\/\/jorgezanoni.com.br\/2019\/dracena-tempersul-unifadra-recebe-o-magnus-pelo-paulista\/","title":{"rendered":"Dracena Tempersul Unifadra recebe o Magnus pelo Paulista"},"content":{"rendered":"<p class=\"v1MsoNormal\" style=\"text-align: justify;\">A noite desta quarta-feira (19) marcar\u00e1 o reencontro do Dracena Tempersul Unifadra com o torcedor depois de um hiato de 140 dias. A \u00faltima partida no gin\u00e1sio Alaor Ferrari lotado foi o primeiro jogo da final da Liga Paulista contra o S\u00e3o Jos\u00e9, em 30 de novembro.<\/p>\n<p class=\"v1MsoNormal\" style=\"text-align: justify;\">O advers\u00e1rio da vez ser\u00e1 o Magnus Sorocaba, em confronto v\u00e1lido pela segunda rodada do Campeonato Paulista de Futsal. O apito inicial ser\u00e1 \u00e0s 20h.<\/p>\n<p class=\"v1MsoNormal\" style=\"text-align: justify;\">Ap\u00f3s o empate na estreia contra o Brutos, em Limeira, pelo placar de 3 a 3, a equipe dracenense busca seu primeiro triunfo na competi\u00e7\u00e3o. Por coincid\u00eancia, o Magnus tamb\u00e9m empatou com o time limeirense, naquele que foi o primeiro confronto sorocabano no estadual.<\/p>\n<p class=\"v1MsoNormal\" style=\"text-align: justify;\">Satisfeito com a rea\u00e7\u00e3o dracenense na estreia, o t\u00e9cnico Flavinho Cavalcante comentou as expectativas para esta quarta-feira. &#8220;O time apresentou um bom poder de rea\u00e7\u00e3o e buscou o placar. Contra o Magnus o n\u00edvel aumenta e n\u00e3o poderemos errar tanto. Nem sempre conseguiremos buscar o marcador&#8221;. O comandante dracenense ainda completou. &#8220;Vamos enfrentar um time muito qualificado, com atletas de sele\u00e7\u00e3o brasileira e muito experiente. A sinergia entre time e torcida ser\u00e1 de grande import\u00e2ncia para sairmos com a vit\u00f3ria&#8221;.<\/p>\n<p class=\"v1MsoNormal\" style=\"text-align: justify;\">Para este duelo n\u00e3o haver\u00e1 cobran\u00e7a de ingressos. A equipe arrecadar\u00e1 alimentos n\u00e3o perec\u00edveis que ser\u00e3o destinados \u00e0 Casa dos Velhos de Dracena. Os port\u00f5es do gin\u00e1sio Alaor Ferrari ser\u00e3o abertos \u00e0s 19h.<\/p>\n<p class=\"v1MsoNormal\" style=\"text-align: justify;\"><b>Poss\u00edvel desfalque<\/b><\/p>\n<p class=\"v1MsoNormal\" style=\"text-align: justify;\">O t\u00e9cnico Flavinho Cavalcante dificilmente poder\u00e1 contar com o piv\u00f4 Isaac entre os selecionados para este duelo. Recuperado do inc\u00f4modo na costela sofrido na \u00faltima semana, o atleta voltou a treinar com bola normalmente, mas ainda depende de uma libera\u00e7\u00e3o de documenta\u00e7\u00e3o por parte da Federa\u00e7\u00e3o Paulista.<\/p>\n<p><img loading=\"lazy\" decoding=\"async\" class=\"alignnone size-full wp-image-75171\" src=\"https:\/\/jorgezanoni.com.br\/2019\/wp-content\/uploads\/2023\/04\/temper1.webp\" alt=\"\" width=\"1064\" height=\"1064\" srcset=\"https:\/\/jorgezanoni.com.br\/2019\/wp-content\/uploads\/2023\/04\/temper1.webp 1064w, https:\/\/jorgezanoni.com.br\/2019\/wp-content\/uploads\/2023\/04\/temper1-300x300.webp 300w, https:\/\/jorgezanoni.com.br\/2019\/wp-content\/uploads\/2023\/04\/temper1-1024x1024.webp 1024w, https:\/\/jorgezanoni.com.br\/2019\/wp-content\/uploads\/2023\/04\/temper1-150x150.webp 150w, https:\/\/jorgezanoni.com.br\/2019\/wp-content\/uploads\/2023\/04\/temper1-768x768.webp 768w, https:\/\/jorgezanoni.com.br\/2019\/wp-content\/uploads\/2023\/04\/temper1-696x696.webp 696w, https:\/\/jorgezanoni.com.br\/2019\/wp-content\/uploads\/2023\/04\/temper1-420x420.webp 420w\" sizes=\"auto, (max-width: 1064px) 100vw, 1064px\" \/><\/p>\n<p class=\"v1MsoNormal\" style=\"text-align: justify;\">Foto: Piv\u00f4 Luan foi o grande destaque da estreia dracenense com um gole e duas assist\u00eancias<\/p>\n<p class=\"v1MsoNormal\">Cr\u00e9ditos: Andrews Henrique<\/p>\n","protected":false},"excerpt":{"rendered":"<p>A noite desta quarta-feira (19) marcar\u00e1 o reencontro do Dracena Tempersul Unifadra com o torcedor depois de um hiato de 140 dias. A \u00faltima partida no gin\u00e1sio Alaor Ferrari lotado foi o primeiro jogo da final da Liga Paulista contra o S\u00e3o Jos\u00e9, em 30 de novembro. O advers\u00e1rio da vez ser\u00e1 o Magnus Sorocaba, [&hellip;]<\/p>\n","protected":false},"author":1,"featured_media":75170,"comment_status":"closed","ping_status":"open","sticky":false,"template":"","format":"standard","meta":{"footnotes":""},"categories":[111,110],"tags":[],"class_list":["post-75169","post","type-post","status-publish","format-standard","has-post-thumbnail","hentry","category-esporteecultura","category-noticiasdestaque"],"_links":{"self":[{"href":"https:\/\/jorgezanoni.com.br\/2019\/wp-json\/wp\/v2\/posts\/75169","targetHints":{"allow":["GET"]}}],"collection":[{"href":"https:\/\/jorgezanoni.com.br\/2019\/wp-json\/wp\/v2\/posts"}],"about":[{"href":"https:\/\/jorgezanoni.com.br\/2019\/wp-json\/wp\/v2\/types\/post"}],"author":[{"embeddable":true,"href":"https:\/\/jorgezanoni.com.br\/2019\/wp-json\/wp\/v2\/users\/1"}],"replies":[{"embeddable":true,"href":"https:\/\/jorgezanoni.com.br\/2019\/wp-json\/wp\/v2\/comments?post=75169"}],"version-history":[{"count":1,"href":"https:\/\/jorgezanoni.com.br\/2019\/wp-json\/wp\/v2\/posts\/75169\/revisions"}],"predecessor-version":[{"id":75172,"href":"https:\/\/jorgezanoni.com.br\/2019\/wp-json\/wp\/v2\/posts\/75169\/revisions\/75172"}],"wp:featuredmedia":[{"embeddable":true,"href":"https:\/\/jorgezanoni.com.br\/2019\/wp-json\/wp\/v2\/media\/75170"}],"wp:attachment":[{"href":"https:\/\/jorgezanoni.com.br\/2019\/wp-json\/wp\/v2\/media?parent=75169"}],"wp:term":[{"taxonomy":"category","embeddable":true,"href":"https:\/\/jorgezanoni.com.br\/2019\/wp-json\/wp\/v2\/categories?post=75169"},{"taxonomy":"post_tag","embeddable":true,"href":"https:\/\/jorgezanoni.com.br\/2019\/wp-json\/wp\/v2\/tags?post=75169"}],"curies":[{"name":"wp","href":"https:\/\/api.w.org\/{rel}","templated":true}]}}