{"id":75136,"date":"2023-04-18T15:50:12","date_gmt":"2023-04-18T15:50:12","guid":{"rendered":"https:\/\/jorgezanoni.com.br\/2019\/?p=75136"},"modified":"2023-04-18T15:50:12","modified_gmt":"2023-04-18T15:50:12","slug":"policia-civil-e-ina-reunem-pais-e-responsaveis-para-debater-sobre-prevencao-ao-uso-de-drogas-em-dracena","status":"publish","type":"post","link":"https:\/\/jorgezanoni.com.br\/2019\/policia-civil-e-ina-reunem-pais-e-responsaveis-para-debater-sobre-prevencao-ao-uso-de-drogas-em-dracena\/","title":{"rendered":"Pol\u00edcia Civil e INA re\u00fanem pais e respons\u00e1veis para debater sobre preven\u00e7\u00e3o ao uso de Drogas em Dracena"},"content":{"rendered":"<p style=\"text-align: justify;\">A Pol\u00edcia Civil, por interm\u00e9dio da Delegacia Seccional de Pol\u00edcia de Dracena, em conjunto com a Institui\u00e7\u00e3o Novo Amanhecer \u201cGuiomar C. A. da Silva &#8211; INA, reuniu nesta segunda-feira (17), um grupo de pais e respons\u00e1veis para receberem orienta\u00e7\u00f5es sobre preven\u00e7\u00e3o ao uso nocivo de drogas. A palestra com o tema \u201cDrogas: No Ambiente Familiar\u201d, aconteceu, \u00e0s 19 horas, no audit\u00f3rio da institui\u00e7\u00e3o profissionalizante.<br \/>\nA convite da assistente social Francine Santos, a Pol\u00edcia Civil, foi representada pelo agente policial Reginaldo Rosa, que discorreu durante apresenta\u00e7\u00e3o sobre as drogas l\u00edcitas e il\u00edcitas e falou da import\u00e2ncia do di\u00e1logo e do v\u00ednculo familiar na preven\u00e7\u00e3o das drogas juntos aos filhos. O agente tamb\u00e9m ressaltou, sobre a responsabilidade da transmiss\u00e3o de valores, monitoramento e imposi\u00e7\u00e3o de limites, que aumenta os fatores de prote\u00e7\u00e3o e mitiga o risco de contato com as substancias que podem causar a depend\u00eancia qu\u00edmica.<br \/>\nO evento foi finalizado, com o agradecimento feito a Pol\u00edcia Civil do Estado de S\u00e3o Paulo, pela assistente social Francine Santos, que tamb\u00e9m enalteceu ao encontro realizado que muito pode contribuir com os pais e familiares dos jovens atendidos e assistidos por aquela institui\u00e7\u00e3o ensino profissionalizante.<\/p>\n<p><img loading=\"lazy\" decoding=\"async\" class=\"alignnone size-full wp-image-75137\" src=\"https:\/\/jorgezanoni.com.br\/2019\/wp-content\/uploads\/2023\/04\/Ina-Pequeno.jpg\" alt=\"\" width=\"640\" height=\"480\" srcset=\"https:\/\/jorgezanoni.com.br\/2019\/wp-content\/uploads\/2023\/04\/Ina-Pequeno.jpg 640w, https:\/\/jorgezanoni.com.br\/2019\/wp-content\/uploads\/2023\/04\/Ina-Pequeno-300x225.jpg 300w, https:\/\/jorgezanoni.com.br\/2019\/wp-content\/uploads\/2023\/04\/Ina-Pequeno-80x60.jpg 80w, https:\/\/jorgezanoni.com.br\/2019\/wp-content\/uploads\/2023\/04\/Ina-Pequeno-265x198.jpg 265w, https:\/\/jorgezanoni.com.br\/2019\/wp-content\/uploads\/2023\/04\/Ina-Pequeno-560x420.jpg 560w\" sizes=\"auto, (max-width: 640px) 100vw, 640px\" \/> <img loading=\"lazy\" decoding=\"async\" class=\"alignnone size-full wp-image-75138\" src=\"https:\/\/jorgezanoni.com.br\/2019\/wp-content\/uploads\/2023\/04\/ina1-Pequeno.jpg\" alt=\"\" width=\"640\" height=\"480\" srcset=\"https:\/\/jorgezanoni.com.br\/2019\/wp-content\/uploads\/2023\/04\/ina1-Pequeno.jpg 640w, https:\/\/jorgezanoni.com.br\/2019\/wp-content\/uploads\/2023\/04\/ina1-Pequeno-300x225.jpg 300w, https:\/\/jorgezanoni.com.br\/2019\/wp-content\/uploads\/2023\/04\/ina1-Pequeno-80x60.jpg 80w, https:\/\/jorgezanoni.com.br\/2019\/wp-content\/uploads\/2023\/04\/ina1-Pequeno-265x198.jpg 265w, https:\/\/jorgezanoni.com.br\/2019\/wp-content\/uploads\/2023\/04\/ina1-Pequeno-560x420.jpg 560w\" sizes=\"auto, (max-width: 640px) 100vw, 640px\" \/> <img loading=\"lazy\" decoding=\"async\" class=\"alignnone size-full wp-image-75139\" src=\"https:\/\/jorgezanoni.com.br\/2019\/wp-content\/uploads\/2023\/04\/ina2-Pequeno.jpg\" alt=\"\" width=\"640\" height=\"480\" srcset=\"https:\/\/jorgezanoni.com.br\/2019\/wp-content\/uploads\/2023\/04\/ina2-Pequeno.jpg 640w, https:\/\/jorgezanoni.com.br\/2019\/wp-content\/uploads\/2023\/04\/ina2-Pequeno-300x225.jpg 300w, https:\/\/jorgezanoni.com.br\/2019\/wp-content\/uploads\/2023\/04\/ina2-Pequeno-80x60.jpg 80w, https:\/\/jorgezanoni.com.br\/2019\/wp-content\/uploads\/2023\/04\/ina2-Pequeno-265x198.jpg 265w, https:\/\/jorgezanoni.com.br\/2019\/wp-content\/uploads\/2023\/04\/ina2-Pequeno-560x420.jpg 560w\" sizes=\"auto, (max-width: 640px) 100vw, 640px\" \/><\/p>\n<p>Fonte: Com. Social Pol\u00edcia Civil<\/p>\n","protected":false},"excerpt":{"rendered":"<p>A Pol\u00edcia Civil, por interm\u00e9dio da Delegacia Seccional de Pol\u00edcia de Dracena, em conjunto com a Institui\u00e7\u00e3o Novo Amanhecer \u201cGuiomar C. A. da Silva &#8211; INA, reuniu nesta segunda-feira (17), um grupo de pais e respons\u00e1veis para receberem orienta\u00e7\u00f5es sobre preven\u00e7\u00e3o ao uso nocivo de drogas. A palestra com o tema \u201cDrogas: No Ambiente Familiar\u201d, [&hellip;]<\/p>\n","protected":false},"author":1,"featured_media":75140,"comment_status":"closed","ping_status":"open","sticky":false,"template":"","format":"standard","meta":{"footnotes":""},"categories":[110,2],"tags":[],"class_list":["post-75136","post","type-post","status-publish","format-standard","has-post-thumbnail","hentry","category-noticiasdestaque","category-policial"],"_links":{"self":[{"href":"https:\/\/jorgezanoni.com.br\/2019\/wp-json\/wp\/v2\/posts\/75136","targetHints":{"allow":["GET"]}}],"collection":[{"href":"https:\/\/jorgezanoni.com.br\/2019\/wp-json\/wp\/v2\/posts"}],"about":[{"href":"https:\/\/jorgezanoni.com.br\/2019\/wp-json\/wp\/v2\/types\/post"}],"author":[{"embeddable":true,"href":"https:\/\/jorgezanoni.com.br\/2019\/wp-json\/wp\/v2\/users\/1"}],"replies":[{"embeddable":true,"href":"https:\/\/jorgezanoni.com.br\/2019\/wp-json\/wp\/v2\/comments?post=75136"}],"version-history":[{"count":1,"href":"https:\/\/jorgezanoni.com.br\/2019\/wp-json\/wp\/v2\/posts\/75136\/revisions"}],"predecessor-version":[{"id":75141,"href":"https:\/\/jorgezanoni.com.br\/2019\/wp-json\/wp\/v2\/posts\/75136\/revisions\/75141"}],"wp:featuredmedia":[{"embeddable":true,"href":"https:\/\/jorgezanoni.com.br\/2019\/wp-json\/wp\/v2\/media\/75140"}],"wp:attachment":[{"href":"https:\/\/jorgezanoni.com.br\/2019\/wp-json\/wp\/v2\/media?parent=75136"}],"wp:term":[{"taxonomy":"category","embeddable":true,"href":"https:\/\/jorgezanoni.com.br\/2019\/wp-json\/wp\/v2\/categories?post=75136"},{"taxonomy":"post_tag","embeddable":true,"href":"https:\/\/jorgezanoni.com.br\/2019\/wp-json\/wp\/v2\/tags?post=75136"}],"curies":[{"name":"wp","href":"https:\/\/api.w.org\/{rel}","templated":true}]}}