{"id":75126,"date":"2023-04-18T15:35:21","date_gmt":"2023-04-18T15:35:21","guid":{"rendered":"https:\/\/jorgezanoni.com.br\/2019\/?p=75126"},"modified":"2023-04-18T15:35:21","modified_gmt":"2023-04-18T15:35:21","slug":"policia-civil-e-oab-promovem-debate-sobre-violencia-domestica-para-alunos-de-escola-estadual-em-dracena","status":"publish","type":"post","link":"https:\/\/jorgezanoni.com.br\/2019\/policia-civil-e-oab-promovem-debate-sobre-violencia-domestica-para-alunos-de-escola-estadual-em-dracena\/","title":{"rendered":"Pol\u00edcia Civil e OAB promovem debate sobre Viol\u00eancia Dom\u00e9stica para alunos de Escola Estadual em Dracena"},"content":{"rendered":"<p style=\"text-align: justify;\">Pol\u00edcia Civil, por interm\u00e9dio da Delegacia de Defesa da Mulher &#8211; DDM, em parceria com a Ordem dos Advogados do Brasil de S\u00e3o Paulo &#8211; 49\u00aa Subsec\u00e7\u00e3o Dracena, promoveram na \u00faltima sexta-feira (14), no audit\u00f3rio da Subsec\u00e7\u00e3o, discuss\u00e3o sobre Viol\u00eancia Dom\u00e9stica e Lei Maria da Penha para estudantes do ensino m\u00e9dio da Escola Estadual 9 de Julho, em Dracena.<br \/>\nA Policia Civil foi representada pela delegada titular da DDM, Dr\u00aa Luciana Nunes Falc\u00e3o Mendes, que discorreu para os estudantes sobre o importante papel despenhando pela Delegacia de Defesa da Mulher, na rede de prote\u00e7\u00e3o estatal que integram os \u00f3rg\u00e3os que cuidam das mulheres v\u00edtimas de viol\u00eancia. A delegada falou ainda, sobre a forma\u00e7\u00e3o educacional do adolescente no ambiente familiar e no \u00e2mbito social.<br \/>\nA mesa de discuss\u00e3o esteve composta pela advogada Dr\u00aa Margarete de Cassia Lopes, presidente da Comiss\u00e3o Mulher Advogada e coordenadora do \u201cProjeto OAB por Elas\u201d; do presidente da OAB- Dracena, Dr\u00ba Juliano Stevanato Pereira; da vice-presidente da OAB- Dracena, Dr\u00aa Rafaela Alves do Carmo; da psic\u00f3loga Michele Rodrigues Rubira; al\u00e9m da represente da Pol\u00edcia Civil, delegada Dr\u00aa Luciana Nunes Falc\u00e3o Mendes.<\/p>\n<p><img loading=\"lazy\" decoding=\"async\" class=\"alignnone size-full wp-image-75127\" src=\"https:\/\/jorgezanoni.com.br\/2019\/wp-content\/uploads\/2023\/04\/z-pal-1-Pequeno.jpg\" alt=\"\" width=\"480\" height=\"480\" srcset=\"https:\/\/jorgezanoni.com.br\/2019\/wp-content\/uploads\/2023\/04\/z-pal-1-Pequeno.jpg 480w, https:\/\/jorgezanoni.com.br\/2019\/wp-content\/uploads\/2023\/04\/z-pal-1-Pequeno-300x300.jpg 300w, https:\/\/jorgezanoni.com.br\/2019\/wp-content\/uploads\/2023\/04\/z-pal-1-Pequeno-150x150.jpg 150w, https:\/\/jorgezanoni.com.br\/2019\/wp-content\/uploads\/2023\/04\/z-pal-1-Pequeno-420x420.jpg 420w\" sizes=\"auto, (max-width: 480px) 100vw, 480px\" \/> <img loading=\"lazy\" decoding=\"async\" class=\"alignnone size-full wp-image-75129\" src=\"https:\/\/jorgezanoni.com.br\/2019\/wp-content\/uploads\/2023\/04\/z-pal-2-Pequeno.jpg\" alt=\"\" width=\"480\" height=\"480\" srcset=\"https:\/\/jorgezanoni.com.br\/2019\/wp-content\/uploads\/2023\/04\/z-pal-2-Pequeno.jpg 480w, https:\/\/jorgezanoni.com.br\/2019\/wp-content\/uploads\/2023\/04\/z-pal-2-Pequeno-300x300.jpg 300w, https:\/\/jorgezanoni.com.br\/2019\/wp-content\/uploads\/2023\/04\/z-pal-2-Pequeno-150x150.jpg 150w, https:\/\/jorgezanoni.com.br\/2019\/wp-content\/uploads\/2023\/04\/z-pal-2-Pequeno-420x420.jpg 420w\" sizes=\"auto, (max-width: 480px) 100vw, 480px\" \/><\/p>\n<p style=\"text-align: justify;\">Fonte: Com. Social Pol\u00edcia Civil<\/p>\n","protected":false},"excerpt":{"rendered":"<p>Pol\u00edcia Civil, por interm\u00e9dio da Delegacia de Defesa da Mulher &#8211; DDM, em parceria com a Ordem dos Advogados do Brasil de S\u00e3o Paulo &#8211; 49\u00aa Subsec\u00e7\u00e3o Dracena, promoveram na \u00faltima sexta-feira (14), no audit\u00f3rio da Subsec\u00e7\u00e3o, discuss\u00e3o sobre Viol\u00eancia Dom\u00e9stica e Lei Maria da Penha para estudantes do ensino m\u00e9dio da Escola Estadual 9 [&hellip;]<\/p>\n","protected":false},"author":1,"featured_media":75128,"comment_status":"closed","ping_status":"open","sticky":false,"template":"","format":"standard","meta":{"footnotes":""},"categories":[110,2],"tags":[],"class_list":["post-75126","post","type-post","status-publish","format-standard","has-post-thumbnail","hentry","category-noticiasdestaque","category-policial"],"_links":{"self":[{"href":"https:\/\/jorgezanoni.com.br\/2019\/wp-json\/wp\/v2\/posts\/75126","targetHints":{"allow":["GET"]}}],"collection":[{"href":"https:\/\/jorgezanoni.com.br\/2019\/wp-json\/wp\/v2\/posts"}],"about":[{"href":"https:\/\/jorgezanoni.com.br\/2019\/wp-json\/wp\/v2\/types\/post"}],"author":[{"embeddable":true,"href":"https:\/\/jorgezanoni.com.br\/2019\/wp-json\/wp\/v2\/users\/1"}],"replies":[{"embeddable":true,"href":"https:\/\/jorgezanoni.com.br\/2019\/wp-json\/wp\/v2\/comments?post=75126"}],"version-history":[{"count":1,"href":"https:\/\/jorgezanoni.com.br\/2019\/wp-json\/wp\/v2\/posts\/75126\/revisions"}],"predecessor-version":[{"id":75130,"href":"https:\/\/jorgezanoni.com.br\/2019\/wp-json\/wp\/v2\/posts\/75126\/revisions\/75130"}],"wp:featuredmedia":[{"embeddable":true,"href":"https:\/\/jorgezanoni.com.br\/2019\/wp-json\/wp\/v2\/media\/75128"}],"wp:attachment":[{"href":"https:\/\/jorgezanoni.com.br\/2019\/wp-json\/wp\/v2\/media?parent=75126"}],"wp:term":[{"taxonomy":"category","embeddable":true,"href":"https:\/\/jorgezanoni.com.br\/2019\/wp-json\/wp\/v2\/categories?post=75126"},{"taxonomy":"post_tag","embeddable":true,"href":"https:\/\/jorgezanoni.com.br\/2019\/wp-json\/wp\/v2\/tags?post=75126"}],"curies":[{"name":"wp","href":"https:\/\/api.w.org\/{rel}","templated":true}]}}