{"id":75100,"date":"2023-04-17T23:35:11","date_gmt":"2023-04-17T23:35:11","guid":{"rendered":"https:\/\/jorgezanoni.com.br\/2019\/?p=75100"},"modified":"2023-04-17T23:35:11","modified_gmt":"2023-04-17T23:35:11","slug":"reunioes-em-sao-paulo-e-dracena-entre-somos-educacao-e-fundec-tratam-da-possibilidade-de-expansao-do-ensino-basico-no-pais","status":"publish","type":"post","link":"https:\/\/jorgezanoni.com.br\/2019\/reunioes-em-sao-paulo-e-dracena-entre-somos-educacao-e-fundec-tratam-da-possibilidade-de-expansao-do-ensino-basico-no-pais\/","title":{"rendered":"Reuni\u00f5es em S\u00e3o Paulo e Dracena entre Somos Educa\u00e7\u00e3o e Fundec tratam da possibilidade de expans\u00e3o do Ensino B\u00e1sico no pa\u00eds"},"content":{"rendered":"<p style=\"text-align: justify;\"><span style=\"font-size: large;\">Reuni\u00f5es, palestras e visitas marcaram o m\u00eas de abril para os diretores da Fundec, do CEP\/UME e do Anglo-CID. As palestras trataram de quest\u00f5es pedag\u00f3gicas voltadas ao ensino aprendizagem. Em outras oportunidades, foram abordados temas de novas solu\u00e7\u00f5es e projeto de expans\u00e3o da Somos Educa\u00e7\u00e3o, com foco numa poss\u00edvel amplia\u00e7\u00e3o da parceria que existe h\u00e1 mais de 40 anos com a Fundec.<\/span><\/p>\n<p><span style=\"font-size: large;\">Edson Kai, diretor executivo, e Fernando Nunes, secret\u00e1rio assistente, comentaram que existe um reconhecimento do grupo educacional pelas a\u00e7\u00f5es das unidades mantidas pela Fundec. Disseram que veem com bons olhos essas op\u00e7\u00f5es que o grupo traz para parceiros como a Fundec, o que reflete a confian\u00e7a, a lealdade e o reconhecimento que tem pela funda\u00e7\u00e3o.<\/span><\/p>\n<p><span style=\"font-size: large;\">Neste sentido, a Somos tamb\u00e9m parabenizou a Fundec pela nova escola Maxi Dracena do CEP\/UME, que foi inaugurada neste ano para atender Dracena e regi\u00e3o num modelo de ensino integrado. J\u00e1 no Anglo-CID h\u00e1 o reconhecimento em raz\u00e3o do aumento do n\u00famero de alunos e\u00a0<\/span>pelas<span style=\"font-size: large;\">\u00a0a\u00e7\u00f5es desenvolvidas na institui\u00e7\u00e3o.<\/span><\/p>\n<p><img loading=\"lazy\" decoding=\"async\" class=\"alignnone size-full wp-image-75101\" src=\"https:\/\/jorgezanoni.com.br\/2019\/wp-content\/uploads\/2023\/04\/Somos-Educacao-e-Fundec-01.jpeg\" alt=\"\" width=\"700\" height=\"525\" srcset=\"https:\/\/jorgezanoni.com.br\/2019\/wp-content\/uploads\/2023\/04\/Somos-Educacao-e-Fundec-01.jpeg 700w, https:\/\/jorgezanoni.com.br\/2019\/wp-content\/uploads\/2023\/04\/Somos-Educacao-e-Fundec-01-300x225.jpeg 300w, https:\/\/jorgezanoni.com.br\/2019\/wp-content\/uploads\/2023\/04\/Somos-Educacao-e-Fundec-01-80x60.jpeg 80w, https:\/\/jorgezanoni.com.br\/2019\/wp-content\/uploads\/2023\/04\/Somos-Educacao-e-Fundec-01-265x198.jpeg 265w, https:\/\/jorgezanoni.com.br\/2019\/wp-content\/uploads\/2023\/04\/Somos-Educacao-e-Fundec-01-696x522.jpeg 696w, https:\/\/jorgezanoni.com.br\/2019\/wp-content\/uploads\/2023\/04\/Somos-Educacao-e-Fundec-01-560x420.jpeg 560w\" sizes=\"auto, (max-width: 700px) 100vw, 700px\" \/><\/p>\n<p>Fonte: Depto. de Comunica\u00e7\u00e3o da Fundec<\/p>\n","protected":false},"excerpt":{"rendered":"<p>Reuni\u00f5es, palestras e visitas marcaram o m\u00eas de abril para os diretores da Fundec, do CEP\/UME e do Anglo-CID. As palestras trataram de quest\u00f5es pedag\u00f3gicas voltadas ao ensino aprendizagem. Em outras oportunidades, foram abordados temas de novas solu\u00e7\u00f5es e projeto de expans\u00e3o da Somos Educa\u00e7\u00e3o, com foco numa poss\u00edvel amplia\u00e7\u00e3o da parceria que existe h\u00e1 [&hellip;]<\/p>\n","protected":false},"author":1,"featured_media":75102,"comment_status":"closed","ping_status":"open","sticky":false,"template":"","format":"standard","meta":{"footnotes":""},"categories":[110,122],"tags":[],"class_list":["post-75100","post","type-post","status-publish","format-standard","has-post-thumbnail","hentry","category-noticiasdestaque","category-saudeeducacaoeconcurso"],"_links":{"self":[{"href":"https:\/\/jorgezanoni.com.br\/2019\/wp-json\/wp\/v2\/posts\/75100","targetHints":{"allow":["GET"]}}],"collection":[{"href":"https:\/\/jorgezanoni.com.br\/2019\/wp-json\/wp\/v2\/posts"}],"about":[{"href":"https:\/\/jorgezanoni.com.br\/2019\/wp-json\/wp\/v2\/types\/post"}],"author":[{"embeddable":true,"href":"https:\/\/jorgezanoni.com.br\/2019\/wp-json\/wp\/v2\/users\/1"}],"replies":[{"embeddable":true,"href":"https:\/\/jorgezanoni.com.br\/2019\/wp-json\/wp\/v2\/comments?post=75100"}],"version-history":[{"count":1,"href":"https:\/\/jorgezanoni.com.br\/2019\/wp-json\/wp\/v2\/posts\/75100\/revisions"}],"predecessor-version":[{"id":75103,"href":"https:\/\/jorgezanoni.com.br\/2019\/wp-json\/wp\/v2\/posts\/75100\/revisions\/75103"}],"wp:featuredmedia":[{"embeddable":true,"href":"https:\/\/jorgezanoni.com.br\/2019\/wp-json\/wp\/v2\/media\/75102"}],"wp:attachment":[{"href":"https:\/\/jorgezanoni.com.br\/2019\/wp-json\/wp\/v2\/media?parent=75100"}],"wp:term":[{"taxonomy":"category","embeddable":true,"href":"https:\/\/jorgezanoni.com.br\/2019\/wp-json\/wp\/v2\/categories?post=75100"},{"taxonomy":"post_tag","embeddable":true,"href":"https:\/\/jorgezanoni.com.br\/2019\/wp-json\/wp\/v2\/tags?post=75100"}],"curies":[{"name":"wp","href":"https:\/\/api.w.org\/{rel}","templated":true}]}}