{"id":75096,"date":"2023-04-17T23:17:18","date_gmt":"2023-04-17T23:17:18","guid":{"rendered":"https:\/\/jorgezanoni.com.br\/2019\/?p=75096"},"modified":"2023-04-17T23:17:18","modified_gmt":"2023-04-17T23:17:18","slug":"egresso-da-unifadra-palestra-para-alunos-de-analise-e-desenvolvimento-de-sistemas","status":"publish","type":"post","link":"https:\/\/jorgezanoni.com.br\/2019\/egresso-da-unifadra-palestra-para-alunos-de-analise-e-desenvolvimento-de-sistemas\/","title":{"rendered":"Egresso da Unifadra palestra para alunos de An\u00e1lise e Desenvolvimento de Sistemas"},"content":{"rendered":"<p style=\"text-align: justify;\"><span style=\"font-size: large;\">Os alunos de Tecnologia em An\u00e1lise e Desenvolvimento de Sistemas (TADS) da Unifadra receberam um veterano do curso para falar sobre o tema: &#8220;Jornada tecnol\u00f3gica: gest\u00e3o estrat\u00e9gica para sua carreira&#8221;.<\/span><\/p>\n<p><span style=\"font-size: large;\">Convidado pelo Prof. Me. Alexandre de Queiroz, o egresso da turma de 2020 Gabriel Gimenez Moreira, 25 anos, atual CTO (Chief Technology Officer) da AsA Sistemas de Computa\u00e7\u00e3o, palestrou no dia 10 de abril, contando um pouco sobre sua trajet\u00f3ria, os projetos que acompanhou durante sua carreira e compartilhou experi\u00eancias.<\/span><\/p>\n<p><span style=\"font-size: large;\">Durante a palestra, Gabriel refor\u00e7ou a import\u00e2ncia do curso de TADS para sua forma\u00e7\u00e3o profissional e destacou que \u00e9 necess\u00e1rio se especializar em uma determinada \u00e1rea da computa\u00e7\u00e3o. Ressaltou as linguagens de programa\u00e7\u00e3o que est\u00e3o sendo mais utilizadas no mercado de trabalho e ainda comentou sobre o\u00a0<\/span>ChatGPT.<\/p>\n<p><span style=\"font-size: large;\">&#8220;Ter um palestrante t\u00e3o jovem, que fala a mesma l\u00edngua dos alunos, facilita essa aproxima\u00e7\u00e3o do profissional com os estudantes, em especial neste caso, pois o Gabriel se formou aqui na Unifadra e j\u00e1 se firmou no mercado de trabalho. Ficamos orgulhosos, pois exemplos assim tornam esta realidade mais pr\u00f3xima para quem ainda est\u00e1 cursando&#8221;, refor\u00e7a o coordenador do TADS Prof. Me. Alessandro Fornari.<\/span><\/p>\n<p><img loading=\"lazy\" decoding=\"async\" class=\"alignnone size-full wp-image-75097\" src=\"https:\/\/jorgezanoni.com.br\/2019\/wp-content\/uploads\/2023\/04\/tads.jpeg\" alt=\"\" width=\"700\" height=\"393\" srcset=\"https:\/\/jorgezanoni.com.br\/2019\/wp-content\/uploads\/2023\/04\/tads.jpeg 700w, https:\/\/jorgezanoni.com.br\/2019\/wp-content\/uploads\/2023\/04\/tads-300x168.jpeg 300w, https:\/\/jorgezanoni.com.br\/2019\/wp-content\/uploads\/2023\/04\/tads-696x391.jpeg 696w\" sizes=\"auto, (max-width: 700px) 100vw, 700px\" \/><\/p>\n<p>Fonte: Depto. de Comunica\u00e7\u00e3o da Fundec<\/p>\n","protected":false},"excerpt":{"rendered":"<p>Os alunos de Tecnologia em An\u00e1lise e Desenvolvimento de Sistemas (TADS) da Unifadra receberam um veterano do curso para falar sobre o tema: &#8220;Jornada tecnol\u00f3gica: gest\u00e3o estrat\u00e9gica para sua carreira&#8221;. Convidado pelo Prof. Me. Alexandre de Queiroz, o egresso da turma de 2020 Gabriel Gimenez Moreira, 25 anos, atual CTO (Chief Technology Officer) da AsA [&hellip;]<\/p>\n","protected":false},"author":1,"featured_media":75098,"comment_status":"closed","ping_status":"open","sticky":false,"template":"","format":"standard","meta":{"footnotes":""},"categories":[110,122],"tags":[],"class_list":["post-75096","post","type-post","status-publish","format-standard","has-post-thumbnail","hentry","category-noticiasdestaque","category-saudeeducacaoeconcurso"],"_links":{"self":[{"href":"https:\/\/jorgezanoni.com.br\/2019\/wp-json\/wp\/v2\/posts\/75096","targetHints":{"allow":["GET"]}}],"collection":[{"href":"https:\/\/jorgezanoni.com.br\/2019\/wp-json\/wp\/v2\/posts"}],"about":[{"href":"https:\/\/jorgezanoni.com.br\/2019\/wp-json\/wp\/v2\/types\/post"}],"author":[{"embeddable":true,"href":"https:\/\/jorgezanoni.com.br\/2019\/wp-json\/wp\/v2\/users\/1"}],"replies":[{"embeddable":true,"href":"https:\/\/jorgezanoni.com.br\/2019\/wp-json\/wp\/v2\/comments?post=75096"}],"version-history":[{"count":1,"href":"https:\/\/jorgezanoni.com.br\/2019\/wp-json\/wp\/v2\/posts\/75096\/revisions"}],"predecessor-version":[{"id":75099,"href":"https:\/\/jorgezanoni.com.br\/2019\/wp-json\/wp\/v2\/posts\/75096\/revisions\/75099"}],"wp:featuredmedia":[{"embeddable":true,"href":"https:\/\/jorgezanoni.com.br\/2019\/wp-json\/wp\/v2\/media\/75098"}],"wp:attachment":[{"href":"https:\/\/jorgezanoni.com.br\/2019\/wp-json\/wp\/v2\/media?parent=75096"}],"wp:term":[{"taxonomy":"category","embeddable":true,"href":"https:\/\/jorgezanoni.com.br\/2019\/wp-json\/wp\/v2\/categories?post=75096"},{"taxonomy":"post_tag","embeddable":true,"href":"https:\/\/jorgezanoni.com.br\/2019\/wp-json\/wp\/v2\/tags?post=75096"}],"curies":[{"name":"wp","href":"https:\/\/api.w.org\/{rel}","templated":true}]}}