{"id":75093,"date":"2023-04-17T14:22:28","date_gmt":"2023-04-17T14:22:28","guid":{"rendered":"https:\/\/jorgezanoni.com.br\/2019\/?p=75093"},"modified":"2023-04-17T14:22:28","modified_gmt":"2023-04-17T14:22:28","slug":"em-tempo-de-ciencias-e-tecnologia-na-rede-estadual","status":"publish","type":"post","link":"https:\/\/jorgezanoni.com.br\/2019\/em-tempo-de-ciencias-e-tecnologia-na-rede-estadual\/","title":{"rendered":"Em tempo de Ci\u00eancias e Tecnologia na Rede Estadual"},"content":{"rendered":"<p style=\"text-align: justify;\"><strong><em>\u201dA tecnologia \u00e9 s\u00f3 uma ferramenta. No que se refere a motivar as crian\u00e7as e conseguir que trabalhem juntas, um professor \u00e9 o recurso mais importante.\u201d (<\/em><\/strong><a href=\"https:\/\/www.pensador.com\/autor\/bill_gates\/\"><strong><em>Bill Gates<\/em><\/strong><\/a><strong><em>)<\/em><\/strong><strong>\u00a0<\/strong><\/p>\n<p style=\"text-align: justify;\"><strong>S\u00e9rgio Barbosa (*)<\/strong><\/p>\n<p style=\"text-align: justify;\">Deve-se considerar que o atual cen\u00e1rio em n\u00edvel mundial, est\u00e1 cada vez mais aproximando todas as \u00e1reas do conhecimento, portanto, faz-se necess\u00e1rio estar em conex\u00e3o permanente com as denominadas Ci\u00eancias com a Tecnologia.<\/p>\n<p style=\"text-align: justify;\">Portanto, as institui\u00e7\u00f5es que atuam nas \u00e1reas do Ensino, da Pesquisa e da Extens\u00e3o, est\u00e3o comprometidas com tais a\u00e7\u00f5es afins aos objetivos, ainda, conectados em busca do desenvolvimento cient\u00edfico por meio da tecnologia.<\/p>\n<p style=\"text-align: justify;\"><strong>Feira de Ci\u00eancias e Tecnologia<\/strong><\/p>\n<p style=\"text-align: justify;\">Neste contexto plural para a educa\u00e7\u00e3o em todos os n\u00edveis, a Diretoria de Ensino de Adamantina, estar\u00e1 promovendo a \u201c1\u00aa. Feira de Ci\u00eancias e Tecnologia\u201d por meio da parceria com os alunos e alunas das Escolas Estaduais da Regi\u00e3o de Adamantina.<\/p>\n<p style=\"text-align: justify;\">A promo\u00e7\u00e3o e execu\u00e7\u00e3o da Feira, tem o apoio do Poder Judici\u00e1rio da Comarca de Adamantina e da FAI- Centro Universit\u00e1rio de Adamantina.<\/p>\n<p style=\"text-align: justify;\">As atividades ser\u00e3o realizadas nos dias 18 e 19 deste m\u00eas, a partir das 8h, no campus 1 da FAI, por\u00e9m, com visita\u00e7\u00f5es previamente agendadas para alunos\/as, professores\/as especialistas em Curr\u00edculo e PROATECs do CIEBP- Centro de Inova\u00e7\u00e3o da Educa\u00e7\u00e3o B\u00e1sica Paulista.<\/p>\n<p style=\"text-align: justify;\">Trata-se de uma Feira que est\u00e1 al\u00e9m das atividades desenvolvidas em sala de aula nas respectivas escolas, desta forma, os desafios est\u00e3o marcando presen\u00e7a nas diversas atividades previstas com alunos\/as e professores\/as.<\/p>\n<p style=\"text-align: justify;\"><strong>CIEBP e Inova\u00e7\u00e3o<\/strong><strong>\u00a0 <\/strong><\/p>\n<p style=\"text-align: justify;\">A preocupa\u00e7\u00e3o deve ser constante em todas as \u00e1reas, todavia, o mercado atual est\u00e1 exigindo cada vez mais dos\/as profissionais que fazem parte deste cen\u00e1rio em tempo de p\u00f3s-globaliza\u00e7\u00e3o organizacional.<\/p>\n<p style=\"text-align: justify;\">Desta forma, a denominada Inova\u00e7\u00e3o em sintonia com o avan\u00e7o Tecnol\u00f3gico deve ser permanente em todas as \u00e1reas que envolvem o sistema educacional.<\/p>\n<p style=\"text-align: justify;\">Tendo como desafio este objetivo, o CIEBP busca estar em constante desenvolvimento por meio da Inova\u00e7\u00e3o constante na \u00e1rea da Educa\u00e7\u00e3o B\u00e1sica na regi\u00e3o de Adamantina.<\/p>\n<p style=\"text-align: justify;\"><strong>Trabalhos e participa\u00e7\u00e3o<\/strong><\/p>\n<p style=\"text-align: justify;\">Os trabalhos que ser\u00e3o apresentados na Feira, foram desenvolvidos pelos alunos\/as e professores\/as da respectivas Escolas Estaduais, ainda, nas \u00e1reas das Ci\u00eancias e Tecnologia, por\u00e9m, divididos em categorias, a saber: J\u00fanior (6\u00ba ao 8\u00ba ano) e Master (9\u00ba ano e Ensino M\u00e9dio).<\/p>\n<p style=\"text-align: justify;\">De acordo com a Professora Mary Mattara, Dirigente Regional de Ensino, a saber: \u201cO objetivo da 1\u00aa Feira \u00e9 despertar o interesse, o est\u00edmulo e a participa\u00e7\u00e3o ativa dos estudantes e professores na execu\u00e7\u00e3o de pesquisas e atividades pedag\u00f3gicas no \u00e2mbito da Ci\u00eancia. Quanto ao professor, engajar-se no desenvolvimento de uma educa\u00e7\u00e3o disruptiva\u201d.<\/p>\n<p style=\"text-align: justify;\">O momento atual est\u00e1 exigindo novos paradigmas educacionais, tendo em vista o desenvolvimento tecnol\u00f3gico em n\u00edvel mundial, portanto, tais atividades desenvolvidas por meio de \u201cFeiras de Inova\u00e7\u00e3o\u201d, podem e devem fazer a diferen\u00e7a para alunos\/as, professores\/as e dirigentes que atuam nas Escolas Estaduais da regi\u00e3o de Adamantina.<\/p>\n<p style=\"text-align: justify;\"><strong><em>_____________________________________<\/em><\/strong><\/p>\n<p style=\"text-align: justify;\"><strong><em>(*) jornalista diplomado, pesquisador da C\u00e1tedra UNESCO\/UMESP de Comunica\u00e7\u00e3o para o Desenvolvimento Regional e autor do livro: ADAMANTINA: Novas Perspectivas de Organiza\u00e7\u00f5es Empresariais- Volume 1 (ACEA\/EP\/ASSPEM\/2.021).<\/em><\/strong><\/p>\n<p style=\"text-align: justify;\"><strong><em>e-mail: <\/em><\/strong><a href=\"mailto:barbosa.sebar@gmail.com\"><strong><em>barbosa.sebar@gmail.com<\/em><\/strong><\/a><\/p>\n<p style=\"text-align: justify;\"><strong><em>\u00a0<\/em><\/strong><\/p>\n<p style=\"text-align: justify;\">\n<p style=\"text-align: justify;\">\n","protected":false},"excerpt":{"rendered":"<p>\u201dA tecnologia \u00e9 s\u00f3 uma ferramenta. No que se refere a motivar as crian\u00e7as e conseguir que trabalhem juntas, um professor \u00e9 o recurso mais importante.\u201d (Bill Gates)\u00a0 S\u00e9rgio Barbosa (*) Deve-se considerar que o atual cen\u00e1rio em n\u00edvel mundial, est\u00e1 cada vez mais aproximando todas as \u00e1reas do conhecimento, portanto, faz-se necess\u00e1rio estar em [&hellip;]<\/p>\n","protected":false},"author":1,"featured_media":75094,"comment_status":"closed","ping_status":"open","sticky":false,"template":"","format":"standard","meta":{"footnotes":""},"categories":[110,122],"tags":[],"class_list":["post-75093","post","type-post","status-publish","format-standard","has-post-thumbnail","hentry","category-noticiasdestaque","category-saudeeducacaoeconcurso"],"_links":{"self":[{"href":"https:\/\/jorgezanoni.com.br\/2019\/wp-json\/wp\/v2\/posts\/75093","targetHints":{"allow":["GET"]}}],"collection":[{"href":"https:\/\/jorgezanoni.com.br\/2019\/wp-json\/wp\/v2\/posts"}],"about":[{"href":"https:\/\/jorgezanoni.com.br\/2019\/wp-json\/wp\/v2\/types\/post"}],"author":[{"embeddable":true,"href":"https:\/\/jorgezanoni.com.br\/2019\/wp-json\/wp\/v2\/users\/1"}],"replies":[{"embeddable":true,"href":"https:\/\/jorgezanoni.com.br\/2019\/wp-json\/wp\/v2\/comments?post=75093"}],"version-history":[{"count":1,"href":"https:\/\/jorgezanoni.com.br\/2019\/wp-json\/wp\/v2\/posts\/75093\/revisions"}],"predecessor-version":[{"id":75095,"href":"https:\/\/jorgezanoni.com.br\/2019\/wp-json\/wp\/v2\/posts\/75093\/revisions\/75095"}],"wp:featuredmedia":[{"embeddable":true,"href":"https:\/\/jorgezanoni.com.br\/2019\/wp-json\/wp\/v2\/media\/75094"}],"wp:attachment":[{"href":"https:\/\/jorgezanoni.com.br\/2019\/wp-json\/wp\/v2\/media?parent=75093"}],"wp:term":[{"taxonomy":"category","embeddable":true,"href":"https:\/\/jorgezanoni.com.br\/2019\/wp-json\/wp\/v2\/categories?post=75093"},{"taxonomy":"post_tag","embeddable":true,"href":"https:\/\/jorgezanoni.com.br\/2019\/wp-json\/wp\/v2\/tags?post=75093"}],"curies":[{"name":"wp","href":"https:\/\/api.w.org\/{rel}","templated":true}]}}