{"id":75070,"date":"2023-04-16T19:12:20","date_gmt":"2023-04-16T19:12:20","guid":{"rendered":"https:\/\/jorgezanoni.com.br\/2019\/?p=75070"},"modified":"2023-04-16T19:12:20","modified_gmt":"2023-04-16T19:12:20","slug":"policia-militar-prende-duas-pessoas-por-estupro-de-vulneravel-em-dracena","status":"publish","type":"post","link":"https:\/\/jorgezanoni.com.br\/2019\/policia-militar-prende-duas-pessoas-por-estupro-de-vulneravel-em-dracena\/","title":{"rendered":"Pol\u00edcia Militar prende duas pessoas por estupro de vulner\u00e1vel em Dracena"},"content":{"rendered":"<p style=\"text-align: justify;\">Neste s\u00e1bado (15), uma equipe da Pol\u00edcia Militar em Dracena, deslocou juntamente com outras equipes, onde em contato com a solicitante, uma senhora, av\u00f3 da v\u00edtima, que estava em desintelig\u00eancia com duas pessoas devido ter encontrado sua neta que estava desaparecida desde quinta-feira (14), a noite.<\/p>\n<p style=\"text-align: justify;\">Em contato com a crian\u00e7a, de 11 ( onze) anos, relatou que atrav\u00e9s de mensagens via whatsapp com um dos envolvidos, que a convidou para ir at\u00e9 a sua resid\u00eancia e que quem a buscou na pra\u00e7a Arthur Pagnozzi foi um adolescente, de 17 anos, tamb\u00e9m morador da resid\u00eancia, onde veio a passar a noite e manteve rela\u00e7\u00f5es sexuais com o indiciado e o sindicado.<\/p>\n<p style=\"text-align: justify;\">Devido os relatos, todas as partes foram conduzidas a delegacia de pol\u00edcia, onde foi acionado o conselho tutelar devido envolvimento de crian\u00e7a e adolescente.<\/p>\n<p style=\"text-align: justify;\">Em depoimento na delegacia, o indiciado confessou ter mantido rela\u00e7\u00f5es sexuais com a sindicada, de 17 anos e com a menor de 11 anos e que n\u00e3o sabia a idade da menor, j\u00e1 no depoimento do sindicado, de 17 anos, esse declarou que apenas acariciou o corpo e que n\u00e3o teve conjun\u00e7\u00e3o carnal, apenas o autor.<\/p>\n<p style=\"text-align: justify;\">Diante dos fatos, no Plant\u00e3o de Pol\u00edcia Judici\u00e1ria foi dado voz de pris\u00e3o ao autor e ao adolescente (17 anos), devido ao crime de estupro de vulner\u00e1vel artigo 217-A e 243 da lei 8069\/90 \u2013 ECA, oferecer bebida alco\u00f3lica a menores de idade.<\/p>\n<p style=\"text-align: justify;\">Foi apreendido os celulares para per\u00edcia, da v\u00edtima (11 anos) e do sindicado (17 anos).<br \/>\nV\u00edtima encaminhada ao IML para passar por exames de corpo de delito.<\/p>\n<p>Fonte: Com. Social Pol\u00edcia Militar<\/p>\n<p>Imagem Ilustrativa<\/p>\n","protected":false},"excerpt":{"rendered":"<p>Neste s\u00e1bado (15), uma equipe da Pol\u00edcia Militar em Dracena, deslocou juntamente com outras equipes, onde em contato com a solicitante, uma senhora, av\u00f3 da v\u00edtima, que estava em desintelig\u00eancia com duas pessoas devido ter encontrado sua neta que estava desaparecida desde quinta-feira (14), a noite. Em contato com a crian\u00e7a, de 11 ( onze) [&hellip;]<\/p>\n","protected":false},"author":1,"featured_media":75071,"comment_status":"closed","ping_status":"open","sticky":false,"template":"","format":"standard","meta":{"footnotes":""},"categories":[110,2],"tags":[],"class_list":["post-75070","post","type-post","status-publish","format-standard","has-post-thumbnail","hentry","category-noticiasdestaque","category-policial"],"_links":{"self":[{"href":"https:\/\/jorgezanoni.com.br\/2019\/wp-json\/wp\/v2\/posts\/75070","targetHints":{"allow":["GET"]}}],"collection":[{"href":"https:\/\/jorgezanoni.com.br\/2019\/wp-json\/wp\/v2\/posts"}],"about":[{"href":"https:\/\/jorgezanoni.com.br\/2019\/wp-json\/wp\/v2\/types\/post"}],"author":[{"embeddable":true,"href":"https:\/\/jorgezanoni.com.br\/2019\/wp-json\/wp\/v2\/users\/1"}],"replies":[{"embeddable":true,"href":"https:\/\/jorgezanoni.com.br\/2019\/wp-json\/wp\/v2\/comments?post=75070"}],"version-history":[{"count":1,"href":"https:\/\/jorgezanoni.com.br\/2019\/wp-json\/wp\/v2\/posts\/75070\/revisions"}],"predecessor-version":[{"id":75072,"href":"https:\/\/jorgezanoni.com.br\/2019\/wp-json\/wp\/v2\/posts\/75070\/revisions\/75072"}],"wp:featuredmedia":[{"embeddable":true,"href":"https:\/\/jorgezanoni.com.br\/2019\/wp-json\/wp\/v2\/media\/75071"}],"wp:attachment":[{"href":"https:\/\/jorgezanoni.com.br\/2019\/wp-json\/wp\/v2\/media?parent=75070"}],"wp:term":[{"taxonomy":"category","embeddable":true,"href":"https:\/\/jorgezanoni.com.br\/2019\/wp-json\/wp\/v2\/categories?post=75070"},{"taxonomy":"post_tag","embeddable":true,"href":"https:\/\/jorgezanoni.com.br\/2019\/wp-json\/wp\/v2\/tags?post=75070"}],"curies":[{"name":"wp","href":"https:\/\/api.w.org\/{rel}","templated":true}]}}