{"id":75058,"date":"2023-04-16T13:54:25","date_gmt":"2023-04-16T13:54:25","guid":{"rendered":"https:\/\/jorgezanoni.com.br\/2019\/?p=75058"},"modified":"2023-04-16T13:54:25","modified_gmt":"2023-04-16T13:54:25","slug":"passeata-do-autismo-reune-autoridades-estudantes-e-entidades-com-a-participacao-da-deputada-valeria-bolsonaro","status":"publish","type":"post","link":"https:\/\/jorgezanoni.com.br\/2019\/passeata-do-autismo-reune-autoridades-estudantes-e-entidades-com-a-participacao-da-deputada-valeria-bolsonaro\/","title":{"rendered":"Passeata do Autismo re\u00fane autoridades, estudantes e entidades com a participa\u00e7\u00e3o da Deputada Val\u00e9ria Bolsonaro"},"content":{"rendered":"<div class=\"ntc_resumo_noticia sw_lato_bold\" style=\"text-align: justify;\"><strong>Durante o evento, a deputada anunciou a conquista de dois \u00f4nibus para o munic\u00edpio de Dracena.<\/strong><\/div>\n<div><\/div>\n<div class=\"ntc_descricao_noticia\">\n<div class=\"ntc_cont_descricao_noticia sw_txteditor\">\n<p style=\"text-align: justify;\">A 1\u00aa Passeata Azul, de conscientiza\u00e7\u00e3o sobre o Autismo, foi realizada na manh\u00e3 dessa sexta-feira, 14, pela \u00e1rea central de Dracena e contou com a participa\u00e7\u00e3o da deputada estadual Val\u00e9ria Bolsonaro (PL\/SP). O evento foi realizado pelos Pais e Amigos dos Autistas de Dracena e pelo grupo ONDA-Autismo, com apoio da Prefeitura e das Secretarias de Desenvolvimento Social, Sa\u00fade, Cultura e de Educa\u00e7\u00e3o.<\/p>\n<p style=\"text-align: justify;\">Com o objetivo de levar mais conhecimento sobre o Transtorno do Espectro Autista (TEA), a passeata reuniu alunos e professores de escolas municipais e estaduais; amigos e familiares de autistas, assim como a Associa\u00e7\u00e3o de Pais e Amigos dos Excepcionais (APAE); Associa\u00e7\u00e3o de Valoriza\u00e7\u00e3o Humana (AVAHU); Associa\u00e7\u00e3o Adefi Suli; Grupo Teatral S.O.S Gira Mundos; Instituto CISNE; Academia Corpo de Mulher; Projeto Crian\u00e7a Feliz; clubes de servi\u00e7o, como o Lions Clube de Dracena Cinquenten\u00e1rio; Ca\u00edque do Plant\u00e3o da Alegria; Associa\u00e7\u00e3o Comercial e Empresarial (ACE); Centro de Conviv\u00eancia do Idoso (CCI); Prefeitura de Tupi Paulista.<\/p>\n<p style=\"text-align: justify;\">Foram percorridas as Avenidas Presidente Vargas e Roosevelt, com a maioria vestida de azul. Antes de sa\u00edrem pelas avenidas, o coral da APAE realizou apresenta\u00e7\u00e3o especial no coreto da Pra\u00e7a Arthur Pagnozzi.<\/p>\n<p style=\"text-align: justify;\">O prefeito Andr\u00e9 Lemos prestigiou o evento ao lado da primeira-dama e secret\u00e1ria de Desenvolvimento Social Bianca Kozan Lemos; outros secret\u00e1rios municipais tamb\u00e9m marcaram presen\u00e7a. A C\u00e2mara Municipal, representada pelo presidente Danilo Ledo se fez presente ao evento. O ex-deputado federal Coronel Tadeu tamb\u00e9m veio para prestigiar o evento.<\/p>\n<p style=\"text-align: justify;\">Comerciantes com suas equipes acompanharam a passeata, algumas lojas prepararam as vitrines com a cor azul em homenagem ao movimento.<br \/>\nAs autoridades fizeram uso da palavra. O prefeito Andr\u00e9 durante a sua fala ressaltou a atitude da primeira-dama Bianca, em abra\u00e7ar a causa, reunir as demais secretarias, para unir for\u00e7a e desenvolver um trabalho voltado aos autistas.<\/p>\n<p><strong>NOVIDADES ANUNCIADAS<\/strong><br \/>\nDurante o evento, a deputada Val\u00e9ria Bolsonaro anunciou a conquista de mais dois \u00f4nibus, de 45 lugares, para Dracena. Os ve\u00edculos ser\u00e3o destinados para a Secretaria da Educa\u00e7\u00e3o e para a APAE. Os \u00f4nibus j\u00e1 est\u00e3o a caminho do munic\u00edpio.<\/p>\n<p style=\"text-align: justify;\">Ap\u00f3s a passeata, a deputada se dirigiu \u00e0 C\u00e2mara Municipal para participar de encontro e apresentar a Frente Parlamentar de Defesa \u00e0 Pessoa com Defici\u00eancia e Doen\u00e7as Raras da Alesp (Assembleia Legislativa Paulista).<\/p>\n<p><img loading=\"lazy\" decoding=\"async\" class=\"alignnone size-full wp-image-75059\" src=\"https:\/\/jorgezanoni.com.br\/2019\/wp-content\/uploads\/2023\/04\/IMG_5757-Pequeno.jpg\" alt=\"\" width=\"640\" height=\"480\" srcset=\"https:\/\/jorgezanoni.com.br\/2019\/wp-content\/uploads\/2023\/04\/IMG_5757-Pequeno.jpg 640w, https:\/\/jorgezanoni.com.br\/2019\/wp-content\/uploads\/2023\/04\/IMG_5757-Pequeno-300x225.jpg 300w, https:\/\/jorgezanoni.com.br\/2019\/wp-content\/uploads\/2023\/04\/IMG_5757-Pequeno-80x60.jpg 80w, https:\/\/jorgezanoni.com.br\/2019\/wp-content\/uploads\/2023\/04\/IMG_5757-Pequeno-265x198.jpg 265w, https:\/\/jorgezanoni.com.br\/2019\/wp-content\/uploads\/2023\/04\/IMG_5757-Pequeno-560x420.jpg 560w\" sizes=\"auto, (max-width: 640px) 100vw, 640px\" \/> <img loading=\"lazy\" decoding=\"async\" class=\"alignnone size-full wp-image-75060\" src=\"https:\/\/jorgezanoni.com.br\/2019\/wp-content\/uploads\/2023\/04\/IMG_5759-Pequeno.jpg\" alt=\"\" width=\"640\" height=\"480\" srcset=\"https:\/\/jorgezanoni.com.br\/2019\/wp-content\/uploads\/2023\/04\/IMG_5759-Pequeno.jpg 640w, https:\/\/jorgezanoni.com.br\/2019\/wp-content\/uploads\/2023\/04\/IMG_5759-Pequeno-300x225.jpg 300w, https:\/\/jorgezanoni.com.br\/2019\/wp-content\/uploads\/2023\/04\/IMG_5759-Pequeno-80x60.jpg 80w, https:\/\/jorgezanoni.com.br\/2019\/wp-content\/uploads\/2023\/04\/IMG_5759-Pequeno-265x198.jpg 265w, https:\/\/jorgezanoni.com.br\/2019\/wp-content\/uploads\/2023\/04\/IMG_5759-Pequeno-560x420.jpg 560w\" sizes=\"auto, (max-width: 640px) 100vw, 640px\" \/> <img loading=\"lazy\" decoding=\"async\" class=\"alignnone size-full wp-image-75061\" src=\"https:\/\/jorgezanoni.com.br\/2019\/wp-content\/uploads\/2023\/04\/IMG_5761-Pequeno.jpg\" alt=\"\" width=\"640\" height=\"480\" srcset=\"https:\/\/jorgezanoni.com.br\/2019\/wp-content\/uploads\/2023\/04\/IMG_5761-Pequeno.jpg 640w, https:\/\/jorgezanoni.com.br\/2019\/wp-content\/uploads\/2023\/04\/IMG_5761-Pequeno-300x225.jpg 300w, https:\/\/jorgezanoni.com.br\/2019\/wp-content\/uploads\/2023\/04\/IMG_5761-Pequeno-80x60.jpg 80w, https:\/\/jorgezanoni.com.br\/2019\/wp-content\/uploads\/2023\/04\/IMG_5761-Pequeno-265x198.jpg 265w, https:\/\/jorgezanoni.com.br\/2019\/wp-content\/uploads\/2023\/04\/IMG_5761-Pequeno-560x420.jpg 560w\" sizes=\"auto, (max-width: 640px) 100vw, 640px\" \/> <img loading=\"lazy\" decoding=\"async\" class=\"alignnone size-full wp-image-75062\" src=\"https:\/\/jorgezanoni.com.br\/2019\/wp-content\/uploads\/2023\/04\/IMG_5762-Pequeno.jpg\" alt=\"\" width=\"640\" height=\"480\" srcset=\"https:\/\/jorgezanoni.com.br\/2019\/wp-content\/uploads\/2023\/04\/IMG_5762-Pequeno.jpg 640w, https:\/\/jorgezanoni.com.br\/2019\/wp-content\/uploads\/2023\/04\/IMG_5762-Pequeno-300x225.jpg 300w, https:\/\/jorgezanoni.com.br\/2019\/wp-content\/uploads\/2023\/04\/IMG_5762-Pequeno-80x60.jpg 80w, https:\/\/jorgezanoni.com.br\/2019\/wp-content\/uploads\/2023\/04\/IMG_5762-Pequeno-265x198.jpg 265w, https:\/\/jorgezanoni.com.br\/2019\/wp-content\/uploads\/2023\/04\/IMG_5762-Pequeno-560x420.jpg 560w\" sizes=\"auto, (max-width: 640px) 100vw, 640px\" \/> <img loading=\"lazy\" decoding=\"async\" class=\"alignnone size-full wp-image-75063\" src=\"https:\/\/jorgezanoni.com.br\/2019\/wp-content\/uploads\/2023\/04\/IMG_5763-Pequeno.jpg\" alt=\"\" width=\"640\" height=\"480\" srcset=\"https:\/\/jorgezanoni.com.br\/2019\/wp-content\/uploads\/2023\/04\/IMG_5763-Pequeno.jpg 640w, https:\/\/jorgezanoni.com.br\/2019\/wp-content\/uploads\/2023\/04\/IMG_5763-Pequeno-300x225.jpg 300w, https:\/\/jorgezanoni.com.br\/2019\/wp-content\/uploads\/2023\/04\/IMG_5763-Pequeno-80x60.jpg 80w, https:\/\/jorgezanoni.com.br\/2019\/wp-content\/uploads\/2023\/04\/IMG_5763-Pequeno-265x198.jpg 265w, https:\/\/jorgezanoni.com.br\/2019\/wp-content\/uploads\/2023\/04\/IMG_5763-Pequeno-560x420.jpg 560w\" sizes=\"auto, (max-width: 640px) 100vw, 640px\" \/> <img loading=\"lazy\" decoding=\"async\" class=\"alignnone size-full wp-image-75064\" src=\"https:\/\/jorgezanoni.com.br\/2019\/wp-content\/uploads\/2023\/04\/IMG_5764-Pequeno.jpg\" alt=\"\" width=\"640\" height=\"480\" srcset=\"https:\/\/jorgezanoni.com.br\/2019\/wp-content\/uploads\/2023\/04\/IMG_5764-Pequeno.jpg 640w, https:\/\/jorgezanoni.com.br\/2019\/wp-content\/uploads\/2023\/04\/IMG_5764-Pequeno-300x225.jpg 300w, https:\/\/jorgezanoni.com.br\/2019\/wp-content\/uploads\/2023\/04\/IMG_5764-Pequeno-80x60.jpg 80w, https:\/\/jorgezanoni.com.br\/2019\/wp-content\/uploads\/2023\/04\/IMG_5764-Pequeno-265x198.jpg 265w, https:\/\/jorgezanoni.com.br\/2019\/wp-content\/uploads\/2023\/04\/IMG_5764-Pequeno-560x420.jpg 560w\" sizes=\"auto, (max-width: 640px) 100vw, 640px\" \/> <img loading=\"lazy\" decoding=\"async\" class=\"alignnone size-full wp-image-75065\" src=\"https:\/\/jorgezanoni.com.br\/2019\/wp-content\/uploads\/2023\/04\/IMG_5765-Pequeno.jpg\" alt=\"\" width=\"640\" height=\"480\" srcset=\"https:\/\/jorgezanoni.com.br\/2019\/wp-content\/uploads\/2023\/04\/IMG_5765-Pequeno.jpg 640w, https:\/\/jorgezanoni.com.br\/2019\/wp-content\/uploads\/2023\/04\/IMG_5765-Pequeno-300x225.jpg 300w, https:\/\/jorgezanoni.com.br\/2019\/wp-content\/uploads\/2023\/04\/IMG_5765-Pequeno-80x60.jpg 80w, https:\/\/jorgezanoni.com.br\/2019\/wp-content\/uploads\/2023\/04\/IMG_5765-Pequeno-265x198.jpg 265w, https:\/\/jorgezanoni.com.br\/2019\/wp-content\/uploads\/2023\/04\/IMG_5765-Pequeno-560x420.jpg 560w\" sizes=\"auto, (max-width: 640px) 100vw, 640px\" \/> <img loading=\"lazy\" decoding=\"async\" class=\"alignnone size-full wp-image-75066\" src=\"https:\/\/jorgezanoni.com.br\/2019\/wp-content\/uploads\/2023\/04\/IMG_5766-Pequeno.jpg\" alt=\"\" width=\"640\" height=\"480\" srcset=\"https:\/\/jorgezanoni.com.br\/2019\/wp-content\/uploads\/2023\/04\/IMG_5766-Pequeno.jpg 640w, https:\/\/jorgezanoni.com.br\/2019\/wp-content\/uploads\/2023\/04\/IMG_5766-Pequeno-300x225.jpg 300w, https:\/\/jorgezanoni.com.br\/2019\/wp-content\/uploads\/2023\/04\/IMG_5766-Pequeno-80x60.jpg 80w, https:\/\/jorgezanoni.com.br\/2019\/wp-content\/uploads\/2023\/04\/IMG_5766-Pequeno-265x198.jpg 265w, https:\/\/jorgezanoni.com.br\/2019\/wp-content\/uploads\/2023\/04\/IMG_5766-Pequeno-560x420.jpg 560w\" sizes=\"auto, (max-width: 640px) 100vw, 640px\" \/> <img loading=\"lazy\" decoding=\"async\" class=\"alignnone size-full wp-image-75067\" src=\"https:\/\/jorgezanoni.com.br\/2019\/wp-content\/uploads\/2023\/04\/IMG_5767-Pequeno.jpg\" alt=\"\" width=\"640\" height=\"480\" srcset=\"https:\/\/jorgezanoni.com.br\/2019\/wp-content\/uploads\/2023\/04\/IMG_5767-Pequeno.jpg 640w, https:\/\/jorgezanoni.com.br\/2019\/wp-content\/uploads\/2023\/04\/IMG_5767-Pequeno-300x225.jpg 300w, https:\/\/jorgezanoni.com.br\/2019\/wp-content\/uploads\/2023\/04\/IMG_5767-Pequeno-80x60.jpg 80w, https:\/\/jorgezanoni.com.br\/2019\/wp-content\/uploads\/2023\/04\/IMG_5767-Pequeno-265x198.jpg 265w, https:\/\/jorgezanoni.com.br\/2019\/wp-content\/uploads\/2023\/04\/IMG_5767-Pequeno-560x420.jpg 560w\" sizes=\"auto, (max-width: 640px) 100vw, 640px\" \/><img loading=\"lazy\" decoding=\"async\" class=\"alignnone size-full wp-image-75068\" src=\"https:\/\/jorgezanoni.com.br\/2019\/wp-content\/uploads\/2023\/04\/passeata.jpg\" alt=\"\" width=\"800\" height=\"533\" srcset=\"https:\/\/jorgezanoni.com.br\/2019\/wp-content\/uploads\/2023\/04\/passeata.jpg 800w, https:\/\/jorgezanoni.com.br\/2019\/wp-content\/uploads\/2023\/04\/passeata-300x200.jpg 300w, https:\/\/jorgezanoni.com.br\/2019\/wp-content\/uploads\/2023\/04\/passeata-768x512.jpg 768w, https:\/\/jorgezanoni.com.br\/2019\/wp-content\/uploads\/2023\/04\/passeata-696x464.jpg 696w, https:\/\/jorgezanoni.com.br\/2019\/wp-content\/uploads\/2023\/04\/passeata-630x420.jpg 630w\" sizes=\"auto, (max-width: 800px) 100vw, 800px\" \/><\/p>\n<p style=\"text-align: justify;\">Fonte: Diretoria de Comunica\u00e7\u00e3o<\/p>\n<p style=\"text-align: justify;\">Fotos: Jorge Zanoni e Diretoria de Comunica\u00e7\u00e3o<\/p>\n<\/div>\n<\/div>\n","protected":false},"excerpt":{"rendered":"<p>Durante o evento, a deputada anunciou a conquista de dois \u00f4nibus para o munic\u00edpio de Dracena. A 1\u00aa Passeata Azul, de conscientiza\u00e7\u00e3o sobre o Autismo, foi realizada na manh\u00e3 dessa sexta-feira, 14, pela \u00e1rea central de Dracena e contou com a participa\u00e7\u00e3o da deputada estadual Val\u00e9ria Bolsonaro (PL\/SP). O evento foi realizado pelos Pais e [&hellip;]<\/p>\n","protected":false},"author":1,"featured_media":75059,"comment_status":"closed","ping_status":"open","sticky":false,"template":"","format":"standard","meta":{"footnotes":""},"categories":[110,118],"tags":[],"class_list":["post-75058","post","type-post","status-publish","format-standard","has-post-thumbnail","hentry","category-noticiasdestaque","category-religiaoesolidariedade"],"_links":{"self":[{"href":"https:\/\/jorgezanoni.com.br\/2019\/wp-json\/wp\/v2\/posts\/75058","targetHints":{"allow":["GET"]}}],"collection":[{"href":"https:\/\/jorgezanoni.com.br\/2019\/wp-json\/wp\/v2\/posts"}],"about":[{"href":"https:\/\/jorgezanoni.com.br\/2019\/wp-json\/wp\/v2\/types\/post"}],"author":[{"embeddable":true,"href":"https:\/\/jorgezanoni.com.br\/2019\/wp-json\/wp\/v2\/users\/1"}],"replies":[{"embeddable":true,"href":"https:\/\/jorgezanoni.com.br\/2019\/wp-json\/wp\/v2\/comments?post=75058"}],"version-history":[{"count":1,"href":"https:\/\/jorgezanoni.com.br\/2019\/wp-json\/wp\/v2\/posts\/75058\/revisions"}],"predecessor-version":[{"id":75069,"href":"https:\/\/jorgezanoni.com.br\/2019\/wp-json\/wp\/v2\/posts\/75058\/revisions\/75069"}],"wp:featuredmedia":[{"embeddable":true,"href":"https:\/\/jorgezanoni.com.br\/2019\/wp-json\/wp\/v2\/media\/75059"}],"wp:attachment":[{"href":"https:\/\/jorgezanoni.com.br\/2019\/wp-json\/wp\/v2\/media?parent=75058"}],"wp:term":[{"taxonomy":"category","embeddable":true,"href":"https:\/\/jorgezanoni.com.br\/2019\/wp-json\/wp\/v2\/categories?post=75058"},{"taxonomy":"post_tag","embeddable":true,"href":"https:\/\/jorgezanoni.com.br\/2019\/wp-json\/wp\/v2\/tags?post=75058"}],"curies":[{"name":"wp","href":"https:\/\/api.w.org\/{rel}","templated":true}]}}