{"id":75039,"date":"2023-04-15T22:39:08","date_gmt":"2023-04-15T22:39:08","guid":{"rendered":"https:\/\/jorgezanoni.com.br\/2019\/?p=75039"},"modified":"2023-04-15T22:39:08","modified_gmt":"2023-04-15T22:39:08","slug":"diretoria-regional-de-ensino-de-adamantina-visita-delegacia-seccional-de-policia-de-dracena","status":"publish","type":"post","link":"https:\/\/jorgezanoni.com.br\/2019\/diretoria-regional-de-ensino-de-adamantina-visita-delegacia-seccional-de-policia-de-dracena\/","title":{"rendered":"Diretoria Regional de Ensino de Adamantina visita Delegacia Seccional de Pol\u00edcia de Dracena"},"content":{"rendered":"<p style=\"text-align: justify;\">A Diretora de Ensino Regional, de Adamantina \u2013 DER, que tem supremacia hier\u00e1rquica sobre as escolas de Dracena, Professora Irmes Roque Mattara, acompanhada dos supervisores regionais de ensino que atuam na regi\u00e3o, foi recebida, nesta data \u00e0s 13:30 horas, na sala de reuni\u00f5es da sede da Delegacia Seccional de Pol\u00edcia de Dracena pelos Delegados de Pol\u00edcia: Alexandre Lu\u00eds Luengo Lopes \u2013 Delegado Seccional de Pol\u00edcia, F\u00e9res Cury Karam \u2013 Assistente Seccional, Cleber Augusto Batista da DIG e Luciana Mendes da DDM Dracena.<\/p>\n<p style=\"text-align: justify;\">Na oportunidade, estreitaram-se ainda mais os la\u00e7os de trabalho entre Pol\u00edcia Civil e Professores, no intuito de oferecer um trabalho cada vez melhor em prol da educa\u00e7\u00e3o e seguran\u00e7a das escolas da regi\u00e3o, principalmente diante de fatos recentes, amplamente noticiados pela m\u00eddia, tendo por objeto viol\u00eancia contra escolas.<\/p>\n<p style=\"text-align: justify;\">V\u00e1rios assuntos foram tratados, dentre eles as novidades escolares advindas do Governo do Estado visando aumentar a seguran\u00e7a escolar, orienta\u00e7\u00e3o aos alunos em casos diversos como bullying, agress\u00f5es, dentre outros, estando a Pol\u00edcia Civil e Professores em alerta parta atender todo e qualquer caso em que se vislumbre ataque \u00e0s escolas, ainda que sejam not\u00edcias duvidosas.<\/p>\n<p style=\"text-align: justify;\">A Pol\u00edcia Civil tamb\u00e9m dar\u00e1 suporte em eventos da Diretoria de Ensino nas escolas, designando palestrantes e orientadores em assuntos v\u00e1rios, como drogas, hierarquia, Direitos Humanos e outros, colocando-se \u00e0 disposi\u00e7\u00e3o dos \u00f3rg\u00e3os escolares, orientando alunos e professores sobre temas atuais.<\/p>\n<p>Fonte: Com. Social Pol\u00edcia Civil<\/p>\n","protected":false},"excerpt":{"rendered":"<p>A Diretora de Ensino Regional, de Adamantina \u2013 DER, que tem supremacia hier\u00e1rquica sobre as escolas de Dracena, Professora Irmes Roque Mattara, acompanhada dos supervisores regionais de ensino que atuam na regi\u00e3o, foi recebida, nesta data \u00e0s 13:30 horas, na sala de reuni\u00f5es da sede da Delegacia Seccional de Pol\u00edcia de Dracena pelos Delegados de [&hellip;]<\/p>\n","protected":false},"author":1,"featured_media":75040,"comment_status":"closed","ping_status":"open","sticky":false,"template":"","format":"standard","meta":{"footnotes":""},"categories":[110,2],"tags":[],"class_list":["post-75039","post","type-post","status-publish","format-standard","has-post-thumbnail","hentry","category-noticiasdestaque","category-policial"],"_links":{"self":[{"href":"https:\/\/jorgezanoni.com.br\/2019\/wp-json\/wp\/v2\/posts\/75039","targetHints":{"allow":["GET"]}}],"collection":[{"href":"https:\/\/jorgezanoni.com.br\/2019\/wp-json\/wp\/v2\/posts"}],"about":[{"href":"https:\/\/jorgezanoni.com.br\/2019\/wp-json\/wp\/v2\/types\/post"}],"author":[{"embeddable":true,"href":"https:\/\/jorgezanoni.com.br\/2019\/wp-json\/wp\/v2\/users\/1"}],"replies":[{"embeddable":true,"href":"https:\/\/jorgezanoni.com.br\/2019\/wp-json\/wp\/v2\/comments?post=75039"}],"version-history":[{"count":1,"href":"https:\/\/jorgezanoni.com.br\/2019\/wp-json\/wp\/v2\/posts\/75039\/revisions"}],"predecessor-version":[{"id":75041,"href":"https:\/\/jorgezanoni.com.br\/2019\/wp-json\/wp\/v2\/posts\/75039\/revisions\/75041"}],"wp:featuredmedia":[{"embeddable":true,"href":"https:\/\/jorgezanoni.com.br\/2019\/wp-json\/wp\/v2\/media\/75040"}],"wp:attachment":[{"href":"https:\/\/jorgezanoni.com.br\/2019\/wp-json\/wp\/v2\/media?parent=75039"}],"wp:term":[{"taxonomy":"category","embeddable":true,"href":"https:\/\/jorgezanoni.com.br\/2019\/wp-json\/wp\/v2\/categories?post=75039"},{"taxonomy":"post_tag","embeddable":true,"href":"https:\/\/jorgezanoni.com.br\/2019\/wp-json\/wp\/v2\/tags?post=75039"}],"curies":[{"name":"wp","href":"https:\/\/api.w.org\/{rel}","templated":true}]}}