{"id":75034,"date":"2023-04-15T22:26:13","date_gmt":"2023-04-15T22:26:13","guid":{"rendered":"https:\/\/jorgezanoni.com.br\/2019\/?p=75034"},"modified":"2023-04-15T22:26:13","modified_gmt":"2023-04-15T22:26:13","slug":"policia-civil-promove-palestra-sobre-prevencao-ao-uso-de-drogas-para-alunos-de-etec","status":"publish","type":"post","link":"https:\/\/jorgezanoni.com.br\/2019\/policia-civil-promove-palestra-sobre-prevencao-ao-uso-de-drogas-para-alunos-de-etec\/","title":{"rendered":"Pol\u00edcia Civil promove Palestra sobre preven\u00e7\u00e3o ao uso de Drogas para alunos de ETEC"},"content":{"rendered":"<p style=\"text-align: justify;\"><strong>POL\u00cdCIA CIVIL PROMOVE PALESTRA SOBRE PREVEN\u00c7\u00c3O AO USO DE DROGAS PARA ALUNOS DE ESCOLA T\u00c9CNICA ESTADUAL EM DRACENA.<\/strong><\/p>\n<p style=\"text-align: justify;\">A a\u00e7\u00e3o ocorreu na Etec Prof\u00aa Carmelita Barbosa para estudantes que est\u00e3o no 1\u00ba ano, do Ensino M\u00e9dio, integrado ao Curso T\u00e9cnico de Qu\u00edmica.<\/p>\n<p style=\"text-align: justify;\">A Pol\u00edcia Civil, por interm\u00e9dio da Delegacia Seccional de Pol\u00edcia de Dracena, nesta sexta-feira (14), atendendo a um convite da Etec Prof\u00aa Carmelita Barbosa, ministrou palestra sobre preven\u00e7\u00e3o ao uso de drogas, com o tema \u201cA vida \u00e9 feita de escolhas\u201d. O evento foi destinado para cerca de 40 alunos que est\u00e3o cursando o 1\u00ba ano, do Ensino M\u00e9dio, integrado ao curso T\u00e9cnico em Qu\u00edmica.<br \/>\nAo discorrer sobre o assunto, o agente policial Reginaldo Rosa, que foi o palestrante proferiu aos alunos sobre os tipos de drogas, conceitos e as consequ\u00eancias do uso compulsivos de substancias qu\u00edmicas, enfatizando que pode levar a pessoa a condi\u00e7\u00e3o de depend\u00eancia e acometendo dist\u00farbios mentais e f\u00edsicos.<br \/>\nNo encerramento da palestra, foi aberto espa\u00e7o para perguntas e sanar eventuais d\u00favidas. A dire\u00e7\u00e3o da Etec Prof\u00aa Carmelita Barbosa agradeceu e parabenizou a Pol\u00edcia Civil do Estado de S\u00e3o Paulo, por proporcionar o conhecimento, visando conscientizar os alunos sobre o perigo da drogadi\u00e7\u00e3o.<\/p>\n<p><img loading=\"lazy\" decoding=\"async\" class=\"alignnone size-full wp-image-75035\" src=\"https:\/\/jorgezanoni.com.br\/2019\/wp-content\/uploads\/2023\/04\/dro2-Pequeno.jpg\" alt=\"\" width=\"640\" height=\"480\" srcset=\"https:\/\/jorgezanoni.com.br\/2019\/wp-content\/uploads\/2023\/04\/dro2-Pequeno.jpg 640w, https:\/\/jorgezanoni.com.br\/2019\/wp-content\/uploads\/2023\/04\/dro2-Pequeno-300x225.jpg 300w, https:\/\/jorgezanoni.com.br\/2019\/wp-content\/uploads\/2023\/04\/dro2-Pequeno-80x60.jpg 80w, https:\/\/jorgezanoni.com.br\/2019\/wp-content\/uploads\/2023\/04\/dro2-Pequeno-265x198.jpg 265w, https:\/\/jorgezanoni.com.br\/2019\/wp-content\/uploads\/2023\/04\/dro2-Pequeno-560x420.jpg 560w\" sizes=\"auto, (max-width: 640px) 100vw, 640px\" \/> <img loading=\"lazy\" decoding=\"async\" class=\"alignnone size-full wp-image-75036\" src=\"https:\/\/jorgezanoni.com.br\/2019\/wp-content\/uploads\/2023\/04\/dro-Pequeno.jpg\" alt=\"\" width=\"640\" height=\"480\" srcset=\"https:\/\/jorgezanoni.com.br\/2019\/wp-content\/uploads\/2023\/04\/dro-Pequeno.jpg 640w, https:\/\/jorgezanoni.com.br\/2019\/wp-content\/uploads\/2023\/04\/dro-Pequeno-300x225.jpg 300w, https:\/\/jorgezanoni.com.br\/2019\/wp-content\/uploads\/2023\/04\/dro-Pequeno-80x60.jpg 80w, https:\/\/jorgezanoni.com.br\/2019\/wp-content\/uploads\/2023\/04\/dro-Pequeno-265x198.jpg 265w, https:\/\/jorgezanoni.com.br\/2019\/wp-content\/uploads\/2023\/04\/dro-Pequeno-560x420.jpg 560w\" sizes=\"auto, (max-width: 640px) 100vw, 640px\" \/><\/p>\n<p>Fonte: Com. Social Pol\u00edcia Civil<\/p>\n","protected":false},"excerpt":{"rendered":"<p>POL\u00cdCIA CIVIL PROMOVE PALESTRA SOBRE PREVEN\u00c7\u00c3O AO USO DE DROGAS PARA ALUNOS DE ESCOLA T\u00c9CNICA ESTADUAL EM DRACENA. A a\u00e7\u00e3o ocorreu na Etec Prof\u00aa Carmelita Barbosa para estudantes que est\u00e3o no 1\u00ba ano, do Ensino M\u00e9dio, integrado ao Curso T\u00e9cnico de Qu\u00edmica. A Pol\u00edcia Civil, por interm\u00e9dio da Delegacia Seccional de Pol\u00edcia de Dracena, nesta [&hellip;]<\/p>\n","protected":false},"author":1,"featured_media":75037,"comment_status":"closed","ping_status":"open","sticky":false,"template":"","format":"standard","meta":{"footnotes":""},"categories":[110,2],"tags":[],"class_list":["post-75034","post","type-post","status-publish","format-standard","has-post-thumbnail","hentry","category-noticiasdestaque","category-policial"],"_links":{"self":[{"href":"https:\/\/jorgezanoni.com.br\/2019\/wp-json\/wp\/v2\/posts\/75034","targetHints":{"allow":["GET"]}}],"collection":[{"href":"https:\/\/jorgezanoni.com.br\/2019\/wp-json\/wp\/v2\/posts"}],"about":[{"href":"https:\/\/jorgezanoni.com.br\/2019\/wp-json\/wp\/v2\/types\/post"}],"author":[{"embeddable":true,"href":"https:\/\/jorgezanoni.com.br\/2019\/wp-json\/wp\/v2\/users\/1"}],"replies":[{"embeddable":true,"href":"https:\/\/jorgezanoni.com.br\/2019\/wp-json\/wp\/v2\/comments?post=75034"}],"version-history":[{"count":1,"href":"https:\/\/jorgezanoni.com.br\/2019\/wp-json\/wp\/v2\/posts\/75034\/revisions"}],"predecessor-version":[{"id":75038,"href":"https:\/\/jorgezanoni.com.br\/2019\/wp-json\/wp\/v2\/posts\/75034\/revisions\/75038"}],"wp:featuredmedia":[{"embeddable":true,"href":"https:\/\/jorgezanoni.com.br\/2019\/wp-json\/wp\/v2\/media\/75037"}],"wp:attachment":[{"href":"https:\/\/jorgezanoni.com.br\/2019\/wp-json\/wp\/v2\/media?parent=75034"}],"wp:term":[{"taxonomy":"category","embeddable":true,"href":"https:\/\/jorgezanoni.com.br\/2019\/wp-json\/wp\/v2\/categories?post=75034"},{"taxonomy":"post_tag","embeddable":true,"href":"https:\/\/jorgezanoni.com.br\/2019\/wp-json\/wp\/v2\/tags?post=75034"}],"curies":[{"name":"wp","href":"https:\/\/api.w.org\/{rel}","templated":true}]}}