{"id":75027,"date":"2023-04-15T19:50:30","date_gmt":"2023-04-15T19:50:30","guid":{"rendered":"https:\/\/jorgezanoni.com.br\/2019\/?p=75027"},"modified":"2023-04-15T19:55:00","modified_gmt":"2023-04-15T19:55:00","slug":"acao-da-policia-civilcombate-a-venda-ilegal-de-cigarros-eletronicos-e-cumpre-mandados-de-busca-em-dracena-e-panorama","status":"publish","type":"post","link":"https:\/\/jorgezanoni.com.br\/2019\/acao-da-policia-civilcombate-a-venda-ilegal-de-cigarros-eletronicos-e-cumpre-mandados-de-busca-em-dracena-e-panorama\/","title":{"rendered":"A\u00e7\u00e3o da Pol\u00edcia Civil combate a venda ilegal de Cigarros Eletr\u00f4nicos e cumpre mandados de busca em Dracena e Panorama"},"content":{"rendered":"<p style=\"text-align: justify;\"><strong>A comercializa\u00e7\u00e3o de dispositivo eletr\u00f4nico para fumar (DEFs), conhecido popularmente como \u201ccigarro eletr\u00f4nico\u201d e seus insumos s\u00e3o proibidos no Brasil, em raz\u00e3o de resolu\u00e7\u00e3o estabelecida pela Anvisa.<\/strong><\/p>\n<p style=\"text-align: justify;\">A Pol\u00edcia Civil, por interm\u00e9dio das Unidades Especializadas (DIG E DISE) de Dracena e da Delegacia de Pol\u00edcia de Panorama, contando ainda com apoio operacional do Grupo de Opera\u00e7\u00e3o Especiais &#8211; GOE, realizou nesta quinta-feira (13), uma opera\u00e7\u00e3o para combater a venda ilegal de cigarros eletr\u00f4nicos, nas cidades de Dracena (SP) e Panorama (SP).<\/p>\n<p style=\"text-align: justify;\">A a\u00e7\u00e3o policial ocorreu ap\u00f3s pr\u00e9vio levantamento realizado, por agentes das Unidades Especializadas e da Delegacia de Pol\u00edcia de Panorama, que possibilitou a indica\u00e7\u00e3o de poss\u00edveis pontos de venda do material ilegal, nas cidades de Dracena e Panorama. Os materiais il\u00edcitos apreendidos, ser\u00e3o enviados para Institu\u00eddo de Criminal\u00edstica para per\u00edcia visando constatar sua toxicidade e nocividade \u00e0 sa\u00fade humana.<\/p>\n<p style=\"text-align: justify;\">Os propriet\u00e1rios dos estabelecimentos, que estavam comercializado os tais produtos poder\u00e3o responder por crime contra as rela\u00e7\u00f5es de consumo, prevista no artigo 7\u00ba, IX, da Lei 8.137\/1990, que prev\u00ea pena de 02 (dois) a 05 (cinco) anos de deten\u00e7\u00e3o, al\u00e9m de multa.<\/p>\n<p style=\"text-align: justify;\">No total, durante a a\u00e7\u00e3o, foram apreendidos 273 (duzentos e setenta e tr\u00eas) cigarros eletr\u00f4nicos, 245 (duzentos e quarenta e cinco) ess\u00eancias, al\u00e9m de 27 (vinte e sete) acess\u00f3rios.<\/p>\n<p style=\"text-align: justify;\">A Pol\u00edcia Civil ressalta ainda, comercializa\u00e7\u00e3o, a importa\u00e7\u00e3o e a propaganda de todos os tipos de dispositivos eletr\u00f4nicos para fumar s\u00e3o proibidas no Brasil, por meio da Resolu\u00e7\u00e3o de Diretoria Colegiada da Ag\u00eancia Nacional de Vigil\u00e2ncia Sanit\u00e1ria &#8211; Anvisa: RDC n\u00ba 46, de agosto de 2009, mas a venda acontece de forma ilegal no pa\u00eds.<\/p>\n<p><img loading=\"lazy\" decoding=\"async\" class=\"alignnone size-full wp-image-75028\" src=\"https:\/\/jorgezanoni.com.br\/2019\/wp-content\/uploads\/2023\/04\/ciga.jpg\" alt=\"\" width=\"997\" height=\"711\" srcset=\"https:\/\/jorgezanoni.com.br\/2019\/wp-content\/uploads\/2023\/04\/ciga.jpg 997w, https:\/\/jorgezanoni.com.br\/2019\/wp-content\/uploads\/2023\/04\/ciga-300x214.jpg 300w, https:\/\/jorgezanoni.com.br\/2019\/wp-content\/uploads\/2023\/04\/ciga-768x548.jpg 768w, https:\/\/jorgezanoni.com.br\/2019\/wp-content\/uploads\/2023\/04\/ciga-100x70.jpg 100w, https:\/\/jorgezanoni.com.br\/2019\/wp-content\/uploads\/2023\/04\/ciga-696x496.jpg 696w, https:\/\/jorgezanoni.com.br\/2019\/wp-content\/uploads\/2023\/04\/ciga-589x420.jpg 589w\" sizes=\"auto, (max-width: 997px) 100vw, 997px\" \/> <img loading=\"lazy\" decoding=\"async\" class=\"alignnone size-full wp-image-75029\" src=\"https:\/\/jorgezanoni.com.br\/2019\/wp-content\/uploads\/2023\/04\/ciga1.jpg\" alt=\"\" width=\"1152\" height=\"684\" srcset=\"https:\/\/jorgezanoni.com.br\/2019\/wp-content\/uploads\/2023\/04\/ciga1.jpg 1152w, https:\/\/jorgezanoni.com.br\/2019\/wp-content\/uploads\/2023\/04\/ciga1-300x178.jpg 300w, https:\/\/jorgezanoni.com.br\/2019\/wp-content\/uploads\/2023\/04\/ciga1-1024x608.jpg 1024w, https:\/\/jorgezanoni.com.br\/2019\/wp-content\/uploads\/2023\/04\/ciga1-768x456.jpg 768w, https:\/\/jorgezanoni.com.br\/2019\/wp-content\/uploads\/2023\/04\/ciga1-696x413.jpg 696w, https:\/\/jorgezanoni.com.br\/2019\/wp-content\/uploads\/2023\/04\/ciga1-1068x634.jpg 1068w, https:\/\/jorgezanoni.com.br\/2019\/wp-content\/uploads\/2023\/04\/ciga1-707x420.jpg 707w\" sizes=\"auto, (max-width: 1152px) 100vw, 1152px\" \/> <img loading=\"lazy\" decoding=\"async\" class=\"alignnone size-full wp-image-75031\" src=\"https:\/\/jorgezanoni.com.br\/2019\/wp-content\/uploads\/2023\/04\/ciga3.jpg\" alt=\"\" width=\"955\" height=\"753\" srcset=\"https:\/\/jorgezanoni.com.br\/2019\/wp-content\/uploads\/2023\/04\/ciga3.jpg 955w, https:\/\/jorgezanoni.com.br\/2019\/wp-content\/uploads\/2023\/04\/ciga3-300x237.jpg 300w, https:\/\/jorgezanoni.com.br\/2019\/wp-content\/uploads\/2023\/04\/ciga3-768x606.jpg 768w, https:\/\/jorgezanoni.com.br\/2019\/wp-content\/uploads\/2023\/04\/ciga3-696x549.jpg 696w, https:\/\/jorgezanoni.com.br\/2019\/wp-content\/uploads\/2023\/04\/ciga3-533x420.jpg 533w\" sizes=\"auto, (max-width: 955px) 100vw, 955px\" \/><\/p>\n<p style=\"text-align: justify;\">Fonte: Com. Social Pol\u00edcia Civil<\/p>\n","protected":false},"excerpt":{"rendered":"<p>A comercializa\u00e7\u00e3o de dispositivo eletr\u00f4nico para fumar (DEFs), conhecido popularmente como \u201ccigarro eletr\u00f4nico\u201d e seus insumos s\u00e3o proibidos no Brasil, em raz\u00e3o de resolu\u00e7\u00e3o estabelecida pela Anvisa. A Pol\u00edcia Civil, por interm\u00e9dio das Unidades Especializadas (DIG E DISE) de Dracena e da Delegacia de Pol\u00edcia de Panorama, contando ainda com apoio operacional do Grupo de [&hellip;]<\/p>\n","protected":false},"author":1,"featured_media":75030,"comment_status":"closed","ping_status":"open","sticky":false,"template":"","format":"standard","meta":{"footnotes":""},"categories":[110,2],"tags":[],"class_list":["post-75027","post","type-post","status-publish","format-standard","has-post-thumbnail","hentry","category-noticiasdestaque","category-policial"],"_links":{"self":[{"href":"https:\/\/jorgezanoni.com.br\/2019\/wp-json\/wp\/v2\/posts\/75027","targetHints":{"allow":["GET"]}}],"collection":[{"href":"https:\/\/jorgezanoni.com.br\/2019\/wp-json\/wp\/v2\/posts"}],"about":[{"href":"https:\/\/jorgezanoni.com.br\/2019\/wp-json\/wp\/v2\/types\/post"}],"author":[{"embeddable":true,"href":"https:\/\/jorgezanoni.com.br\/2019\/wp-json\/wp\/v2\/users\/1"}],"replies":[{"embeddable":true,"href":"https:\/\/jorgezanoni.com.br\/2019\/wp-json\/wp\/v2\/comments?post=75027"}],"version-history":[{"count":2,"href":"https:\/\/jorgezanoni.com.br\/2019\/wp-json\/wp\/v2\/posts\/75027\/revisions"}],"predecessor-version":[{"id":75033,"href":"https:\/\/jorgezanoni.com.br\/2019\/wp-json\/wp\/v2\/posts\/75027\/revisions\/75033"}],"wp:featuredmedia":[{"embeddable":true,"href":"https:\/\/jorgezanoni.com.br\/2019\/wp-json\/wp\/v2\/media\/75030"}],"wp:attachment":[{"href":"https:\/\/jorgezanoni.com.br\/2019\/wp-json\/wp\/v2\/media?parent=75027"}],"wp:term":[{"taxonomy":"category","embeddable":true,"href":"https:\/\/jorgezanoni.com.br\/2019\/wp-json\/wp\/v2\/categories?post=75027"},{"taxonomy":"post_tag","embeddable":true,"href":"https:\/\/jorgezanoni.com.br\/2019\/wp-json\/wp\/v2\/tags?post=75027"}],"curies":[{"name":"wp","href":"https:\/\/api.w.org\/{rel}","templated":true}]}}