{"id":75023,"date":"2023-04-15T18:44:00","date_gmt":"2023-04-15T18:44:00","guid":{"rendered":"https:\/\/jorgezanoni.com.br\/2019\/?p=75023"},"modified":"2023-04-15T18:44:00","modified_gmt":"2023-04-15T18:44:00","slug":"inspirados-pela-forca-da-natureza-jovens-e-mulheres-do-sicredi-refletem-sobre-lideranca-em-foz-do-iguacu-pr","status":"publish","type":"post","link":"https:\/\/jorgezanoni.com.br\/2019\/inspirados-pela-forca-da-natureza-jovens-e-mulheres-do-sicredi-refletem-sobre-lideranca-em-foz-do-iguacu-pr\/","title":{"rendered":"Inspirados pela for\u00e7a da natureza, jovens e mulheres do Sicredi refletem sobre lideran\u00e7a em Foz do Igua\u00e7u (PR)"},"content":{"rendered":"<p style=\"text-align: justify;\" align=\"center\"><strong><i>Super Summit Sicredi usa for\u00e7a dos elementos naturais para celebrar jornada de equidade e inclus\u00e3o nas Institui\u00e7\u00f5es Financeiras Cooperativas, com presen\u00e7a de delega\u00e7\u00f5es de cerca de 15 pa\u00edses e lideran\u00e7as do Conselho Mundial das Cooperativas de Cr\u00e9dito (WOCCU).<\/i><\/strong><\/p>\n<p style=\"text-align: justify;\">Com mais de mil quil\u00f4metros de extens\u00e3o, o Rio Igua\u00e7u cruza o estado do Paran\u00e1 de leste a oeste, onde est\u00e3o as Cataratas do Igua\u00e7u. A for\u00e7a desse rio t\u00e3o importante para o estado &#8211; e que em seu curso se transforma em uma das Sete Maravilhas da Natureza &#8211; \u00e9 a inspira\u00e7\u00e3o para o Super Summit Sicredi. O encontro promovido pela Central Sicredi PR\/SP\/RJ acontecer\u00e1 nos dias 17 e 18 de abril em Foz do Igua\u00e7u (PR) e vai reunir cerca de 1,2 mil jovens e mulheres l\u00edderes nas Institui\u00e7\u00f5es Financeiras Cooperativas dos estados do Paran\u00e1, S\u00e3o Paulo e Rio de Janeiro. A iniciativa \u00e9 voltada aos integrantes dos Comit\u00eas Jovem e Mulher, movimentos que t\u00eam contribu\u00eddo para o fortalecimento de uma governan\u00e7a mais diversa, especialmente com a presen\u00e7a de lideran\u00e7as femininas e das novas gera\u00e7\u00f5es.<\/p>\n<p style=\"text-align: justify;\">Com 24% de participa\u00e7\u00e3o feminina, os Conselhos das Cooperativas Sicredi com atua\u00e7\u00e3o nos estados do Paran\u00e1, S\u00e3o Paulo e Rio de Janeiro registraram um salto na representatividade nos \u00faltimos\u00a0 anos. At\u00e9 2018, a presen\u00e7a feminina nos Conselhos era de 6%. O avan\u00e7o da inclus\u00e3o e da diversidade registrado pelo Sicredi est\u00e1 conectado ao in\u00edcio do movimento dos Comit\u00eas nas Cooperativas, em 2017, e reflete um alinhamento da institui\u00e7\u00e3o financeira cooperativa com o Pacto Global da ONU &#8211; que prop\u00f5e que as mulheres ocupem 30% dos cargos de lideran\u00e7a at\u00e9 2030. A governan\u00e7a nas Cooperativas tamb\u00e9m tem ficado mais plural com a crescente participa\u00e7\u00e3o dos jovens que j\u00e1 s\u00e3o mais de 14% entre os Coordenadores de N\u00facleo das Cooperativas nos tr\u00eas estados.<\/p>\n<p style=\"text-align: justify;\">&#8220;Todo esse movimento \u00e9 como a for\u00e7a de um rio que, ap\u00f3s a sua nascente, vai contornando os desafios em seu curso, ganhando maior pot\u00eancia com os afluentes at\u00e9 desaguar no mar em uma foz. \u00c9 dessa maneira que entendemos o desenvolvimento do nosso movimento de pluralidade e inclus\u00e3o que nasceu pequeno, mas com um objetivo bem s\u00f3lido e que foi crescendo e se desenvolvendo com o apoio de cada uma das Cooperativas, chegando a um est\u00e1gio no qual j\u00e1 temos lideran\u00e7as consolidadas e outras em processo de fortalecimento num ciclo sempre crescente. Um movimento que tem a for\u00e7a das \u00e1guas e que n\u00e3o para&#8221;, celebra o presidente da Central Sicredi PR\/SP\/RJ, Manfred Dasenbrock.<\/p>\n<p style=\"text-align: justify;\"><strong>Programa\u00e7\u00e3o conecta lideran\u00e7a com a for\u00e7a da natureza<\/strong><\/p>\n<p style=\"text-align: justify;\">Com refer\u00eancia \u00e0 grande foz do rio Igua\u00e7u e \u00e0 for\u00e7a das \u00e1guas, o palco principal do Super Summit Sicredi ter\u00e1, logo na abertura, a presen\u00e7a de lideran\u00e7as como a\u00a0<em>chair<\/em>\u00a0do WOCCU (Conselho Mundial das Cooperativas de Cr\u00e9dito), Diana Dykstra, e a CEO da entidade e tamb\u00e9m da Funda\u00e7\u00e3o\u00a0 WOCCU, Elissa McCarter LaBorde. O presidente da Central Sicredi PR\/SP\/RJ e conselheiro do Conselho Mundial das Cooperativas de Cr\u00e9dito, Manfred Dasenbrock, e o presidente da Sicredi Vanguarda PR\/SP\/RJ, Aldo Dagostim, tamb\u00e9m participam da solenidade.<\/p>\n<p style=\"text-align: justify;\">Ainda no primeiro dia de evento, a palestra de encerramento no palco principal ser\u00e1 com o especialista em inova\u00e7\u00e3o Arthur Igreja. No dia 18 de abril, sobe ao mesmo palco o empreendedor social Daniel Paix\u00e3o, que, pelo projeto\u00a0<em>Fruto de Favela,<\/em>\u00a0representou a juventude brasileira na ONU. J\u00e1 a empreendedora Sandra Chemin encerra as palestras do palco principal no segundo dia de evento.<\/p>\n<p style=\"text-align: justify;\"><strong>Espa\u00e7os tem\u00e1ticos inspiram lideran\u00e7as sustent\u00e1veis e plurais<\/strong><\/p>\n<p style=\"text-align: justify;\">Al\u00e9m do ambiente central do evento, o Super Summit convidar\u00e1 os participantes a uma experi\u00eancia imersiva pelas for\u00e7as da natureza, inspirando um movimento de lideran\u00e7a baseado na diversidade e na sustentabilidade. Ser\u00e3o quatro \u00e1reas tem\u00e1ticas. O Espa\u00e7o Energia, dedicado ao empreendedorismo jovem e feminino e que ter\u00e1 como convidados profissionais como a co-fundadora e diretora-executiva da Alian\u00e7a Empreendedora, Lina Useche, e o co-fundador da Escola de Criatividade, Jean Sigel.<\/p>\n<p style=\"text-align: justify;\">O Espa\u00e7o Vida vai concentrar discuss\u00f5es sobre o cuidado com o meio ambiente e ter\u00e1 a participa\u00e7\u00e3o da idealizadora da plataforma de educa\u00e7\u00e3o ambiental\u00a0<em>Menos 1 Lixo<\/em>\u00a0e defensora da ONU Meio Ambiente pela campanha\u00a0<em>Mares Limpo<\/em>s, F\u00ea Cortez. J\u00e1 o Espa\u00e7o Diversidade far\u00e1 refer\u00eancia \u00e0 variedade de esp\u00e9cies e \u00e0 exuber\u00e2ncia da Mata Atl\u00e2ntica, e ter\u00e1 como tema a inclus\u00e3o, diversidade e equidade. E, para fomentar a discuss\u00e3o sobre etarismo e g\u00eanero no espa\u00e7o, os participantes poder\u00e3o assistir \u00e0 palestra da comunicadora e escritora, Cris P\u00e0z.<\/p>\n<p style=\"text-align: justify;\">No Espa\u00e7o Caminhos, o tema principal ser\u00e1 a governan\u00e7a simbolizada pela for\u00e7a das \u00e1guas que cria seu pr\u00f3prio curso. Os momentos de conversas com as lideran\u00e7as ter\u00e1 a participa\u00e7\u00e3o da diretora do Programa Global Women&#8217;s Leadership Network (GWLN), do Conselho Mundial das Cooperativas de Cr\u00e9dito, Eleni Giakoumopoulos, e do diretor-executivo da Central Sicredi PR\/SP\/RJ, Maroan Tohm\u00e9. Tamb\u00e9m somam ao espa\u00e7o de reflex\u00e3o e conhecimento o diretor do Programa de jovens (WYCUP) do WOCCU, Thomas Belekevich, a embaixadora do Rede Global de Mulheres L\u00edderes (GWLN) no Brasil, Gisele Gomes, e a secret\u00e1ria executiva da Central Sicredi PR\/SP\/RJ, Suzane Almeida.<\/p>\n<p style=\"text-align: justify;\"><em><b>Sobre o Sicredi<\/b><\/em><\/p>\n<p class=\"v1MsoNormal\" style=\"text-align: justify;\"><i>O Sicredi \u00e9 uma institui\u00e7\u00e3o financeira cooperativa comprometida com o crescimento de seus associados e com o desenvolvimento das regi\u00f5es onde atua. Possui um modelo de gest\u00e3o que valoriza a participa\u00e7\u00e3o dos mais de 6 milh\u00f5es de associados, que exercem o papel de donos do neg\u00f3cio. Com mais de 2.400 ag\u00eancias, o Sicredi est\u00e1 presente fisicamente em todos os estados brasileiros e no Distrito Federal, disponibilizando mais de 300 produtos e servi\u00e7os financeiros.<\/i><\/p>\n<p class=\"v1MsoNormal\"><b><i>Site do Sicredi:\u00a0<a href=\"http:\/\/www.sicredi.com.br\/\" target=\"_blank\" rel=\"noopener noreferrer\">www.sicredi.com.br<\/a><\/i><\/b><\/p>\n<p class=\"v1MsoNormal\"><b><i>Redes Sociais:\u00a0<\/i><\/b><em><b><u><span lang=\"EN-US\"><a href=\"http:\/\/www.facebook.com\/sicredicentrooestepaulista\" target=\"_blank\" rel=\"noopener noreferrer\"><i><span lang=\"PT-BR\">Facebook<\/span><\/i><\/a><\/span><\/u><\/b><\/em><em>\u00a0|<\/em>\u00a0<em><b><u><span lang=\"EN-US\"><a href=\"https:\/\/www.linkedin.com\/company\/sicredi-centro-oeste-paulista\/\" target=\"_blank\" rel=\"noopener noreferrer\"><i><span lang=\"PT-BR\">LinkedIn<\/span><\/i><\/a><\/span><\/u><\/b><\/em><em>\u00a0|<\/em>\u00a0<em><b><u><span lang=\"EN-US\"><a href=\"http:\/\/www.youtube.com\/sicredicentrooestepaulista\" target=\"_blank\" rel=\"noopener noreferrer\"><i><span lang=\"PT-BR\">YouTube<\/span><\/i><\/a><\/span><\/u><\/b><\/em><span lang=\"EN-US\">\u00a0<\/span><em>|\u00a0<\/em><em><b><u><span lang=\"EN-US\"><a href=\"http:\/\/www.instagram.com\/sicredicentrooestepaulista\" target=\"_blank\" rel=\"noopener noreferrer\"><i><span lang=\"PT-BR\">Instagram<\/span><\/i><\/a><\/span><\/u><\/b><\/em><\/p>\n<p style=\"text-align: justify;\">CAPA: O Summit Mulher, desenvolvido pelo Sicredi ao longo dos anos, tem refor\u00e7ado a promo\u00e7\u00e3o de lideran\u00e7as femininas<br \/>\n<i>Cr\u00e9ditos: Guilherme Pupo<\/i><\/p>\n<figure id=\"attachment_75025\" aria-describedby=\"caption-attachment-75025\" style=\"width: 700px\" class=\"wp-caption alignnone\"><img loading=\"lazy\" decoding=\"async\" class=\"size-full wp-image-75025\" src=\"https:\/\/jorgezanoni.com.br\/2019\/wp-content\/uploads\/2023\/04\/Summit-Jovem3-interna.jpg\" alt=\"\" width=\"700\" height=\"466\" srcset=\"https:\/\/jorgezanoni.com.br\/2019\/wp-content\/uploads\/2023\/04\/Summit-Jovem3-interna.jpg 700w, https:\/\/jorgezanoni.com.br\/2019\/wp-content\/uploads\/2023\/04\/Summit-Jovem3-interna-300x200.jpg 300w, https:\/\/jorgezanoni.com.br\/2019\/wp-content\/uploads\/2023\/04\/Summit-Jovem3-interna-696x463.jpg 696w, https:\/\/jorgezanoni.com.br\/2019\/wp-content\/uploads\/2023\/04\/Summit-Jovem3-interna-631x420.jpg 631w\" sizes=\"auto, (max-width: 700px) 100vw, 700px\" \/><figcaption id=\"caption-attachment-75025\" class=\"wp-caption-text\"><span style=\"font-size: 15px; color: #222222;\">A participa\u00e7\u00e3o de lideran\u00e7as da nova gera\u00e7\u00e3o tamb\u00e9m tem ganhado destaque no Sicredi com as edi\u00e7\u00f5es do Summit Jovem <\/span><i style=\"font-size: 15px; color: #222222;\">Cr\u00e9ditos: Guilherme Pupo<\/i><\/figcaption><\/figure>\n<p style=\"text-align: justify;\">Fonte: Comunic\u00e7\u00e3o e Marketing<\/p>\n","protected":false},"excerpt":{"rendered":"<p>Super Summit Sicredi usa for\u00e7a dos elementos naturais para celebrar jornada de equidade e inclus\u00e3o nas Institui\u00e7\u00f5es Financeiras Cooperativas, com presen\u00e7a de delega\u00e7\u00f5es de cerca de 15 pa\u00edses e lideran\u00e7as do Conselho Mundial das Cooperativas de Cr\u00e9dito (WOCCU). Com mais de mil quil\u00f4metros de extens\u00e3o, o Rio Igua\u00e7u cruza o estado do Paran\u00e1 de leste [&hellip;]<\/p>\n","protected":false},"author":1,"featured_media":75024,"comment_status":"closed","ping_status":"open","sticky":false,"template":"","format":"standard","meta":{"footnotes":""},"categories":[110,116],"tags":[],"class_list":["post-75023","post","type-post","status-publish","format-standard","has-post-thumbnail","hentry","category-noticiasdestaque","category-politicaeeconomia"],"_links":{"self":[{"href":"https:\/\/jorgezanoni.com.br\/2019\/wp-json\/wp\/v2\/posts\/75023","targetHints":{"allow":["GET"]}}],"collection":[{"href":"https:\/\/jorgezanoni.com.br\/2019\/wp-json\/wp\/v2\/posts"}],"about":[{"href":"https:\/\/jorgezanoni.com.br\/2019\/wp-json\/wp\/v2\/types\/post"}],"author":[{"embeddable":true,"href":"https:\/\/jorgezanoni.com.br\/2019\/wp-json\/wp\/v2\/users\/1"}],"replies":[{"embeddable":true,"href":"https:\/\/jorgezanoni.com.br\/2019\/wp-json\/wp\/v2\/comments?post=75023"}],"version-history":[{"count":1,"href":"https:\/\/jorgezanoni.com.br\/2019\/wp-json\/wp\/v2\/posts\/75023\/revisions"}],"predecessor-version":[{"id":75026,"href":"https:\/\/jorgezanoni.com.br\/2019\/wp-json\/wp\/v2\/posts\/75023\/revisions\/75026"}],"wp:featuredmedia":[{"embeddable":true,"href":"https:\/\/jorgezanoni.com.br\/2019\/wp-json\/wp\/v2\/media\/75024"}],"wp:attachment":[{"href":"https:\/\/jorgezanoni.com.br\/2019\/wp-json\/wp\/v2\/media?parent=75023"}],"wp:term":[{"taxonomy":"category","embeddable":true,"href":"https:\/\/jorgezanoni.com.br\/2019\/wp-json\/wp\/v2\/categories?post=75023"},{"taxonomy":"post_tag","embeddable":true,"href":"https:\/\/jorgezanoni.com.br\/2019\/wp-json\/wp\/v2\/tags?post=75023"}],"curies":[{"name":"wp","href":"https:\/\/api.w.org\/{rel}","templated":true}]}}