{"id":75018,"date":"2023-04-15T18:18:06","date_gmt":"2023-04-15T18:18:06","guid":{"rendered":"https:\/\/jorgezanoni.com.br\/2019\/?p=75018"},"modified":"2023-04-15T18:18:06","modified_gmt":"2023-04-15T18:18:06","slug":"sap-assume-escolta-de-presos-em-todo-o-estado","status":"publish","type":"post","link":"https:\/\/jorgezanoni.com.br\/2019\/sap-assume-escolta-de-presos-em-todo-o-estado\/","title":{"rendered":"SAP assume Escolta de Presos em todo o Estado"},"content":{"rendered":"<div class=\"v1elementToProof\">\n<p class=\"v1x_x_MsoNormal\" style=\"text-align: justify;\"><strong><i><span class=\"v1x_x_ContentPasted0 v1ContentPasted0\">Medida libera policiais militares para as atividades regulares de patrulhamento ostensivo e preventivo em todo o Estado.<\/span><\/i><span class=\"v1ContentPasted0\">\u00a0<\/span><\/strong><\/p>\n<p class=\"v1x_x_MsoNormal\" style=\"text-align: justify;\"><span class=\"v1x_x_ContentPasted0 v1ContentPasted0\">O interior do Estado de S\u00e3o Paulo ter\u00e1 refor\u00e7o no policiamento a partir da pr\u00f3xima segunda-feira (17). Isso porque a Secretaria da Administra\u00e7\u00e3o Penitenci\u00e1ria (SAP) assumir\u00e1 100% das escoltas de presos, liberando os policiais militares para as a\u00e7\u00f5es de patrulhamento preventivo e ostensivo em tempo integral. At\u00e9 ent\u00e3o, essa tarefa era compartilhada entre os agentes da SAP e a Pol\u00edcia Militar.\u00a0<\/span><\/p>\n<p class=\"v1x_x_MsoNormal\" style=\"text-align: justify;\"><span class=\"v1x_x_ContentPasted0 v1ContentPasted0\">Na capital paulista, o modelo de escolta pela SAP j\u00e1 funciona desde 2014. Para ampliar esse servi\u00e7o para todo o Estado, 1.586 agentes de escolta e vigil\u00e2ncia foram transferidos para a 22 bases estrategicamente distribu\u00eddas pelo interior paulista. Foram investidos mais de R$ 50 milh\u00f5es na aquisi\u00e7\u00e3o de 191 novas viaturas e armamentos espec\u00edficos. Dados da SAP indicam que mais de 90 mil escoltas s\u00e3o realizadas, em m\u00e9dia, anualmente.\u00a0<\/span><\/p>\n<p class=\"v1x_x_MsoNormal\" style=\"text-align: justify;\"><span class=\"v1x_x_ContentPasted0 v1ContentPasted0\">Os 45 pres\u00eddios subordinados \u00e0 Coordenadoria de Unidades Prisionais da Regi\u00e3o Oeste ser\u00e3o atendidos pelas bases de escolta localizadas nos munic\u00edpios de\u00a0<b>Presidente Bernardes, Pacaembu, Assis, Mirand\u00f3polis, Riol\u00e2ndia e S\u00e3o Jos\u00e9 do Rio Preto.<\/b><\/span><span class=\"v1ContentPasted0\"><b>\u00a0<\/b><\/span><\/p>\n<p class=\"v1x_x_MsoNormal\" style=\"text-align: justify;\"><span class=\"v1x_x_ContentPasted0 v1ContentPasted0\">Com a SAP \u00e0 frente do servi\u00e7o, o efetivo da PM ser\u00e1 redirecionado para as atividades exclusivas de policiamento preventivo e ostensivo, refor\u00e7ando a presen\u00e7a policial e a seguran\u00e7a da popula\u00e7\u00e3o em todas as regi\u00f5es do Estado.\u00a0<\/span><\/p>\n<\/div>\n<div class=\"v1elementToProof\">\n<div id=\"v1Signature\">\n<div style=\"text-align: justify;\"><img loading=\"lazy\" decoding=\"async\" class=\"alignnone size-full wp-image-75020\" src=\"https:\/\/jorgezanoni.com.br\/2019\/wp-content\/uploads\/2023\/04\/sap1.png\" alt=\"\" width=\"1280\" height=\"853\" srcset=\"https:\/\/jorgezanoni.com.br\/2019\/wp-content\/uploads\/2023\/04\/sap1.png 1280w, https:\/\/jorgezanoni.com.br\/2019\/wp-content\/uploads\/2023\/04\/sap1-300x200.png 300w, https:\/\/jorgezanoni.com.br\/2019\/wp-content\/uploads\/2023\/04\/sap1-1024x682.png 1024w, https:\/\/jorgezanoni.com.br\/2019\/wp-content\/uploads\/2023\/04\/sap1-768x512.png 768w, https:\/\/jorgezanoni.com.br\/2019\/wp-content\/uploads\/2023\/04\/sap1-696x464.png 696w, https:\/\/jorgezanoni.com.br\/2019\/wp-content\/uploads\/2023\/04\/sap1-1068x712.png 1068w, https:\/\/jorgezanoni.com.br\/2019\/wp-content\/uploads\/2023\/04\/sap1-630x420.png 630w\" sizes=\"auto, (max-width: 1280px) 100vw, 1280px\" \/> <img loading=\"lazy\" decoding=\"async\" class=\"alignnone size-full wp-image-75021\" src=\"https:\/\/jorgezanoni.com.br\/2019\/wp-content\/uploads\/2023\/04\/sap2.png\" alt=\"\" width=\"1280\" height=\"853\" srcset=\"https:\/\/jorgezanoni.com.br\/2019\/wp-content\/uploads\/2023\/04\/sap2.png 1280w, https:\/\/jorgezanoni.com.br\/2019\/wp-content\/uploads\/2023\/04\/sap2-300x200.png 300w, https:\/\/jorgezanoni.com.br\/2019\/wp-content\/uploads\/2023\/04\/sap2-1024x682.png 1024w, https:\/\/jorgezanoni.com.br\/2019\/wp-content\/uploads\/2023\/04\/sap2-768x512.png 768w, https:\/\/jorgezanoni.com.br\/2019\/wp-content\/uploads\/2023\/04\/sap2-696x464.png 696w, https:\/\/jorgezanoni.com.br\/2019\/wp-content\/uploads\/2023\/04\/sap2-1068x712.png 1068w, https:\/\/jorgezanoni.com.br\/2019\/wp-content\/uploads\/2023\/04\/sap2-630x420.png 630w\" sizes=\"auto, (max-width: 1280px) 100vw, 1280px\" \/><\/div>\n<div><\/div>\n<div><img decoding=\"async\" src=\"https:\/\/jorgezanoni.com.br:2096\/cpsess4472517261\/3rdparty\/roundcube\/?_task=mail&amp;_action=get&amp;_mbox=INBOX&amp;_uid=39465&amp;_token=r2iKxfAdhUi2SXTJJf3phfb5XAk6eiJJ&amp;_part=1.2&amp;_embed=1&amp;_mimeclass=image\" \/><\/div>\n<\/div>\n<\/div>\n","protected":false},"excerpt":{"rendered":"<p>Medida libera policiais militares para as atividades regulares de patrulhamento ostensivo e preventivo em todo o Estado.\u00a0 O interior do Estado de S\u00e3o Paulo ter\u00e1 refor\u00e7o no policiamento a partir da pr\u00f3xima segunda-feira (17). Isso porque a Secretaria da Administra\u00e7\u00e3o Penitenci\u00e1ria (SAP) assumir\u00e1 100% das escoltas de presos, liberando os policiais militares para as a\u00e7\u00f5es [&hellip;]<\/p>\n","protected":false},"author":1,"featured_media":75019,"comment_status":"closed","ping_status":"open","sticky":false,"template":"","format":"standard","meta":{"footnotes":""},"categories":[110,2],"tags":[],"class_list":["post-75018","post","type-post","status-publish","format-standard","has-post-thumbnail","hentry","category-noticiasdestaque","category-policial"],"_links":{"self":[{"href":"https:\/\/jorgezanoni.com.br\/2019\/wp-json\/wp\/v2\/posts\/75018","targetHints":{"allow":["GET"]}}],"collection":[{"href":"https:\/\/jorgezanoni.com.br\/2019\/wp-json\/wp\/v2\/posts"}],"about":[{"href":"https:\/\/jorgezanoni.com.br\/2019\/wp-json\/wp\/v2\/types\/post"}],"author":[{"embeddable":true,"href":"https:\/\/jorgezanoni.com.br\/2019\/wp-json\/wp\/v2\/users\/1"}],"replies":[{"embeddable":true,"href":"https:\/\/jorgezanoni.com.br\/2019\/wp-json\/wp\/v2\/comments?post=75018"}],"version-history":[{"count":1,"href":"https:\/\/jorgezanoni.com.br\/2019\/wp-json\/wp\/v2\/posts\/75018\/revisions"}],"predecessor-version":[{"id":75022,"href":"https:\/\/jorgezanoni.com.br\/2019\/wp-json\/wp\/v2\/posts\/75018\/revisions\/75022"}],"wp:featuredmedia":[{"embeddable":true,"href":"https:\/\/jorgezanoni.com.br\/2019\/wp-json\/wp\/v2\/media\/75019"}],"wp:attachment":[{"href":"https:\/\/jorgezanoni.com.br\/2019\/wp-json\/wp\/v2\/media?parent=75018"}],"wp:term":[{"taxonomy":"category","embeddable":true,"href":"https:\/\/jorgezanoni.com.br\/2019\/wp-json\/wp\/v2\/categories?post=75018"},{"taxonomy":"post_tag","embeddable":true,"href":"https:\/\/jorgezanoni.com.br\/2019\/wp-json\/wp\/v2\/tags?post=75018"}],"curies":[{"name":"wp","href":"https:\/\/api.w.org\/{rel}","templated":true}]}}