{"id":74956,"date":"2023-04-13T22:42:16","date_gmt":"2023-04-13T22:42:16","guid":{"rendered":"https:\/\/jorgezanoni.com.br\/2019\/?p=74956"},"modified":"2023-04-13T22:42:16","modified_gmt":"2023-04-13T22:42:16","slug":"policia-militar-prende-homem-por-estupro-em-dracena","status":"publish","type":"post","link":"https:\/\/jorgezanoni.com.br\/2019\/policia-militar-prende-homem-por-estupro-em-dracena\/","title":{"rendered":"Pol\u00edcia Militar prende homem por Estupro em Dracena"},"content":{"rendered":"<p style=\"text-align: justify;\">Na data de ontem (12) por volta das 15h25min a equipe da Pol\u00edcia Militar em Dracena foi acionada onde um indiv\u00edduo (homem 43 anos) morador de Dracena, estava detido por populares, onde acabara de cometer estupro (passar a m\u00e3o em suas n\u00e1degas) em uma mulher (v\u00edtima 46 anos) enquanto ela entrava em uma academia de muscula\u00e7\u00e3o. Diante do ocorrido, foi dado voz de pris\u00e3o em flagrante ao indiv\u00edduo no artigo 213 (estupro), permanecendo a disposi\u00e7\u00e3o da Justi\u00e7a.<\/p>\n<p>Fonte: Com. Social Pol\u00edcia Militar<\/p>\n<p>Foto Ilustrativa<\/p>\n","protected":false},"excerpt":{"rendered":"<p>Na data de ontem (12) por volta das 15h25min a equipe da Pol\u00edcia Militar em Dracena foi acionada onde um indiv\u00edduo (homem 43 anos) morador de Dracena, estava detido por populares, onde acabara de cometer estupro (passar a m\u00e3o em suas n\u00e1degas) em uma mulher (v\u00edtima 46 anos) enquanto ela entrava em uma academia de [&hellip;]<\/p>\n","protected":false},"author":1,"featured_media":74957,"comment_status":"closed","ping_status":"open","sticky":false,"template":"","format":"standard","meta":{"footnotes":""},"categories":[110,2],"tags":[],"class_list":["post-74956","post","type-post","status-publish","format-standard","has-post-thumbnail","hentry","category-noticiasdestaque","category-policial"],"_links":{"self":[{"href":"https:\/\/jorgezanoni.com.br\/2019\/wp-json\/wp\/v2\/posts\/74956","targetHints":{"allow":["GET"]}}],"collection":[{"href":"https:\/\/jorgezanoni.com.br\/2019\/wp-json\/wp\/v2\/posts"}],"about":[{"href":"https:\/\/jorgezanoni.com.br\/2019\/wp-json\/wp\/v2\/types\/post"}],"author":[{"embeddable":true,"href":"https:\/\/jorgezanoni.com.br\/2019\/wp-json\/wp\/v2\/users\/1"}],"replies":[{"embeddable":true,"href":"https:\/\/jorgezanoni.com.br\/2019\/wp-json\/wp\/v2\/comments?post=74956"}],"version-history":[{"count":1,"href":"https:\/\/jorgezanoni.com.br\/2019\/wp-json\/wp\/v2\/posts\/74956\/revisions"}],"predecessor-version":[{"id":74958,"href":"https:\/\/jorgezanoni.com.br\/2019\/wp-json\/wp\/v2\/posts\/74956\/revisions\/74958"}],"wp:featuredmedia":[{"embeddable":true,"href":"https:\/\/jorgezanoni.com.br\/2019\/wp-json\/wp\/v2\/media\/74957"}],"wp:attachment":[{"href":"https:\/\/jorgezanoni.com.br\/2019\/wp-json\/wp\/v2\/media?parent=74956"}],"wp:term":[{"taxonomy":"category","embeddable":true,"href":"https:\/\/jorgezanoni.com.br\/2019\/wp-json\/wp\/v2\/categories?post=74956"},{"taxonomy":"post_tag","embeddable":true,"href":"https:\/\/jorgezanoni.com.br\/2019\/wp-json\/wp\/v2\/tags?post=74956"}],"curies":[{"name":"wp","href":"https:\/\/api.w.org\/{rel}","templated":true}]}}