{"id":74951,"date":"2023-04-13T22:10:40","date_gmt":"2023-04-13T22:10:40","guid":{"rendered":"https:\/\/jorgezanoni.com.br\/2019\/?p=74951"},"modified":"2023-04-13T22:10:40","modified_gmt":"2023-04-13T22:10:40","slug":"policia-civil-realiza-acao-escola-segura-e-apreende-simulacro-de-arma-de-fogo-celulares-e-computador","status":"publish","type":"post","link":"https:\/\/jorgezanoni.com.br\/2019\/policia-civil-realiza-acao-escola-segura-e-apreende-simulacro-de-arma-de-fogo-celulares-e-computador\/","title":{"rendered":"Pol\u00edcia Civil realiza a\u00e7\u00e3o &#8221; ESCOLA SEGURA&#8221; e apreende Simulacro de Arma de Fogo, Celulares e Computador"},"content":{"rendered":"<p style=\"text-align: justify;\"><strong>O objetivo da \u201cA\u00e7\u00e3o Escola Segura\u201d \u00e9 neutralizar a propaga\u00e7\u00e3o de boatos sobre amea\u00e7as e ataques contra as escolas e tamb\u00e9m realizar o policiamento repressivo especializado. Foram cumpridos dois mandados de busca e apreens\u00e3o domiciliar em endere\u00e7os localizados no munic\u00edpio de Panorama e Dracena (SP).<\/strong><\/p>\n<p style=\"text-align: justify;\">A Pol\u00edcia Civil, por interm\u00e9dio da Delegacia de Pol\u00edcia de Panorama, com apoio operacional de agentes do Grupo de Opera\u00e7\u00f5es Especiais, cumpriu nesta quinta-feira (13), mandados de busca e apreens\u00e3o domiciliar em dois endere\u00e7os localizados na cidade Panorama (SP) e em outros 02 locais no munic\u00edpio de Dracena. O objetivo da opera\u00e7\u00e3o foi mitigar e neutralizar a propaga\u00e7\u00e3o de boatos sobre amea\u00e7as e ataques contra as escolas, bem como tamb\u00e9m realizar nas duas cidades o policiamento repressivo especializado.<\/p>\n<p style=\"text-align: justify;\">A\u00e7\u00e3o policial foi coordenada e deflagrada por agentes da Delegacia de Pol\u00edcia de Panorama, com apoio operacional de integrantes do Grupo de Opera\u00e7\u00f5es Especiais &#8211; GOE. Os policiais civis estiveram em duas resid\u00eancias, sendo a primeira casa localizada na regi\u00e3o central da cidade de Panorama, e em um outro im\u00f3vel situado, no bairro Marrecas.<\/p>\n<p style=\"text-align: justify;\">No bairro Marrecas, o alvo foi um adolescente, de idade n\u00e3o divulgada, suspeito de propagar em uma rede social imagens de uma suposta arma de fogo, com um prov\u00e1vel intuito de programar de boatos sobre amea\u00e7as e ataques contra as escolas. No local, a Policia Civil apreendeu um simulacro de arma de fogo, tipo pistola, aparentando ser o mesmo objeto postado na internet.<\/p>\n<p style=\"text-align: justify;\">O adolescente e o material apreendido foram levados para Delegacia de Pol\u00edcia de Panorama. O adolescente, ap\u00f3s reduzido a termo suas declara\u00e7\u00f5es, foi liberado ao respons\u00e1vel, e ter\u00e1 o procedimento encaminhado a Promotoria e ao Juizado da Inf\u00e2ncia e Juventude.<\/p>\n<p style=\"text-align: justify;\">No munic\u00edpio de Dracena, foram cumpridos 2 mandados de busca e apreens\u00e3o na resid\u00eancia de adolescentes, com o acompanhamento de seus respons\u00e1veis, sendo localizados e apreendidos celulares e computador. As adolescentes foram ouvidas na sede das Unidades Especializadas DIG\/DISE em Dracena e em seguida liberadas a seus respons\u00e1veis.<\/p>\n<p>A Pol\u00edcia Civil est\u00e1 em constante contato com profissionais do ensino, acompanha todos os casos e tem adotado as medidas adequadas para a neutraliza\u00e7\u00e3o de amea\u00e7as. Durante esta semana, a Unidade de Intelig\u00eancia Policial do Deinter 8 de Presidente Prudente requisitou a retirada do ar de dois v\u00eddeos que circulavam em redes sociais contendo not\u00edcias falsas, assim como promoveu a produ\u00e7\u00e3o de provas e evidencias destinada a devida responsabiliza\u00e7\u00e3o penal.<\/p>\n<p><img loading=\"lazy\" decoding=\"async\" class=\"alignnone size-full wp-image-74952\" src=\"https:\/\/jorgezanoni.com.br\/2019\/wp-content\/uploads\/2023\/04\/civil.jpg\" alt=\"\" width=\"700\" height=\"525\" srcset=\"https:\/\/jorgezanoni.com.br\/2019\/wp-content\/uploads\/2023\/04\/civil.jpg 700w, https:\/\/jorgezanoni.com.br\/2019\/wp-content\/uploads\/2023\/04\/civil-300x225.jpg 300w, https:\/\/jorgezanoni.com.br\/2019\/wp-content\/uploads\/2023\/04\/civil-80x60.jpg 80w, https:\/\/jorgezanoni.com.br\/2019\/wp-content\/uploads\/2023\/04\/civil-265x198.jpg 265w, https:\/\/jorgezanoni.com.br\/2019\/wp-content\/uploads\/2023\/04\/civil-696x522.jpg 696w, https:\/\/jorgezanoni.com.br\/2019\/wp-content\/uploads\/2023\/04\/civil-560x420.jpg 560w\" sizes=\"auto, (max-width: 700px) 100vw, 700px\" \/><\/p>\n<p style=\"text-align: justify;\">Fonte: Com. Social Pol\u00edcia Civil<\/p>\n","protected":false},"excerpt":{"rendered":"<p>O objetivo da \u201cA\u00e7\u00e3o Escola Segura\u201d \u00e9 neutralizar a propaga\u00e7\u00e3o de boatos sobre amea\u00e7as e ataques contra as escolas e tamb\u00e9m realizar o policiamento repressivo especializado. Foram cumpridos dois mandados de busca e apreens\u00e3o domiciliar em endere\u00e7os localizados no munic\u00edpio de Panorama e Dracena (SP). A Pol\u00edcia Civil, por interm\u00e9dio da Delegacia de Pol\u00edcia de [&hellip;]<\/p>\n","protected":false},"author":1,"featured_media":74953,"comment_status":"closed","ping_status":"open","sticky":false,"template":"","format":"standard","meta":{"footnotes":""},"categories":[110,2],"tags":[],"class_list":["post-74951","post","type-post","status-publish","format-standard","has-post-thumbnail","hentry","category-noticiasdestaque","category-policial"],"_links":{"self":[{"href":"https:\/\/jorgezanoni.com.br\/2019\/wp-json\/wp\/v2\/posts\/74951","targetHints":{"allow":["GET"]}}],"collection":[{"href":"https:\/\/jorgezanoni.com.br\/2019\/wp-json\/wp\/v2\/posts"}],"about":[{"href":"https:\/\/jorgezanoni.com.br\/2019\/wp-json\/wp\/v2\/types\/post"}],"author":[{"embeddable":true,"href":"https:\/\/jorgezanoni.com.br\/2019\/wp-json\/wp\/v2\/users\/1"}],"replies":[{"embeddable":true,"href":"https:\/\/jorgezanoni.com.br\/2019\/wp-json\/wp\/v2\/comments?post=74951"}],"version-history":[{"count":1,"href":"https:\/\/jorgezanoni.com.br\/2019\/wp-json\/wp\/v2\/posts\/74951\/revisions"}],"predecessor-version":[{"id":74955,"href":"https:\/\/jorgezanoni.com.br\/2019\/wp-json\/wp\/v2\/posts\/74951\/revisions\/74955"}],"wp:featuredmedia":[{"embeddable":true,"href":"https:\/\/jorgezanoni.com.br\/2019\/wp-json\/wp\/v2\/media\/74953"}],"wp:attachment":[{"href":"https:\/\/jorgezanoni.com.br\/2019\/wp-json\/wp\/v2\/media?parent=74951"}],"wp:term":[{"taxonomy":"category","embeddable":true,"href":"https:\/\/jorgezanoni.com.br\/2019\/wp-json\/wp\/v2\/categories?post=74951"},{"taxonomy":"post_tag","embeddable":true,"href":"https:\/\/jorgezanoni.com.br\/2019\/wp-json\/wp\/v2\/tags?post=74951"}],"curies":[{"name":"wp","href":"https:\/\/api.w.org\/{rel}","templated":true}]}}