{"id":74948,"date":"2023-04-13T21:16:09","date_gmt":"2023-04-13T21:16:09","guid":{"rendered":"https:\/\/jorgezanoni.com.br\/2019\/?p=74948"},"modified":"2023-04-13T21:16:09","modified_gmt":"2023-04-13T21:16:09","slug":"dracena-tempersul-unifadra-estreia-no-campeonato-paulista-nesta-sexta-feira","status":"publish","type":"post","link":"https:\/\/jorgezanoni.com.br\/2019\/dracena-tempersul-unifadra-estreia-no-campeonato-paulista-nesta-sexta-feira\/","title":{"rendered":"Dracena Tempersul Unifadra estreia no Campeonato Paulista nesta sexta-feira  \u00a0"},"content":{"rendered":"<p class=\"v1MsoNormal\" style=\"text-align: justify;\">A temporada 2023 do Dracena Tempersul Unifadra come\u00e7a oficialmente nesta sexta-feira (14), em Limeira, em jogo do Campeonato Paulista contra o Brutos. A bola rola \u00e0s 19h no gin\u00e1sio V\u00f4 Lucato.<\/p>\n<p class=\"v1MsoNormal\" style=\"text-align: justify;\">Ap\u00f3s o amistoso da \u00faltima quinta-feira (6) contra o Terra Rica (PR), com a vit\u00f3ria por 8 a 3, o t\u00e9cnico Flavinho Cavalcante usou os treinamentos desse come\u00e7o de semana para fazer ajustes para fazer na equipe.<\/p>\n<p class=\"v1MsoNormal\" style=\"text-align: justify;\">&#8220;Foi importante enfrentar um advers\u00e1rio com esse n\u00edvel de competitividade, pois nos mostra que h\u00e1 espa\u00e7o para corre\u00e7\u00f5es&#8221;, analisou o comandante. &#8220;No primeiro tempo erramos algumas movimenta\u00e7\u00f5es e proporcionamos situa\u00e7\u00f5es de gol ao Terra Rica que n\u00e3o podem acontecer na sequ\u00eancia da temporada&#8221;, analisou Flavinho.<\/p>\n<p class=\"v1MsoNormal\" style=\"text-align: justify;\">Al\u00e9m do amistoso com o time paranaense, o Dracena tamb\u00e9m enfrentou as equipes paulistas de Botucatu, Brejo Alegre e Atl\u00e9tico do Morro, de Luc\u00e9lia.<\/p>\n<p class=\"v1MsoNormal\" style=\"text-align: justify;\">Se por um lado ainda h\u00e1 ajustes a serem feitos, por outro o t\u00e9cnico tamb\u00e9m comentou a evolu\u00e7\u00e3o da equipe nos jogos-treino. &#8220;Conseguimos executar melhor o plano de jogo e criar situa\u00e7\u00f5es de gol com mais naturalidade. \u00c9 assim que precisamos atuar contra o Brutos para voltar com os tr\u00eas pontos&#8221;, concluiu.<\/p>\n<p class=\"v1MsoNormal\" style=\"text-align: justify;\">Para esse duelo o Dracena Tempersul Unifadra n\u00e3o contar\u00e1 com o piv\u00f4 Isaac, que sofreu uma pancada nas costelas no treino de ter\u00e7a-feira (11) e ser\u00e1 preservado para a sequ\u00eancia da competi\u00e7\u00e3o.<\/p>\n<p style=\"text-align: justify;\">Fonte: Assessoria de Imprensa<\/p>\n","protected":false},"excerpt":{"rendered":"<p>A temporada 2023 do Dracena Tempersul Unifadra come\u00e7a oficialmente nesta sexta-feira (14), em Limeira, em jogo do Campeonato Paulista contra o Brutos. A bola rola \u00e0s 19h no gin\u00e1sio V\u00f4 Lucato. Ap\u00f3s o amistoso da \u00faltima quinta-feira (6) contra o Terra Rica (PR), com a vit\u00f3ria por 8 a 3, o t\u00e9cnico Flavinho Cavalcante usou [&hellip;]<\/p>\n","protected":false},"author":1,"featured_media":74949,"comment_status":"closed","ping_status":"open","sticky":false,"template":"","format":"standard","meta":{"footnotes":""},"categories":[111,110],"tags":[],"class_list":["post-74948","post","type-post","status-publish","format-standard","has-post-thumbnail","hentry","category-esporteecultura","category-noticiasdestaque"],"_links":{"self":[{"href":"https:\/\/jorgezanoni.com.br\/2019\/wp-json\/wp\/v2\/posts\/74948","targetHints":{"allow":["GET"]}}],"collection":[{"href":"https:\/\/jorgezanoni.com.br\/2019\/wp-json\/wp\/v2\/posts"}],"about":[{"href":"https:\/\/jorgezanoni.com.br\/2019\/wp-json\/wp\/v2\/types\/post"}],"author":[{"embeddable":true,"href":"https:\/\/jorgezanoni.com.br\/2019\/wp-json\/wp\/v2\/users\/1"}],"replies":[{"embeddable":true,"href":"https:\/\/jorgezanoni.com.br\/2019\/wp-json\/wp\/v2\/comments?post=74948"}],"version-history":[{"count":1,"href":"https:\/\/jorgezanoni.com.br\/2019\/wp-json\/wp\/v2\/posts\/74948\/revisions"}],"predecessor-version":[{"id":74950,"href":"https:\/\/jorgezanoni.com.br\/2019\/wp-json\/wp\/v2\/posts\/74948\/revisions\/74950"}],"wp:featuredmedia":[{"embeddable":true,"href":"https:\/\/jorgezanoni.com.br\/2019\/wp-json\/wp\/v2\/media\/74949"}],"wp:attachment":[{"href":"https:\/\/jorgezanoni.com.br\/2019\/wp-json\/wp\/v2\/media?parent=74948"}],"wp:term":[{"taxonomy":"category","embeddable":true,"href":"https:\/\/jorgezanoni.com.br\/2019\/wp-json\/wp\/v2\/categories?post=74948"},{"taxonomy":"post_tag","embeddable":true,"href":"https:\/\/jorgezanoni.com.br\/2019\/wp-json\/wp\/v2\/tags?post=74948"}],"curies":[{"name":"wp","href":"https:\/\/api.w.org\/{rel}","templated":true}]}}