{"id":74928,"date":"2023-04-13T15:08:59","date_gmt":"2023-04-13T15:08:59","guid":{"rendered":"https:\/\/jorgezanoni.com.br\/2019\/?p=74928"},"modified":"2023-04-13T15:12:04","modified_gmt":"2023-04-13T15:12:04","slug":"egressos-de-medicina-da-unifadra-publicam-trabalho-sobre-a-hanseniase-em-revista-cientifica","status":"publish","type":"post","link":"https:\/\/jorgezanoni.com.br\/2019\/egressos-de-medicina-da-unifadra-publicam-trabalho-sobre-a-hanseniase-em-revista-cientifica\/","title":{"rendered":"Egressos de Medicina da Unifadra publicam trabalho sobre a hansen\u00edase em revista cient\u00edfica"},"content":{"rendered":"<p style=\"text-align: justify;\"><span style=\"font-size: large;\">Os m\u00e9dicos Ana Cl\u00e1udia Ferreira Yonemoto, Mario Ciro Choptian Junior e Victor Augusto de Oliveira Mattara, alunos egressos da Unifadra, publicaram o artigo &#8220;Fisiopatologia da hansen\u00edase: resposta imunol\u00f3gica relacionada \u00e0s formas cl\u00ednicas&#8221; na revista Research, Society and Development.<\/span><\/p>\n<p style=\"text-align: justify;\"><span style=\"font-size: large;\">Orientados pela\u00a0<\/span>Profa. Dra.<span style=\"font-size: large;\">\u00a0Marilda Aparecida Milanez Morgado de Abreu, coordenadora do curso de Medicina da Unifadra, o trio realizou uma revis\u00e3o dos artigos mais recentes publicados na literatura m\u00e9dica, restrita aos estudos de 2013 at\u00e9 o ano de 2021.<\/span><\/p>\n<p style=\"text-align: justify;\"><span style=\"font-size: large;\">Segundo os autores, foi observado que a hansen\u00edase apresenta fisiopatologia complexa, relacionada a diferentes padr\u00f5es imunes que determinar\u00e3o o tipo de resposta imunol\u00f3gica do hospedeiro e a consequente evolu\u00e7\u00e3o cl\u00ednica da doen\u00e7a. Considerava-se que a resposta imune se baseava em linf\u00f3citos T helper (Th1 e Th2), mas, como abordado no estudo dos alunos, ela \u00e9 mais complexa e dependente de aspectos gen\u00e9ticos do hospedeiro.<\/span><\/p>\n<p style=\"text-align: justify;\"><span style=\"font-size: large;\">&#8220;A import\u00e2ncia desta pesquisa \u00e9 contribuir para um melhor conhecimento sobre os mecanismos da hansen\u00edase, ou seja, de como a doen\u00e7a se desenvolve ap\u00f3s a infec\u00e7\u00e3o pela bact\u00e9ria causadora. Isso pode contribuir para um melhor manuseio das pessoas que sofrem de hansen\u00edase&#8221;, ressalta a coordenadora.<\/span><\/p>\n<p style=\"text-align: justify;\"><span style=\"font-size: large;\">O artigo pode ser conferido no link (vol. 11, n\u00ba 9, ano 2022):<\/span><br \/>\n<span style=\"font-size: large;\"><a href=\"https:\/\/rsdjournal.org\/index.php\/rsd\/article\/view\/32058\" target=\"_blank\" rel=\"noopener noreferrer\">https:\/\/rsdjournal.org\/index.php\/rsd\/article\/view\/32058<\/a><\/span><\/p>\n<p style=\"text-align: justify;\"><span style=\"font-size: large;\">A dire\u00e7\u00e3o acad\u00eamica e a coordena\u00e7\u00e3o da Unifadra parabenizam os alunos pelo trabalho desenvolvido e pela publica\u00e7\u00e3o do artigo e ressaltam a import\u00e2ncia do compartilhamento das informa\u00e7\u00f5es e dos resultados obtidos em peri\u00f3dicos especializados.<\/span><\/p>\n<p style=\"text-align: justify;\"><span style=\"font-size: large;\"><b>Research, Society and Development<\/b><\/span><br \/>\n<span style=\"font-size: large;\">A publica\u00e7\u00e3o \u00e9 uma revista cient\u00edfica mensal e multidisciplinar focada em promover o desenvolvimento social, cient\u00edfico e tecnol\u00f3gico, que apresenta os resultados ocorridos em diferentes \u00e1reas do conhecimento. Segundo a classifica\u00e7\u00e3o da CAPES, Qualis Peri\u00f3dicos no quadri\u00eanio 2017-2020, a revista est\u00e1 classificada como C na \u00e1rea de Medicina.<\/span><\/p>\n<p style=\"text-align: justify;\">Fonte: Depto. de Comunica\u00e7\u00e3o da Fundec<\/p>\n","protected":false},"excerpt":{"rendered":"<p>Os m\u00e9dicos Ana Cl\u00e1udia Ferreira Yonemoto, Mario Ciro Choptian Junior e Victor Augusto de Oliveira Mattara, alunos egressos da Unifadra, publicaram o artigo &#8220;Fisiopatologia da hansen\u00edase: resposta imunol\u00f3gica relacionada \u00e0s formas cl\u00ednicas&#8221; na revista Research, Society and Development. Orientados pela\u00a0Profa. Dra.\u00a0Marilda Aparecida Milanez Morgado de Abreu, coordenadora do curso de Medicina da Unifadra, o trio [&hellip;]<\/p>\n","protected":false},"author":1,"featured_media":74931,"comment_status":"closed","ping_status":"open","sticky":false,"template":"","format":"standard","meta":{"footnotes":""},"categories":[110,122],"tags":[],"class_list":["post-74928","post","type-post","status-publish","format-standard","has-post-thumbnail","hentry","category-noticiasdestaque","category-saudeeducacaoeconcurso"],"_links":{"self":[{"href":"https:\/\/jorgezanoni.com.br\/2019\/wp-json\/wp\/v2\/posts\/74928","targetHints":{"allow":["GET"]}}],"collection":[{"href":"https:\/\/jorgezanoni.com.br\/2019\/wp-json\/wp\/v2\/posts"}],"about":[{"href":"https:\/\/jorgezanoni.com.br\/2019\/wp-json\/wp\/v2\/types\/post"}],"author":[{"embeddable":true,"href":"https:\/\/jorgezanoni.com.br\/2019\/wp-json\/wp\/v2\/users\/1"}],"replies":[{"embeddable":true,"href":"https:\/\/jorgezanoni.com.br\/2019\/wp-json\/wp\/v2\/comments?post=74928"}],"version-history":[{"count":3,"href":"https:\/\/jorgezanoni.com.br\/2019\/wp-json\/wp\/v2\/posts\/74928\/revisions"}],"predecessor-version":[{"id":74932,"href":"https:\/\/jorgezanoni.com.br\/2019\/wp-json\/wp\/v2\/posts\/74928\/revisions\/74932"}],"wp:featuredmedia":[{"embeddable":true,"href":"https:\/\/jorgezanoni.com.br\/2019\/wp-json\/wp\/v2\/media\/74931"}],"wp:attachment":[{"href":"https:\/\/jorgezanoni.com.br\/2019\/wp-json\/wp\/v2\/media?parent=74928"}],"wp:term":[{"taxonomy":"category","embeddable":true,"href":"https:\/\/jorgezanoni.com.br\/2019\/wp-json\/wp\/v2\/categories?post=74928"},{"taxonomy":"post_tag","embeddable":true,"href":"https:\/\/jorgezanoni.com.br\/2019\/wp-json\/wp\/v2\/tags?post=74928"}],"curies":[{"name":"wp","href":"https:\/\/api.w.org\/{rel}","templated":true}]}}