{"id":74911,"date":"2023-04-13T01:22:11","date_gmt":"2023-04-13T01:22:11","guid":{"rendered":"https:\/\/jorgezanoni.com.br\/2019\/?p=74911"},"modified":"2023-04-13T01:22:11","modified_gmt":"2023-04-13T01:22:11","slug":"atletas-tupienses-de-karate-vao-participar-da-primeira-etapa-do-campeonato-estadual-no-mato-grosso-do-sul","status":"publish","type":"post","link":"https:\/\/jorgezanoni.com.br\/2019\/atletas-tupienses-de-karate-vao-participar-da-primeira-etapa-do-campeonato-estadual-no-mato-grosso-do-sul\/","title":{"rendered":"Atletas Tupienses de karat\u00ea v\u00e3o participar da Primeira Etapa do Campeonato Estadual no Mato grosso do Sul"},"content":{"rendered":"<p style=\"text-align: justify;\">No pr\u00f3ximo dia 15 de Maio na Cidade de Sidrol\u00e2ndia MS,os karateca Tupienses Danilo Hatsunoma, Ryan Pietro, Gabriel Louren\u00e7o,Kevin,Diego Felix e Silvana Garcia estar\u00e3o participando da Primeira Etapa do Campeonato Estadual do Mato grosso do Sul .<br \/>\nSer\u00e3o ao todo 3 Etapas durante 2023,sendo nas cidades de Sidrol\u00e2ndia, Campo Grande e Tr\u00eas Lagoas.<br \/>\nOs atletas v\u00e3o disputar nas categorias de kata (luta imaginaria) e Shiai Kumite (luta)<br \/>\nTodos sob o comando do Sensei Clourdoardo Zanon,ainda tem um calend\u00e1rio extenso de competi\u00e7\u00f5es no ano de 2023.<br \/>\nEm breve os atletas tamb\u00e9m v\u00e3o disputar alguns Campeonatos Interestaduais.<\/p>\n<p><img loading=\"lazy\" decoding=\"async\" class=\"alignnone size-full wp-image-74913\" src=\"https:\/\/jorgezanoni.com.br\/2019\/wp-content\/uploads\/2023\/04\/kara1-Pequeno.jpg\" alt=\"\" width=\"393\" height=\"854\" srcset=\"https:\/\/jorgezanoni.com.br\/2019\/wp-content\/uploads\/2023\/04\/kara1-Pequeno.jpg 393w, https:\/\/jorgezanoni.com.br\/2019\/wp-content\/uploads\/2023\/04\/kara1-Pequeno-138x300.jpg 138w, https:\/\/jorgezanoni.com.br\/2019\/wp-content\/uploads\/2023\/04\/kara1-Pequeno-193x420.jpg 193w\" sizes=\"auto, (max-width: 393px) 100vw, 393px\" \/> <img loading=\"lazy\" decoding=\"async\" class=\"alignnone size-full wp-image-74914\" src=\"https:\/\/jorgezanoni.com.br\/2019\/wp-content\/uploads\/2023\/04\/kara2-Pequeno.jpg\" alt=\"\" width=\"393\" height=\"854\" srcset=\"https:\/\/jorgezanoni.com.br\/2019\/wp-content\/uploads\/2023\/04\/kara2-Pequeno.jpg 393w, https:\/\/jorgezanoni.com.br\/2019\/wp-content\/uploads\/2023\/04\/kara2-Pequeno-138x300.jpg 138w, https:\/\/jorgezanoni.com.br\/2019\/wp-content\/uploads\/2023\/04\/kara2-Pequeno-193x420.jpg 193w\" sizes=\"auto, (max-width: 393px) 100vw, 393px\" \/> <img loading=\"lazy\" decoding=\"async\" class=\"alignnone size-full wp-image-74915\" src=\"https:\/\/jorgezanoni.com.br\/2019\/wp-content\/uploads\/2023\/04\/kara3-Pequeno.jpg\" alt=\"\" width=\"393\" height=\"854\" srcset=\"https:\/\/jorgezanoni.com.br\/2019\/wp-content\/uploads\/2023\/04\/kara3-Pequeno.jpg 393w, https:\/\/jorgezanoni.com.br\/2019\/wp-content\/uploads\/2023\/04\/kara3-Pequeno-138x300.jpg 138w, https:\/\/jorgezanoni.com.br\/2019\/wp-content\/uploads\/2023\/04\/kara3-Pequeno-193x420.jpg 193w\" sizes=\"auto, (max-width: 393px) 100vw, 393px\" \/> <img loading=\"lazy\" decoding=\"async\" class=\"alignnone size-full wp-image-74916\" src=\"https:\/\/jorgezanoni.com.br\/2019\/wp-content\/uploads\/2023\/04\/kara4-Pequeno.jpg\" alt=\"\" width=\"854\" height=\"393\" srcset=\"https:\/\/jorgezanoni.com.br\/2019\/wp-content\/uploads\/2023\/04\/kara4-Pequeno.jpg 854w, https:\/\/jorgezanoni.com.br\/2019\/wp-content\/uploads\/2023\/04\/kara4-Pequeno-300x138.jpg 300w, https:\/\/jorgezanoni.com.br\/2019\/wp-content\/uploads\/2023\/04\/kara4-Pequeno-768x353.jpg 768w, https:\/\/jorgezanoni.com.br\/2019\/wp-content\/uploads\/2023\/04\/kara4-Pequeno-696x320.jpg 696w\" sizes=\"auto, (max-width: 854px) 100vw, 854px\" \/><\/p>\n<p>Fonte: Assessoria de Imprensa<\/p>\n","protected":false},"excerpt":{"rendered":"<p>No pr\u00f3ximo dia 15 de Maio na Cidade de Sidrol\u00e2ndia MS,os karateca Tupienses Danilo Hatsunoma, Ryan Pietro, Gabriel Louren\u00e7o,Kevin,Diego Felix e Silvana Garcia estar\u00e3o participando da Primeira Etapa do Campeonato Estadual do Mato grosso do Sul . Ser\u00e3o ao todo 3 Etapas durante 2023,sendo nas cidades de Sidrol\u00e2ndia, Campo Grande e Tr\u00eas Lagoas. Os atletas [&hellip;]<\/p>\n","protected":false},"author":1,"featured_media":74912,"comment_status":"closed","ping_status":"open","sticky":false,"template":"","format":"standard","meta":{"footnotes":""},"categories":[111,110],"tags":[],"class_list":["post-74911","post","type-post","status-publish","format-standard","has-post-thumbnail","hentry","category-esporteecultura","category-noticiasdestaque"],"_links":{"self":[{"href":"https:\/\/jorgezanoni.com.br\/2019\/wp-json\/wp\/v2\/posts\/74911","targetHints":{"allow":["GET"]}}],"collection":[{"href":"https:\/\/jorgezanoni.com.br\/2019\/wp-json\/wp\/v2\/posts"}],"about":[{"href":"https:\/\/jorgezanoni.com.br\/2019\/wp-json\/wp\/v2\/types\/post"}],"author":[{"embeddable":true,"href":"https:\/\/jorgezanoni.com.br\/2019\/wp-json\/wp\/v2\/users\/1"}],"replies":[{"embeddable":true,"href":"https:\/\/jorgezanoni.com.br\/2019\/wp-json\/wp\/v2\/comments?post=74911"}],"version-history":[{"count":1,"href":"https:\/\/jorgezanoni.com.br\/2019\/wp-json\/wp\/v2\/posts\/74911\/revisions"}],"predecessor-version":[{"id":74917,"href":"https:\/\/jorgezanoni.com.br\/2019\/wp-json\/wp\/v2\/posts\/74911\/revisions\/74917"}],"wp:featuredmedia":[{"embeddable":true,"href":"https:\/\/jorgezanoni.com.br\/2019\/wp-json\/wp\/v2\/media\/74912"}],"wp:attachment":[{"href":"https:\/\/jorgezanoni.com.br\/2019\/wp-json\/wp\/v2\/media?parent=74911"}],"wp:term":[{"taxonomy":"category","embeddable":true,"href":"https:\/\/jorgezanoni.com.br\/2019\/wp-json\/wp\/v2\/categories?post=74911"},{"taxonomy":"post_tag","embeddable":true,"href":"https:\/\/jorgezanoni.com.br\/2019\/wp-json\/wp\/v2\/tags?post=74911"}],"curies":[{"name":"wp","href":"https:\/\/api.w.org\/{rel}","templated":true}]}}