{"id":7486,"date":"2019-09-28T16:29:40","date_gmt":"2019-09-28T16:29:40","guid":{"rendered":"https:\/\/jorgezanoni.com.br\/2019\/?p=7486"},"modified":"2019-09-28T16:39:22","modified_gmt":"2019-09-28T16:39:22","slug":"delegacia-seccional-de-policia-de-dracena-recebe-elogio-por-participacao-em-investigacao-interestadual-relacionado-a-crime-de-latrocinio-ocorrido-em-uberaba-mg","status":"publish","type":"post","link":"https:\/\/jorgezanoni.com.br\/2019\/delegacia-seccional-de-policia-de-dracena-recebe-elogio-por-participacao-em-investigacao-interestadual-relacionado-a-crime-de-latrocinio-ocorrido-em-uberaba-mg\/","title":{"rendered":"Delegacia Seccional de Pol\u00edcia de Dracena recebe elogio por participa\u00e7\u00e3o em investiga\u00e7\u00e3o interestadual relacionado a crime de latroc\u00ednio ocorrido em Uberaba\/MG"},"content":{"rendered":"<p style=\"text-align: justify;\">A Delegacia Seccional de Pol\u00edcia de Dracena recebeu, no dia 23\/9, o Despacho 212\/2019 do Deinter -8, o qual retransmitia os cumprimentos de homenagem e elogio do Delegado Geral de Pol\u00edcia Dr Ruy Ferraz Pontes, para o agente policial Reginaldo Rosa.<br \/>\nA recomenda\u00e7\u00e3o da homenagem se deu em raz\u00e3o da participa\u00e7\u00e3o da Policia Civil do Estado de S\u00e3o Paulo no aux\u00edlio a Pol\u00edcia Civil de Minas Gerais e, destaque nas investiga\u00e7\u00f5es que resultaram nas pris\u00f5es de uma quadrilha especializada em roubo de rel\u00f3gios da marca Rolex, que haviam praticado um latroc\u00ednio vitimando um empres\u00e1rio colombiano, durante a realiza\u00e7\u00e3o da 85\u00b0 Expozebu em Uberaba\/MG (27\/4 a 5\/5). O fato acabou gerando repercuss\u00e3o internacional, tendo em vista que a v\u00edtima era pecuarista filiado a Associa\u00e7\u00e3o Brasileira de Gado Zebu.<br \/>\nNa homenagem cita o Delegado Geral que \u201co trabalho despenhando elevou o nome da Institui\u00e7\u00e3o, contribuindo para o fortalecimento de sua imagem e para o reconhecimento de que \u00e9 essencial para a manuten\u00e7\u00e3o da seguran\u00e7a p\u00fablica, num Estado Democr\u00e1tico de Direito\u201d<\/p>\n<p><img loading=\"lazy\" decoding=\"async\" class=\"alignnone size-full wp-image-7487\" src=\"https:\/\/jorgezanoni.com.br\/2019\/wp-content\/uploads\/2019\/09\/agrade.jpg\" alt=\"\" width=\"579\" height=\"731\" srcset=\"https:\/\/jorgezanoni.com.br\/2019\/wp-content\/uploads\/2019\/09\/agrade.jpg 579w, https:\/\/jorgezanoni.com.br\/2019\/wp-content\/uploads\/2019\/09\/agrade-238x300.jpg 238w, https:\/\/jorgezanoni.com.br\/2019\/wp-content\/uploads\/2019\/09\/agrade-333x420.jpg 333w\" sizes=\"auto, (max-width: 579px) 100vw, 579px\" \/><img loading=\"lazy\" decoding=\"async\" class=\"alignnone size-full wp-image-7488\" src=\"https:\/\/jorgezanoni.com.br\/2019\/wp-content\/uploads\/2019\/09\/agrade2.jpg\" alt=\"\" width=\"1280\" height=\"853\" srcset=\"https:\/\/jorgezanoni.com.br\/2019\/wp-content\/uploads\/2019\/09\/agrade2.jpg 1280w, https:\/\/jorgezanoni.com.br\/2019\/wp-content\/uploads\/2019\/09\/agrade2-300x200.jpg 300w, https:\/\/jorgezanoni.com.br\/2019\/wp-content\/uploads\/2019\/09\/agrade2-768x512.jpg 768w, https:\/\/jorgezanoni.com.br\/2019\/wp-content\/uploads\/2019\/09\/agrade2-1024x682.jpg 1024w, https:\/\/jorgezanoni.com.br\/2019\/wp-content\/uploads\/2019\/09\/agrade2-696x464.jpg 696w, https:\/\/jorgezanoni.com.br\/2019\/wp-content\/uploads\/2019\/09\/agrade2-1068x712.jpg 1068w, https:\/\/jorgezanoni.com.br\/2019\/wp-content\/uploads\/2019\/09\/agrade2-630x420.jpg 630w\" sizes=\"auto, (max-width: 1280px) 100vw, 1280px\" \/><\/p>\n<p>Fonte: Com. Social Pol\u00edcia Civil<\/p>\n","protected":false},"excerpt":{"rendered":"<p>A Delegacia Seccional de Pol\u00edcia de Dracena recebeu, no dia 23\/9, o Despacho 212\/2019 do Deinter -8, o qual retransmitia os cumprimentos de homenagem e elogio do Delegado Geral de Pol\u00edcia Dr Ruy Ferraz Pontes, para o agente policial Reginaldo Rosa. A recomenda\u00e7\u00e3o da homenagem se deu em raz\u00e3o da participa\u00e7\u00e3o da Policia Civil do [&hellip;]<\/p>\n","protected":false},"author":1,"featured_media":7489,"comment_status":"closed","ping_status":"open","sticky":false,"template":"","format":"standard","meta":{"footnotes":""},"categories":[2],"tags":[],"class_list":["post-7486","post","type-post","status-publish","format-standard","has-post-thumbnail","hentry","category-policial"],"_links":{"self":[{"href":"https:\/\/jorgezanoni.com.br\/2019\/wp-json\/wp\/v2\/posts\/7486","targetHints":{"allow":["GET"]}}],"collection":[{"href":"https:\/\/jorgezanoni.com.br\/2019\/wp-json\/wp\/v2\/posts"}],"about":[{"href":"https:\/\/jorgezanoni.com.br\/2019\/wp-json\/wp\/v2\/types\/post"}],"author":[{"embeddable":true,"href":"https:\/\/jorgezanoni.com.br\/2019\/wp-json\/wp\/v2\/users\/1"}],"replies":[{"embeddable":true,"href":"https:\/\/jorgezanoni.com.br\/2019\/wp-json\/wp\/v2\/comments?post=7486"}],"version-history":[{"count":0,"href":"https:\/\/jorgezanoni.com.br\/2019\/wp-json\/wp\/v2\/posts\/7486\/revisions"}],"wp:featuredmedia":[{"embeddable":true,"href":"https:\/\/jorgezanoni.com.br\/2019\/wp-json\/wp\/v2\/media\/7489"}],"wp:attachment":[{"href":"https:\/\/jorgezanoni.com.br\/2019\/wp-json\/wp\/v2\/media?parent=7486"}],"wp:term":[{"taxonomy":"category","embeddable":true,"href":"https:\/\/jorgezanoni.com.br\/2019\/wp-json\/wp\/v2\/categories?post=7486"},{"taxonomy":"post_tag","embeddable":true,"href":"https:\/\/jorgezanoni.com.br\/2019\/wp-json\/wp\/v2\/tags?post=7486"}],"curies":[{"name":"wp","href":"https:\/\/api.w.org\/{rel}","templated":true}]}}