{"id":74848,"date":"2023-04-11T15:38:45","date_gmt":"2023-04-11T15:38:45","guid":{"rendered":"https:\/\/jorgezanoni.com.br\/2019\/?p=74848"},"modified":"2023-04-11T15:38:45","modified_gmt":"2023-04-11T15:38:45","slug":"sicredi-esta-no-top-5-de-projecoes-economicas-do-banco-central-pelo-sexto-ano-consecutivo","status":"publish","type":"post","link":"https:\/\/jorgezanoni.com.br\/2019\/sicredi-esta-no-top-5-de-projecoes-economicas-do-banco-central-pelo-sexto-ano-consecutivo\/","title":{"rendered":"Sicredi est\u00e1 no Top 5 de proje\u00e7\u00f5es econ\u00f4micas do Banco Central pelo sexto ano consecutivo"},"content":{"rendered":"<p style=\"text-align: justify;\" align=\"center\"><strong><i>Institui\u00e7\u00e3o financeira cooperativa est\u00e1 presente na categoria PIB.<\/i><\/strong><\/p>\n<p style=\"text-align: justify;\">O Sicredi est\u00e1 no ranking anual da Pesquisa Focus &#8220;Top 5&#8221; do Banco Central, desta vez na lista relacionada \u00e0s proje\u00e7\u00f5es do Produto Interno Bruto (PIB), divulgada no dia 31 de mar\u00e7o. Institui\u00e7\u00e3o financeira cooperativa com mais de 6,5 milh\u00f5es de associados e atua\u00e7\u00e3o em todas as regi\u00f5es do Brasil, o Sicredi integra a lista pelo sexto ano consecutivo. O ranking \u00e9 uma forma de incentivar o aprimoramento da capacidade preditiva dos participantes da pesquisa, al\u00e9m de reconhecer seu esfor\u00e7o anal\u00edtico.<\/p>\n<p style=\"text-align: justify;\">Para essa avalia\u00e7\u00e3o de expectativas de mercado, o sistema de classifica\u00e7\u00e3o no ranking baseou-se no \u00edndice de acerto de suas proje\u00e7\u00f5es de curto, m\u00e9dio e longo prazos. As proje\u00e7\u00f5es s\u00e3o feitas por institui\u00e7\u00f5es que atuam no mercado financeiro como bancos, gestoras de recursos e consultorias al\u00e9m de, em alguns casos, empresas do setor real com equipes especializadas em projetar as principais vari\u00e1veis macroecon\u00f4micas.<\/p>\n<p style=\"text-align: justify;\">&#8220;Nossa presen\u00e7a constante nesse seleto grupo de institui\u00e7\u00f5es que melhor projetam os indicadores de mercado ratifica a capacidade e qualidade anal\u00edtica do Sicredi. Esse \u00e9 um fator diferencial, que beneficia a institui\u00e7\u00e3o no planejamento e gest\u00e3o dos recursos pr\u00f3prios e dos associados&#8221;, afirma Andr\u00e9 Nunes de Nunes, economista-chefe do Sicredi.<\/p>\n<p style=\"text-align: justify;\">Al\u00e9m do ranking anual, mensalmente, s\u00e3o divulgados rankings Top 5 de curto prazo, enquanto trimestralmente s\u00e3o divulgados rankings Top 5 de m\u00e9dio prazo. No ranking de curto prazo, \u00e9 avaliada a precis\u00e3o das proje\u00e7\u00f5es com defasagem de cerca de um m\u00eas em rela\u00e7\u00e3o \u00e0 publica\u00e7\u00e3o do indicador analisado nos \u00faltimos tr\u00eas meses. J\u00e1 o ranking de m\u00e9dio prazo considera a precis\u00e3o m\u00e9dia das proje\u00e7\u00f5es para um trimestre nos tr\u00eas meses do trimestre anterior.<\/p>\n<p style=\"text-align: justify;\">Em 2022, o Sicredi teve 14 apari\u00e7\u00f5es nos rankings de curtos e m\u00e9dio prazo. A institui\u00e7\u00e3o constou sete vezes no ranking de proje\u00e7\u00f5es da Selic e uma vez na taxa de desocupa\u00e7\u00e3o por meio de sua \u00e1rea de an\u00e1lise econ\u00f4mica, enquanto a Asset do Sicredi apareceu cinco vezes no ranking de proje\u00e7\u00f5es da Taxa Selic e uma no referente ao IPCA.<\/p>\n<p class=\"v1MsoNormal\" style=\"text-align: justify;\"><i>O Sicredi \u00e9 uma institui\u00e7\u00e3o financeira cooperativa comprometida com o crescimento de seus associados e com o desenvolvimento das regi\u00f5es onde atua. Possui um modelo de gest\u00e3o que valoriza a participa\u00e7\u00e3o dos mais de 6 milh\u00f5es de associados, que exercem o papel de donos do neg\u00f3cio. Com mais de 2.400 ag\u00eancias, o Sicredi est\u00e1 presente fisicamente em todos os estados brasileiros e no Distrito Federal, disponibilizando mais de 300 produtos e servi\u00e7os financeiros.<\/i><\/p>\n<p class=\"v1MsoNormal\" style=\"text-align: justify;\"><b><i>Site do Sicredi:\u00a0<a href=\"http:\/\/www.sicredi.com.br\/\" target=\"_blank\" rel=\"noopener noreferrer\">www.sicredi.com.br<\/a><\/i><\/b><\/p>\n<p class=\"v1MsoNormal\" style=\"text-align: justify;\"><b><i>Redes Sociais:\u00a0<\/i><\/b><em><b><u><span lang=\"EN-US\"><a href=\"http:\/\/www.facebook.com\/sicredicentrooestepaulista\" target=\"_blank\" rel=\"noopener noreferrer\"><i><span lang=\"PT-BR\">Facebook<\/span><\/i><\/a><\/span><\/u><\/b><\/em><em>\u00a0|<\/em>\u00a0<em><b><u><span lang=\"EN-US\"><a href=\"https:\/\/www.linkedin.com\/company\/sicredi-centro-oeste-paulista\/\" target=\"_blank\" rel=\"noopener noreferrer\"><i><span lang=\"PT-BR\">LinkedIn<\/span><\/i><\/a><\/span><\/u><\/b><\/em><em>\u00a0|<\/em>\u00a0<em><b><u><span lang=\"EN-US\"><a href=\"http:\/\/www.youtube.com\/sicredicentrooestepaulista\" target=\"_blank\" rel=\"noopener noreferrer\"><i><span lang=\"PT-BR\">YouTube<\/span><\/i><\/a><\/span><\/u><\/b><\/em><span lang=\"EN-US\">\u00a0<\/span><em>|\u00a0<\/em><em><b><u><span lang=\"EN-US\"><a href=\"http:\/\/www.instagram.com\/sicredicentrooestepaulista\" target=\"_blank\" rel=\"noopener noreferrer\"><i><span lang=\"PT-BR\">Instagram<\/span><\/i><\/a><\/span><\/u><\/b><\/em><\/p>\n<p style=\"text-align: justify;\"><img loading=\"lazy\" decoding=\"async\" class=\"alignnone size-full wp-image-74849\" src=\"https:\/\/jorgezanoni.com.br\/2019\/wp-content\/uploads\/2023\/04\/Andre-Nunes-de-Nunes-Sicredi-credito-Marcos-Suguio-.jpg\" alt=\"\" width=\"1280\" height=\"853\" srcset=\"https:\/\/jorgezanoni.com.br\/2019\/wp-content\/uploads\/2023\/04\/Andre-Nunes-de-Nunes-Sicredi-credito-Marcos-Suguio-.jpg 1280w, https:\/\/jorgezanoni.com.br\/2019\/wp-content\/uploads\/2023\/04\/Andre-Nunes-de-Nunes-Sicredi-credito-Marcos-Suguio--300x200.jpg 300w, https:\/\/jorgezanoni.com.br\/2019\/wp-content\/uploads\/2023\/04\/Andre-Nunes-de-Nunes-Sicredi-credito-Marcos-Suguio--1024x682.jpg 1024w, https:\/\/jorgezanoni.com.br\/2019\/wp-content\/uploads\/2023\/04\/Andre-Nunes-de-Nunes-Sicredi-credito-Marcos-Suguio--768x512.jpg 768w, https:\/\/jorgezanoni.com.br\/2019\/wp-content\/uploads\/2023\/04\/Andre-Nunes-de-Nunes-Sicredi-credito-Marcos-Suguio--696x464.jpg 696w, https:\/\/jorgezanoni.com.br\/2019\/wp-content\/uploads\/2023\/04\/Andre-Nunes-de-Nunes-Sicredi-credito-Marcos-Suguio--1068x712.jpg 1068w, https:\/\/jorgezanoni.com.br\/2019\/wp-content\/uploads\/2023\/04\/Andre-Nunes-de-Nunes-Sicredi-credito-Marcos-Suguio--630x420.jpg 630w\" sizes=\"auto, (max-width: 1280px) 100vw, 1280px\" \/>Para o economista-chefe do Sicredi, Andr\u00e9 Nunes de Nunes, a presen\u00e7a constante nos rankings refor\u00e7a a capacidade e qualidade anal\u00edtica do Sicredi.<br \/>\n<i>Cr\u00e9ditos: Marcos Suguio<\/i><\/p>\n<p style=\"text-align: justify;\">CAPA: Em 2022, o Sicredi teve 14 apari\u00e7\u00f5es nos rankings de curto e m\u00e9dio prazo<br \/>\n<i>Cr\u00e9ditos: divulga\u00e7\u00e3o<\/i><\/p>\n<p style=\"text-align: justify;\">Fonte: Comunica\u00e7\u00e3o e Marketing<\/p>\n","protected":false},"excerpt":{"rendered":"<p>Institui\u00e7\u00e3o financeira cooperativa est\u00e1 presente na categoria PIB. O Sicredi est\u00e1 no ranking anual da Pesquisa Focus &#8220;Top 5&#8221; do Banco Central, desta vez na lista relacionada \u00e0s proje\u00e7\u00f5es do Produto Interno Bruto (PIB), divulgada no dia 31 de mar\u00e7o. Institui\u00e7\u00e3o financeira cooperativa com mais de 6,5 milh\u00f5es de associados e atua\u00e7\u00e3o em todas as [&hellip;]<\/p>\n","protected":false},"author":1,"featured_media":74850,"comment_status":"closed","ping_status":"open","sticky":false,"template":"","format":"standard","meta":{"footnotes":""},"categories":[110,116],"tags":[],"class_list":["post-74848","post","type-post","status-publish","format-standard","has-post-thumbnail","hentry","category-noticiasdestaque","category-politicaeeconomia"],"_links":{"self":[{"href":"https:\/\/jorgezanoni.com.br\/2019\/wp-json\/wp\/v2\/posts\/74848","targetHints":{"allow":["GET"]}}],"collection":[{"href":"https:\/\/jorgezanoni.com.br\/2019\/wp-json\/wp\/v2\/posts"}],"about":[{"href":"https:\/\/jorgezanoni.com.br\/2019\/wp-json\/wp\/v2\/types\/post"}],"author":[{"embeddable":true,"href":"https:\/\/jorgezanoni.com.br\/2019\/wp-json\/wp\/v2\/users\/1"}],"replies":[{"embeddable":true,"href":"https:\/\/jorgezanoni.com.br\/2019\/wp-json\/wp\/v2\/comments?post=74848"}],"version-history":[{"count":1,"href":"https:\/\/jorgezanoni.com.br\/2019\/wp-json\/wp\/v2\/posts\/74848\/revisions"}],"predecessor-version":[{"id":74851,"href":"https:\/\/jorgezanoni.com.br\/2019\/wp-json\/wp\/v2\/posts\/74848\/revisions\/74851"}],"wp:featuredmedia":[{"embeddable":true,"href":"https:\/\/jorgezanoni.com.br\/2019\/wp-json\/wp\/v2\/media\/74850"}],"wp:attachment":[{"href":"https:\/\/jorgezanoni.com.br\/2019\/wp-json\/wp\/v2\/media?parent=74848"}],"wp:term":[{"taxonomy":"category","embeddable":true,"href":"https:\/\/jorgezanoni.com.br\/2019\/wp-json\/wp\/v2\/categories?post=74848"},{"taxonomy":"post_tag","embeddable":true,"href":"https:\/\/jorgezanoni.com.br\/2019\/wp-json\/wp\/v2\/tags?post=74848"}],"curies":[{"name":"wp","href":"https:\/\/api.w.org\/{rel}","templated":true}]}}