{"id":74827,"date":"2023-04-09T23:00:05","date_gmt":"2023-04-09T23:00:05","guid":{"rendered":"https:\/\/jorgezanoni.com.br\/2019\/?p=74827"},"modified":"2023-04-09T23:00:05","modified_gmt":"2023-04-09T23:00:05","slug":"policia-militar-esclarece-furto-em-dracena-e-recupera-parte-dos-produtos-furtados-devolvendo-a-vitima","status":"publish","type":"post","link":"https:\/\/jorgezanoni.com.br\/2019\/policia-militar-esclarece-furto-em-dracena-e-recupera-parte-dos-produtos-furtados-devolvendo-a-vitima\/","title":{"rendered":"Pol\u00edcia Militar esclarece furto em Dracena e recupera parte dos produtos furtados, devolvendo a v\u00edtima"},"content":{"rendered":"<p style=\"text-align: justify;\">NA DATA DE ONTEM 8) POR VOLTA DAS 23H08MIN EQUIPES DE FOR\u00c7A T\u00c1TICA AP\u00d3S TOMAR CONHECIMENTO DE FURTO OCORRIDO DURANTE A MADRUGADA EM ESTABELECIMENTO COMERCIAL EM DRACENA PASSOU A REALIZAR DILIG\u00caNCIAS DE POSSE DE INFORMA\u00c7\u00d5ES DE POSS\u00cdVEIS AUTORES LOGRANDO EM LOCALIZAR O INDICIADO ( HOMEM 30 ANOS) DEFRONTE SUA RESID\u00caNCIA NO JARDIM BRASIL\u00c2NDIA EM DRACENA. AO SER ABORDADO VEIO A CONFESSAR O FURTO BEM COMO ENTREGAR PARTE DA R\u00c9S FURTIVA QUE AINDA ESTAVAM EM SUA POSSE.<br \/>\nDIANTE DOS FATOS O INDICIADO E OS OBJETOS FORAM APREENDIDOS E PELO PLANT\u00c3O DE POL\u00cdCIA JUDICI\u00c1RIA INDICIOU O AUTOR, QUE FOI OUVIDO E LIBERADO.<br \/>\nOS OBJETOS AP\u00d3S APREENS\u00c3O FORAM ENTREGUES A V\u00cdTIMA.<\/p>\n<p>Fonte: Com. Social Pol\u00edcia Militar<\/p>\n","protected":false},"excerpt":{"rendered":"<p>NA DATA DE ONTEM 8) POR VOLTA DAS 23H08MIN EQUIPES DE FOR\u00c7A T\u00c1TICA AP\u00d3S TOMAR CONHECIMENTO DE FURTO OCORRIDO DURANTE A MADRUGADA EM ESTABELECIMENTO COMERCIAL EM DRACENA PASSOU A REALIZAR DILIG\u00caNCIAS DE POSSE DE INFORMA\u00c7\u00d5ES DE POSS\u00cdVEIS AUTORES LOGRANDO EM LOCALIZAR O INDICIADO ( HOMEM 30 ANOS) DEFRONTE SUA RESID\u00caNCIA NO JARDIM BRASIL\u00c2NDIA EM DRACENA. [&hellip;]<\/p>\n","protected":false},"author":1,"featured_media":74828,"comment_status":"closed","ping_status":"open","sticky":false,"template":"","format":"standard","meta":{"footnotes":""},"categories":[110,2],"tags":[],"class_list":["post-74827","post","type-post","status-publish","format-standard","has-post-thumbnail","hentry","category-noticiasdestaque","category-policial"],"_links":{"self":[{"href":"https:\/\/jorgezanoni.com.br\/2019\/wp-json\/wp\/v2\/posts\/74827","targetHints":{"allow":["GET"]}}],"collection":[{"href":"https:\/\/jorgezanoni.com.br\/2019\/wp-json\/wp\/v2\/posts"}],"about":[{"href":"https:\/\/jorgezanoni.com.br\/2019\/wp-json\/wp\/v2\/types\/post"}],"author":[{"embeddable":true,"href":"https:\/\/jorgezanoni.com.br\/2019\/wp-json\/wp\/v2\/users\/1"}],"replies":[{"embeddable":true,"href":"https:\/\/jorgezanoni.com.br\/2019\/wp-json\/wp\/v2\/comments?post=74827"}],"version-history":[{"count":1,"href":"https:\/\/jorgezanoni.com.br\/2019\/wp-json\/wp\/v2\/posts\/74827\/revisions"}],"predecessor-version":[{"id":74829,"href":"https:\/\/jorgezanoni.com.br\/2019\/wp-json\/wp\/v2\/posts\/74827\/revisions\/74829"}],"wp:featuredmedia":[{"embeddable":true,"href":"https:\/\/jorgezanoni.com.br\/2019\/wp-json\/wp\/v2\/media\/74828"}],"wp:attachment":[{"href":"https:\/\/jorgezanoni.com.br\/2019\/wp-json\/wp\/v2\/media?parent=74827"}],"wp:term":[{"taxonomy":"category","embeddable":true,"href":"https:\/\/jorgezanoni.com.br\/2019\/wp-json\/wp\/v2\/categories?post=74827"},{"taxonomy":"post_tag","embeddable":true,"href":"https:\/\/jorgezanoni.com.br\/2019\/wp-json\/wp\/v2\/tags?post=74827"}],"curies":[{"name":"wp","href":"https:\/\/api.w.org\/{rel}","templated":true}]}}