{"id":74807,"date":"2023-04-09T13:53:40","date_gmt":"2023-04-09T13:53:40","guid":{"rendered":"https:\/\/jorgezanoni.com.br\/2019\/?p=74807"},"modified":"2023-04-09T15:35:17","modified_gmt":"2023-04-09T15:35:17","slug":"comunidade-catolica-comemora-hoje-a-pascoa-ou-domingo-da-ressurreicao","status":"publish","type":"post","link":"https:\/\/jorgezanoni.com.br\/2019\/comunidade-catolica-comemora-hoje-a-pascoa-ou-domingo-da-ressurreicao\/","title":{"rendered":"Comunidade Cat\u00f3lica comemora hoje a P\u00e1scoa ou Domingo da Ressurrei\u00e7\u00e3o"},"content":{"rendered":"<p style=\"text-align: justify;\">No\u00a0<a title=\"Cristianismo\" href=\"https:\/\/pt.wikipedia.org\/wiki\/Cristianismo\">cristianismo<\/a>, a\u00a0<b>P\u00e1scoa<\/b>\u00a0ou\u00a0<b>Domingo da Ressurrei\u00e7\u00e3o<\/b><sup id=\"cite_ref-GammanBindon2014_1-0\" class=\"reference\"><a href=\"https:\/\/pt.wikipedia.org\/wiki\/P%C3%A1scoa#cite_note-GammanBindon2014-1\">[1]<\/a><\/sup><sup id=\"cite_ref-BodaSmith2006_2-0\" class=\"reference\"><a href=\"https:\/\/pt.wikipedia.org\/wiki\/P%C3%A1scoa#cite_note-BodaSmith2006-2\">[2]<\/a><\/sup>\u00a0\u00e9 uma\u00a0<a class=\"mw-redirect\" title=\"Festividades religiosas\" href=\"https:\/\/pt.wikipedia.org\/wiki\/Festividades_religiosas\">festividade religiosa<\/a>\u00a0e um feriado que celebra a\u00a0<a title=\"Ressurrei\u00e7\u00e3o de Jesus\" href=\"https:\/\/pt.wikipedia.org\/wiki\/Ressurrei%C3%A7%C3%A3o_de_Jesus\">ressurrei\u00e7\u00e3o de Jesus<\/a>\u00a0ocorrida no terceiro dia ap\u00f3s\u00a0<a title=\"Paix\u00e3o (cristianismo)\" href=\"https:\/\/pt.wikipedia.org\/wiki\/Paix%C3%A3o_(cristianismo)\">sua crucifica\u00e7\u00e3o<\/a>\u00a0no\u00a0<a title=\"Calv\u00e1rio\" href=\"https:\/\/pt.wikipedia.org\/wiki\/Calv%C3%A1rio\">Calv\u00e1rio<\/a>, conforme o relato do\u00a0<a title=\"Novo Testamento\" href=\"https:\/\/pt.wikipedia.org\/wiki\/Novo_Testamento\">Novo Testamento<\/a>.<sup id=\"cite_ref-Trawicky2000_3-0\" class=\"reference\"><a href=\"https:\/\/pt.wikipedia.org\/wiki\/P%C3%A1scoa#cite_note-Trawicky2000-3\">[3]<\/a><\/sup><sup id=\"cite_ref-4\" class=\"reference\"><a href=\"https:\/\/pt.wikipedia.org\/wiki\/P%C3%A1scoa#cite_note-4\">[4]<\/a><\/sup>\u00a0\u00c9 a principal celebra\u00e7\u00e3o do\u00a0<a title=\"Ano lit\u00fargico\" href=\"https:\/\/pt.wikipedia.org\/wiki\/Ano_lit%C3%BArgico\">ano lit\u00fargico<\/a>\u00a0crist\u00e3o e tamb\u00e9m a mais antiga e importante festa crist\u00e3.<sup id=\"cite_ref-filo_5-0\" class=\"reference\"><a href=\"https:\/\/pt.wikipedia.org\/wiki\/P%C3%A1scoa#cite_note-filo-5\">[5]<\/a><\/sup><sup id=\"cite_ref-6\" class=\"reference\"><a href=\"https:\/\/pt.wikipedia.org\/wiki\/P%C3%A1scoa#cite_note-6\">[6]<\/a><\/sup><\/p>\n<p style=\"text-align: justify;\">A\u00a0<a class=\"mw-redirect\" title=\"Data da P\u00e1scoa\" href=\"https:\/\/pt.wikipedia.org\/wiki\/Data_da_P%C3%A1scoa\">data da P\u00e1scoa<\/a>\u00a0determina todas as demais datas das festas m\u00f3veis crist\u00e3s, exceto as relacionadas ao\u00a0<a title=\"Advento\" href=\"https:\/\/pt.wikipedia.org\/wiki\/Advento\">Advento<\/a>.<sup id=\"cite_ref-Trawicky2000_3-1\" class=\"reference\"><a href=\"https:\/\/pt.wikipedia.org\/wiki\/P%C3%A1scoa#cite_note-Trawicky2000-3\">[3]<\/a><\/sup>\u00a0O domingo de P\u00e1scoa marca o \u00e1pice da\u00a0<a class=\"mw-redirect\" title=\"Paix\u00e3o de Cristo\" href=\"https:\/\/pt.wikipedia.org\/wiki\/Paix%C3%A3o_de_Cristo\">Paix\u00e3o de Cristo<\/a>\u00a0e \u00e9 precedido pela\u00a0<a title=\"Quaresma\" href=\"https:\/\/pt.wikipedia.org\/wiki\/Quaresma\">Quaresma<\/a>, um per\u00edodo de quarenta dias de\u00a0<a title=\"Jejum\" href=\"https:\/\/pt.wikipedia.org\/wiki\/Jejum\">jejum<\/a>, ora\u00e7\u00f5es e\u00a0<a title=\"Penit\u00eancia\" href=\"https:\/\/pt.wikipedia.org\/wiki\/Penit%C3%AAncia\">penit\u00eancias<\/a>.<\/p>\n<p style=\"text-align: justify;\">O termo &#8220;P\u00e1scoa&#8221; deriva, atrav\u00e9s do\u00a0<a title=\"Latim\" href=\"https:\/\/pt.wikipedia.org\/wiki\/Latim\">latim<\/a>\u00a0<i>Pascha<\/i>\u00a0e do\u00a0<a class=\"mw-redirect\" title=\"Grego b\u00edblico\" href=\"https:\/\/pt.wikipedia.org\/wiki\/Grego_b%C3%ADblico\">grego b\u00edblico<\/a>\u00a0<span class=\"politonico\" lang=\"grc\">\u03a0\u03ac\u03c3\u03c7\u03b1<\/span>\u00a0<i>Paskha<\/i>, do\u00a0<a title=\"L\u00edngua hebraica\" href=\"https:\/\/pt.wikipedia.org\/wiki\/L%C3%ADngua_hebraica\">hebraico<\/a>\u00a0\u05e4\u05b6\u05bc\u05e1\u05b7\u05d7 (<i>Pesa\u1e25<\/i>\u00a0ou\u00a0<i>Pesach<\/i>), a\u00a0<a class=\"mw-redirect\" title=\"P\u00e1scoa judaica\" href=\"https:\/\/pt.wikipedia.org\/wiki\/P%C3%A1scoa_judaica\">P\u00e1scoa judaica<\/a>.<sup id=\"cite_ref-Etymology_7-0\" class=\"reference\"><a href=\"https:\/\/pt.wikipedia.org\/wiki\/P%C3%A1scoa#cite_note-Etymology-7\">[7]<\/a><\/sup><sup id=\"cite_ref-Nelson2008_8-0\" class=\"reference\"><a href=\"https:\/\/pt.wikipedia.org\/wiki\/P%C3%A1scoa#cite_note-Nelson2008-8\">[8]<\/a><\/sup><\/p>\n<p style=\"text-align: justify;\">A \u00faltima semana da\u00a0<a title=\"Quaresma\" href=\"https:\/\/pt.wikipedia.org\/wiki\/Quaresma\">Quaresma<\/a>\u00a0\u00e9 chamada de\u00a0<a title=\"Semana Santa\" href=\"https:\/\/pt.wikipedia.org\/wiki\/Semana_Santa\">Semana Santa<\/a>, que cont\u00e9m o chamado\u00a0<a title=\"Tr\u00edduo Pascal\" href=\"https:\/\/pt.wikipedia.org\/wiki\/Tr%C3%ADduo_Pascal\">Tr\u00edduo Pascal<\/a>, incluindo a\u00a0<a class=\"mw-redirect\" title=\"Quinta-Feira Santa\" href=\"https:\/\/pt.wikipedia.org\/wiki\/Quinta-Feira_Santa\">Quinta-Feira Santa<\/a>, que comemora a\u00a0<a title=\"\u00daltima Ceia\" href=\"https:\/\/pt.wikipedia.org\/wiki\/%C3%9Altima_Ceia\">\u00daltima Ceia<\/a>\u00a0e a cerim\u00f4nia do\u00a0<a class=\"mw-redirect\" title=\"Lava p\u00e9s\" href=\"https:\/\/pt.wikipedia.org\/wiki\/Lava_p%C3%A9s\">Lava p\u00e9s<\/a>\u00a0que a precedeu<sup id=\"cite_ref-9\" class=\"reference\"><a href=\"https:\/\/pt.wikipedia.org\/wiki\/P%C3%A1scoa#cite_note-9\">[9]<\/a><\/sup><sup id=\"cite_ref-10\" class=\"reference\"><a href=\"https:\/\/pt.wikipedia.org\/wiki\/P%C3%A1scoa#cite_note-10\">[10]<\/a><\/sup>\u00a0e tamb\u00e9m a\u00a0<a class=\"mw-redirect\" title=\"Sexta-Feira Santa\" href=\"https:\/\/pt.wikipedia.org\/wiki\/Sexta-Feira_Santa\">Sexta-Feira Santa<\/a>, que relembra a\u00a0<a title=\"Crucifica\u00e7\u00e3o de Jesus\" href=\"https:\/\/pt.wikipedia.org\/wiki\/Crucifica%C3%A7%C3%A3o_de_Jesus\">crucifica\u00e7\u00e3o e morte de Jesus<\/a>.<sup id=\"cite_ref-11\" class=\"reference\"><a href=\"https:\/\/pt.wikipedia.org\/wiki\/P%C3%A1scoa#cite_note-11\">[11]<\/a><\/sup>\u00a0A P\u00e1scoa \u00e9 seguida por um per\u00edodo de cinquenta dias chamado\u00a0<a title=\"Tempo Pascal\" href=\"https:\/\/pt.wikipedia.org\/wiki\/Tempo_Pascal\">Tempo Pascal<\/a>\u00a0que se estende at\u00e9 ao\u00a0<a class=\"mw-redirect\" title=\"Domingo de Pentecostes\" href=\"https:\/\/pt.wikipedia.org\/wiki\/Domingo_de_Pentecostes\">Domingo de Pentecostes<\/a>.<\/p>\n<p style=\"text-align: justify;\">A P\u00e1scoa \u00e9 uma\u00a0<a class=\"mw-redirect\" title=\"Festa m\u00f3vel\" href=\"https:\/\/pt.wikipedia.org\/wiki\/Festa_m%C3%B3vel\">festa m\u00f3vel<\/a>, o que significa que sua data n\u00e3o \u00e9 fixa em rela\u00e7\u00e3o ao\u00a0<a class=\"new\" title=\"Calend\u00e1rio civil (p\u00e1gina n\u00e3o existe)\" href=\"https:\/\/pt.wikipedia.org\/w\/index.php?title=Calend%C3%A1rio_civil&amp;action=edit&amp;redlink=1\">calend\u00e1rio civil<\/a>. O\u00a0<a title=\"Primeiro Conc\u00edlio de Niceia\" href=\"https:\/\/pt.wikipedia.org\/wiki\/Primeiro_Conc%C3%ADlio_de_Niceia\">Primeiro Conc\u00edlio de Niceia<\/a>\u00a0(325) estabeleceu a data da P\u00e1scoa como sendo o primeiro domingo depois da\u00a0<a title=\"Lua cheia\" href=\"https:\/\/pt.wikipedia.org\/wiki\/Lua_cheia\">lua cheia<\/a>\u00a0ap\u00f3s o in\u00edcio do\u00a0<a class=\"mw-redirect\" title=\"Equin\u00f3cio vernal\" href=\"https:\/\/pt.wikipedia.org\/wiki\/Equin%C3%B3cio_vernal\">equin\u00f3cio vernal<\/a>\u00a0(a chamada\u00a0<a class=\"new\" title=\"Lua cheia pascal (p\u00e1gina n\u00e3o existe)\" href=\"https:\/\/pt.wikipedia.org\/w\/index.php?title=Lua_cheia_pascal&amp;action=edit&amp;redlink=1\">lua cheia pascal<\/a>).<sup id=\"cite_ref-oikoumene.org_12-0\" class=\"reference\"><a href=\"https:\/\/pt.wikipedia.org\/wiki\/P%C3%A1scoa#cite_note-oikoumene.org-12\">[12]<\/a><\/sup>\u00a0Do ponto de vista eclesi\u00e1stico, o equin\u00f3cio vernal acontece em\u00a0<a title=\"21 de mar\u00e7o\" href=\"https:\/\/pt.wikipedia.org\/wiki\/21_de_mar%C3%A7o\">21 de mar\u00e7o<\/a>\u00a0(embora ocorra no dia 20 de mar\u00e7o na maioria dos anos do ponto de vista astron\u00f4mico) e a &#8220;lua cheia&#8221; n\u00e3o ocorre necessariamente na data correta astron\u00f4mica. Por isso, a data da P\u00e1scoa varia desde 22 de mar\u00e7o at\u00e9 25 de abril. Os\u00a0<a title=\"Cristianismo oriental\" href=\"https:\/\/pt.wikipedia.org\/wiki\/Cristianismo_oriental\">crist\u00e3os orientais<\/a>\u00a0baseiam seus c\u00e1lculos no\u00a0<a title=\"Calend\u00e1rio juliano\" href=\"https:\/\/pt.wikipedia.org\/wiki\/Calend%C3%A1rio_juliano\">calend\u00e1rio juliano<\/a>, cuja data de 21 de mar\u00e7o corresponde, no s\u00e9culo XXI, ao dia 3 de abril no\u00a0<a title=\"Calend\u00e1rio gregoriano\" href=\"https:\/\/pt.wikipedia.org\/wiki\/Calend%C3%A1rio_gregoriano\">calend\u00e1rio gregoriano<\/a>\u00a0utilizado no ocidente. Por conseguinte, a P\u00e1scoa no oriente varia entre 4 de abril e 8 de maio, inclusive.<\/p>\n<p style=\"text-align: justify;\">Ao contr\u00e1rio do\u00a0<a title=\"L\u00edngua inglesa\" href=\"https:\/\/pt.wikipedia.org\/wiki\/L%C3%ADngua_inglesa\">ingl\u00eas<\/a>, que tem duas palavras distintas para as duas festas (<i>Easter<\/i>\u00a0e\u00a0<i>Passover<\/i>\u00a0respectivamente), em\u00a0<a title=\"L\u00edngua portuguesa\" href=\"https:\/\/pt.wikipedia.org\/wiki\/L%C3%ADngua_portuguesa\">portugu\u00eas<\/a>\u00a0e em muitas outras l\u00ednguas as duas s\u00e3o chamadas pelo mesmo nome ou nomes muito similares.<sup id=\"cite_ref-13\" class=\"reference\"><a href=\"https:\/\/pt.wikipedia.org\/wiki\/P%C3%A1scoa#cite_note-13\">[13]<\/a><\/sup>\u00a0Os\u00a0<a class=\"new\" title=\"Costumes pascais (p\u00e1gina n\u00e3o existe)\" href=\"https:\/\/pt.wikipedia.org\/w\/index.php?title=Costumes_pascais&amp;action=edit&amp;redlink=1\">costumes pascais<\/a>\u00a0variam bastante entre os crist\u00e3os do mundo inteiro e incluem\u00a0<a class=\"new\" title=\"Missa matinal (p\u00e1gina n\u00e3o existe)\" href=\"https:\/\/pt.wikipedia.org\/w\/index.php?title=Missa_matinal&amp;action=edit&amp;redlink=1\">missas matinais<\/a>, a troca do\u00a0<a class=\"mw-redirect\" title=\"Cumprimento pascal\" href=\"https:\/\/pt.wikipedia.org\/wiki\/Cumprimento_pascal\">cumprimento pascal<\/a>\u00a0e de\u00a0<a title=\"Ovo de P\u00e1scoa\" href=\"https:\/\/pt.wikipedia.org\/wiki\/Ovo_de_P%C3%A1scoa\">ovos de P\u00e1scoa<\/a>, que eram, originalmente, um s\u00edmbolo do\u00a0<a title=\"T\u00famulo vazio\" href=\"https:\/\/pt.wikipedia.org\/wiki\/T%C3%BAmulo_vazio\">t\u00famulo vazio<\/a>.<sup id=\"cite_ref-14\" class=\"reference\"><a href=\"https:\/\/pt.wikipedia.org\/wiki\/P%C3%A1scoa#cite_note-14\">[14]<\/a><\/sup><sup id=\"cite_ref-15\" class=\"reference\"><a href=\"https:\/\/pt.wikipedia.org\/wiki\/P%C3%A1scoa#cite_note-15\">[15]<\/a><\/sup><sup id=\"cite_ref-16\" class=\"reference\"><a href=\"https:\/\/pt.wikipedia.org\/wiki\/P%C3%A1scoa#cite_note-16\">[16]<\/a><\/sup>\u00a0Muitos outros costumes passaram a ser associados \u00e0 P\u00e1scoa e s\u00e3o observados por crist\u00e3os e n\u00e3o crist\u00e3os, como os\u00a0<a title=\"Ovo de P\u00e1scoa\" href=\"https:\/\/pt.wikipedia.org\/wiki\/Ovo_de_P%C3%A1scoa\">ovos de P\u00e1scoa<\/a>\u00a0e o\u00a0<a title=\"Coelhinho da P\u00e1scoa\" href=\"https:\/\/pt.wikipedia.org\/wiki\/Coelhinho_da_P%C3%A1scoa\">coelho da P\u00e1scoa<\/a>.<sup id=\"cite_ref-17\" class=\"reference\"><a href=\"https:\/\/pt.wikipedia.org\/wiki\/P%C3%A1scoa#cite_note-17\">[17]<\/a><\/sup><sup id=\"cite_ref-18\" class=\"reference\"><a href=\"https:\/\/pt.wikipedia.org\/wiki\/P%C3%A1scoa#cite_note-18\">[18]<\/a><\/sup><sup id=\"cite_ref-19\" class=\"reference\"><a href=\"https:\/\/pt.wikipedia.org\/wiki\/P%C3%A1scoa#cite_note-19\">[19]<\/a><\/sup>\u00a0H\u00e1 tamb\u00e9m uma grande quantidade de pratos t\u00edpicos ligados \u00e0 Pascoa e que variam de regi\u00e3o para regi\u00e3o.<\/p>\n<p style=\"text-align: justify;\">A P\u00e1scoa crist\u00e3 est\u00e1 ligada \u00e0\u00a0<a class=\"mw-redirect\" title=\"P\u00e1scoa judaica\" href=\"https:\/\/pt.wikipedia.org\/wiki\/P%C3%A1scoa_judaica\">P\u00e1scoa judaica<\/a>\u00a0pela data (segundo a B\u00edblia, a\u00a0<a title=\"\u00daltima Ceia\" href=\"https:\/\/pt.wikipedia.org\/wiki\/%C3%9Altima_Ceia\">\u00daltima Ceia<\/a>\u00a0era originalmente um jantar de P\u00e1scoa judaica)<sup id=\"cite_ref-20\" class=\"reference\"><a href=\"https:\/\/pt.wikipedia.org\/wiki\/P%C3%A1scoa#cite_note-20\">[20]<\/a><\/sup><sup id=\"cite_ref-21\" class=\"reference\"><a href=\"https:\/\/pt.wikipedia.org\/wiki\/P%C3%A1scoa#cite_note-21\">[21]<\/a><\/sup>\u00a0e tamb\u00e9m por muitos dos seus simbolismos centrais.<\/p>\n<h2 style=\"text-align: justify;\"><span id=\"Etimologia\" class=\"mw-headline\">Etimologia<\/span><\/h2>\n<div class=\"thumb tright\" style=\"text-align: justify;\">\n<div class=\"thumbinner\">\n<p><a class=\"image\" href=\"https:\/\/pt.wikipedia.org\/wiki\/Ficheiro:Cloister_-_Chapel_of_Corpus_Christi_-_Last_Supper_-_Cathedral_of_Burgos.JPG\"><img loading=\"lazy\" decoding=\"async\" class=\"thumbimage\" src=\"https:\/\/upload.wikimedia.org\/wikipedia\/commons\/thumb\/9\/9e\/Cloister_-_Chapel_of_Corpus_Christi_-_Last_Supper_-_Cathedral_of_Burgos.JPG\/300px-Cloister_-_Chapel_of_Corpus_Christi_-_Last_Supper_-_Cathedral_of_Burgos.JPG\" srcset=\"\/\/upload.wikimedia.org\/wikipedia\/commons\/thumb\/9\/9e\/Cloister_-_Chapel_of_Corpus_Christi_-_Last_Supper_-_Cathedral_of_Burgos.JPG\/450px-Cloister_-_Chapel_of_Corpus_Christi_-_Last_Supper_-_Cathedral_of_Burgos.JPG 1.5x, \/\/upload.wikimedia.org\/wikipedia\/commons\/thumb\/9\/9e\/Cloister_-_Chapel_of_Corpus_Christi_-_Last_Supper_-_Cathedral_of_Burgos.JPG\/600px-Cloister_-_Chapel_of_Corpus_Christi_-_Last_Supper_-_Cathedral_of_Burgos.JPG 2x\" width=\"300\" height=\"195\" data-file-width=\"1860\" data-file-height=\"1208\" \/><\/a><\/p>\n<div class=\"thumbcaption\">\n<div class=\"magnify\"><\/div>\n<p><a class=\"mw-redirect\" title=\"A \u00daltima Ceia\" href=\"https:\/\/pt.wikipedia.org\/wiki\/A_%C3%9Altima_Ceia\">A \u00daltima Ceia<\/a>, por Teresa Pe\u00f1a.<\/p>\n<\/div>\n<\/div>\n<\/div>\n<p style=\"text-align: justify;\">A palavra &#8220;p\u00e1scoa&#8221; prov\u00e9m do\u00a0<i>latim pascha,ae<\/i>, um\u00a0<a class=\"mw-redirect\" title=\"Decalque (lingu\u00edstica)\" href=\"https:\/\/pt.wikipedia.org\/wiki\/Decalque_(lingu%C3%ADstica)\">decalque<\/a>\u00a0do\u00a0<a class=\"mw-redirect\" title=\"Grego antigo\" href=\"https:\/\/pt.wikipedia.org\/wiki\/Grego_antigo\">grego<\/a>\u00a0<span class=\"politonico\" lang=\"grc\">\u03a0\u03ac\u03c3\u03c7\u03b1<\/span>\u00a0(<a class=\"mw-redirect\" title=\"Transl.\" href=\"https:\/\/pt.wikipedia.org\/wiki\/Transl.\">transl.<\/a>\u00a0<a class=\"extiw\" title=\"wikt:Wikcion\u00e1rio:Translitera\u00e7\u00e3o\/Grego\" href=\"https:\/\/pt.wiktionary.org\/wiki\/Wikcion%C3%A1rio:Translitera%C3%A7%C3%A3o\/Grego\"><i>paskha<\/i><\/a>), e este (atrav\u00e9s do\u00a0<a class=\"mw-redirect\" title=\"L\u00edngua aramaica\" href=\"https:\/\/pt.wikipedia.org\/wiki\/L%C3%ADngua_aramaica\">aramaico<\/a>\u00a0<i>pascha<\/i>) tamb\u00e9m decalque do\u00a0<a class=\"mw-redirect\" title=\"Hebraico\" href=\"https:\/\/pt.wikipedia.org\/wiki\/Hebraico\">hebraico<\/a>\u00a0\u05e4\u05b6\u05bc\u05e1\u05b7\u05d7 (<i>Pesach<\/i>\u00a0ou\u00a0<i>Pesa\u1e25<\/i>), termo que designa a\u00a0<a class=\"mw-redirect\" title=\"P\u00e1scoa judaica\" href=\"https:\/\/pt.wikipedia.org\/wiki\/P%C3%A1scoa_judaica\">P\u00e1scoa judaica<\/a>.<sup id=\"cite_ref-HC_22-0\" class=\"reference\"><a href=\"https:\/\/pt.wikipedia.org\/wiki\/P%C3%A1scoa#cite_note-HC-22\">[22]<\/a><\/sup><sup id=\"cite_ref-23\" class=\"reference\"><a href=\"https:\/\/pt.wikipedia.org\/wiki\/P%C3%A1scoa#cite_note-23\">[23]<\/a><\/sup><\/p>\n<p style=\"text-align: justify;\">O termo em ingl\u00eas \u00e9\u00a0<i>Easter<\/i>,\u00a0<a title=\"Cognato\" href=\"https:\/\/pt.wikipedia.org\/wiki\/Cognato\">cognato<\/a>\u00a0com o\u00a0<a title=\"L\u00edngua alem\u00e3\" href=\"https:\/\/pt.wikipedia.org\/wiki\/L%C3%ADngua_alem%C3%A3\">alem\u00e3o<\/a>\u00a0moderno\u00a0<i>Ostern<\/i>, derivado do\u00a0<a title=\"Ingl\u00eas antigo\" href=\"https:\/\/pt.wikipedia.org\/wiki\/Ingl%C3%AAs_antigo\">ingl\u00eas antigo<\/a>\u00a0<i>\u0112astre<\/i>\u00a0ou\u00a0<i>\u0112ostre<\/i>. A teoria geralmente aceita defende que era originalmente o nome de uma\u00a0<a class=\"new\" title=\"Lista de deuses germ\u00e2nicos (p\u00e1gina n\u00e3o existe)\" href=\"https:\/\/pt.wikipedia.org\/w\/index.php?title=Lista_de_deuses_germ%C3%A2nicos&amp;action=edit&amp;redlink=1\">deusa anglo-sax\u00f4nica<\/a>,\u00a0<a class=\"mw-redirect\" title=\"\u0112ostre\" href=\"https:\/\/pt.wikipedia.org\/wiki\/%C4%92ostre\">\u0112ostre<\/a>, uma forma do termo\u00a0<a class=\"mw-redirect\" title=\"L\u00edngua indo-europeia\" href=\"https:\/\/pt.wikipedia.org\/wiki\/L%C3%ADngua_indo-europeia\">indo-europeu<\/a>\u00a0encontrado em muitos lugares para a\u00a0<a class=\"new\" title=\"Hausos (p\u00e1gina n\u00e3o existe)\" href=\"https:\/\/pt.wikipedia.org\/w\/index.php?title=Hausos&amp;action=edit&amp;redlink=1\">deusa do amanhecer<\/a>.<sup id=\"ref_a\" class=\"reference\"><a href=\"https:\/\/pt.wikipedia.org\/wiki\/P%C3%A1scoa#endnote_a\">[a]<\/a><\/sup><\/p>\n<h3 style=\"text-align: justify;\"><span id=\"As_ra.C3.ADzes_hebraicas\"><\/span><span id=\"As_ra\u00edzes_hebraicas\" class=\"mw-headline\">As ra\u00edzes hebraicas<\/span><\/h3>\n<div class=\"thumb tright\" style=\"text-align: justify;\">\n<div class=\"thumbinner\">\n<p><a class=\"image\" href=\"https:\/\/pt.wikipedia.org\/wiki\/Ficheiro:Foster_Bible_Pictures_0064-1_The_Water_Came_on_Pharaoh_and_His_Soldiers.jpg\"><img loading=\"lazy\" decoding=\"async\" class=\"thumbimage\" src=\"https:\/\/upload.wikimedia.org\/wikipedia\/commons\/thumb\/7\/78\/Foster_Bible_Pictures_0064-1_The_Water_Came_on_Pharaoh_and_His_Soldiers.jpg\/300px-Foster_Bible_Pictures_0064-1_The_Water_Came_on_Pharaoh_and_His_Soldiers.jpg\" srcset=\"\/\/upload.wikimedia.org\/wikipedia\/commons\/thumb\/7\/78\/Foster_Bible_Pictures_0064-1_The_Water_Came_on_Pharaoh_and_His_Soldiers.jpg\/450px-Foster_Bible_Pictures_0064-1_The_Water_Came_on_Pharaoh_and_His_Soldiers.jpg 1.5x, \/\/upload.wikimedia.org\/wikipedia\/commons\/thumb\/7\/78\/Foster_Bible_Pictures_0064-1_The_Water_Came_on_Pharaoh_and_His_Soldiers.jpg\/600px-Foster_Bible_Pictures_0064-1_The_Water_Came_on_Pharaoh_and_His_Soldiers.jpg 2x\" width=\"300\" height=\"248\" data-file-width=\"1052\" data-file-height=\"870\" \/><\/a><\/p>\n<div class=\"thumbcaption\">\n<div class=\"magnify\"><\/div>\n<p>A travessia do\u00a0<a title=\"Mar Vermelho\" href=\"https:\/\/pt.wikipedia.org\/wiki\/Mar_Vermelho\">Mar Vermelho<\/a>, em ilustra\u00e7\u00e3o do s\u00e9culo XIX.<\/p>\n<\/div>\n<\/div>\n<\/div>\n<p style=\"text-align: justify;\">A\u00a0<i>Pesach<\/i>\u00a0&#8211; a P\u00e1scoa judaica -, a celebra\u00e7\u00e3o da sa\u00edda dos hebreus do Egito, gra\u00e7as a\u00a0<a title=\"Mois\u00e9s\" href=\"https:\/\/pt.wikipedia.org\/wiki\/Mois%C3%A9s\">Mois\u00e9s<\/a>, constitui-se de dois ritos: a imola\u00e7\u00e3o do cordeiro e o\u00a0<a title=\"P\u00e3o \u00e1zimo\" href=\"https:\/\/pt.wikipedia.org\/wiki\/P%C3%A3o_%C3%A1zimo\">p\u00e3o \u00e1zimo<\/a>.<sup id=\"cite_ref-filo_5-1\" class=\"reference\"><a href=\"https:\/\/pt.wikipedia.org\/wiki\/P%C3%A1scoa#cite_note-filo-5\">[5]<\/a><\/sup><\/p>\n<p style=\"text-align: justify;\">A palavra\u00a0<a class=\"mw-redirect\" title=\"Hebraica\" href=\"https:\/\/pt.wikipedia.org\/wiki\/Hebraica\">hebraica<\/a>\u00a0<i>pesach<\/i>\u00a0significa &#8216;passar adiante&#8217;, &#8216;deixar de fora&#8217;, e deriva da narrativa da\u00a0<a title=\"Dez pragas do Egito\" href=\"https:\/\/pt.wikipedia.org\/wiki\/Dez_pragas_do_Egito\">d\u00e9cima praga<\/a>, segundo a qual Deus ordenou aos hebreus que assinalassem, com o sangue do cordeiro, as portas das casas de Israel, permitindo, ao\u00a0<a class=\"mw-redirect\" title=\"Anjo exterminador\" href=\"https:\/\/pt.wikipedia.org\/wiki\/Anjo_exterminador\">anjo exterminador<\/a>, que passasse adiante, atingindo somente as casas dos eg\u00edpcios e, de modo particular, os primog\u00eanitos dos eg\u00edpcios, inclusive o filho do\u00a0<a title=\"Fara\u00f3\" href=\"https:\/\/pt.wikipedia.org\/wiki\/Fara%C3%B3\">fara\u00f3<\/a>\u00a0(<a class=\"mw-redirect\" title=\"\u00caxodo\" href=\"https:\/\/pt.wikipedia.org\/wiki\/%C3%8Axodo\">\u00caxodo<\/a>, 12,21-34).<sup id=\"cite_ref-24\" class=\"reference\"><a href=\"https:\/\/pt.wikipedia.org\/wiki\/P%C3%A1scoa#cite_note-24\">[24]<\/a><\/sup>\u00a0A\u00a0<i>Pesach<\/i>\u00a0indica portanto a liberta\u00e7\u00e3o do povo de Israel do dom\u00ednio eg\u00edpcio e o in\u00edcio do seu percurso em dire\u00e7\u00e3o \u00e0\u00a0<a title=\"Terra prometida\" href=\"https:\/\/pt.wikipedia.org\/wiki\/Terra_prometida\">terra prometida<\/a>.<\/p>\n<p style=\"text-align: justify;\">Com o advento do cristianismo, a P\u00e1scoa adquiriu um novo significado, indicando a passagem da morte \u00e0 vida por Jesus e a passagem a uma vida nova para os crist\u00e3os, libertados do pecado, gra\u00e7as ao sacrif\u00edcio de Jesus.<sup id=\"cite_ref-filo_5-2\" class=\"reference\"><a href=\"https:\/\/pt.wikipedia.org\/wiki\/P%C3%A1scoa#cite_note-filo-5\">[5]<\/a><\/sup>\u00a0Por isso, a P\u00e1scoa crist\u00e3 \u00e9 dita P\u00e1scoa da ressurrei\u00e7\u00e3o, enquanto a P\u00e1scoa judaica \u00e9 a P\u00e1scoa da liberta\u00e7\u00e3o.<\/p>\n<p style=\"text-align: justify;\">J\u00e1 nos primeiros anos da d\u00e9cada de 50 do s\u00e9culo I,\u00a0<a title=\"Paulo de Tarso\" href=\"https:\/\/pt.wikipedia.org\/wiki\/Paulo_de_Tarso\">Paulo<\/a>, escrevendo de\u00a0<a title=\"\u00c9feso\" href=\"https:\/\/pt.wikipedia.org\/wiki\/%C3%89feso\">\u00c9feso<\/a>\u00a0aos crist\u00e3os de\u00a0<a title=\"Corinto\" href=\"https:\/\/pt.wikipedia.org\/wiki\/Corinto\">Corinto<\/a>,<sup id=\"cite_ref-25\" class=\"reference\"><a href=\"https:\/\/pt.wikipedia.org\/wiki\/P%C3%A1scoa#cite_note-25\">[25]<\/a><\/sup>\u00a0utilizou o termo para fazer refer\u00eancia a Cristo e \u00e9 improv\u00e1vel que os\u00a0<a class=\"mw-redirect\" title=\"Ef\u00e9sios\" href=\"https:\/\/pt.wikipedia.org\/wiki\/Ef%C3%A9sios\">ef\u00e9sios<\/a>\u00a0e\u00a0<a class=\"mw-redirect\" title=\"Cor\u00edntios\" href=\"https:\/\/pt.wikipedia.org\/wiki\/Cor%C3%ADntios\">cor\u00edntios<\/a>\u00a0tenham sido os primeiros a ouvir o \u00caxodo 12 interpretado como uma refer\u00eancia \u00e0\u00a0<a class=\"mw-redirect\" title=\"Morte de Jesus\" href=\"https:\/\/pt.wikipedia.org\/wiki\/Morte_de_Jesus\">morte de Jesus<\/a>\u00a0e n\u00e3o a um ritual de passagem judaico.<sup id=\"cite_ref-26\" class=\"reference\"><a href=\"https:\/\/pt.wikipedia.org\/wiki\/P%C3%A1scoa#cite_note-26\">[26]<\/a><\/sup>\u00a0Quase todos os pa\u00edses falantes de l\u00ednguas n\u00e3o inglesas utilizam nomes derivados de\u00a0<i>Pascha<\/i>\u00a0para a festa.<sup id=\"cite_ref-Etymology_7-1\" class=\"reference\"><a href=\"https:\/\/pt.wikipedia.org\/wiki\/P%C3%A1scoa#cite_note-Etymology-7\">[7]<\/a><\/sup><sup id=\"cite_ref-Passover_27-0\" class=\"reference\"><a href=\"https:\/\/pt.wikipedia.org\/wiki\/P%C3%A1scoa#cite_note-Passover-27\">[27]<\/a><\/sup><\/p>\n<h2 style=\"text-align: justify;\"><span id=\"Import.C3.A2ncia_teol.C3.B3gica\"><\/span><span id=\"Import\u00e2ncia_teol\u00f3gica\" class=\"mw-headline\">Import\u00e2ncia teol\u00f3gica<\/span><\/h2>\n<p style=\"text-align: justify;\">O\u00a0<a title=\"Novo Testamento\" href=\"https:\/\/pt.wikipedia.org\/wiki\/Novo_Testamento\">Evangelho<\/a>\u00a0ensina que a ressurrei\u00e7\u00e3o de Jesus, celebrada pela P\u00e1scoa, \u00e9 o fundamento da f\u00e9 crist\u00e3.<sup id=\"cite_ref-28\" class=\"reference\"><a href=\"https:\/\/pt.wikipedia.org\/wiki\/P%C3%A1scoa#cite_note-28\">[28]<\/a><\/sup>\u00a0A ressurrei\u00e7\u00e3o estabeleceu Jesus como sendo\u00a0<a title=\"Filho de Deus\" href=\"https:\/\/pt.wikipedia.org\/wiki\/Filho_de_Deus\">Filho de Deus<\/a><sup id=\"cite_ref-29\" class=\"reference\"><a href=\"https:\/\/pt.wikipedia.org\/wiki\/P%C3%A1scoa#cite_note-29\">[29]<\/a><\/sup>\u00a0e \u00e9 citada como prova de que Deus ir\u00e1 julgar o mundo com justi\u00e7a.<sup id=\"cite_ref-30\" class=\"reference\"><a href=\"https:\/\/pt.wikipedia.org\/wiki\/P%C3%A1scoa#cite_note-30\">[30]<\/a><\/sup><sup id=\"cite_ref-Jesus_EB_31-0\" class=\"reference\"><a href=\"https:\/\/pt.wikipedia.org\/wiki\/P%C3%A1scoa#cite_note-Jesus_EB-31\">[31]<\/a><\/sup>\u00a0Deus\u00a0<i>\u00abregenerou os crist\u00e3os para uma viva esperan\u00e7a pela ressurrei\u00e7\u00e3o de Jesus Cristo dentre os mortos\u00bb<\/i>\u00a0(<a class=\"extiw\" title=\"s:Tradu\u00e7\u00e3o Brasileira da B\u00edblia\/I Pedro\/I\" href=\"https:\/\/pt.wikisource.org\/wiki\/Tradu%C3%A7%C3%A3o_Brasileira_da_B%C3%ADblia\/I_Pedro\/I#1:3\">I Pedro 1:3<\/a>). Estes, pela f\u00e9 na obra de Deus, s\u00e3o espiritualmente ressuscitados com Jesus para que possam seguir para uma nova vida eterna.<sup id=\"cite_ref-Jesus_EB_31-1\" class=\"reference\"><a href=\"https:\/\/pt.wikipedia.org\/wiki\/P%C3%A1scoa#cite_note-Jesus_EB-31\">[31]<\/a><\/sup><sup id=\"cite_ref-32\" class=\"reference\"><a href=\"https:\/\/pt.wikipedia.org\/wiki\/P%C3%A1scoa#cite_note-32\">[32]<\/a><\/sup><\/p>\n<p style=\"text-align: justify;\">A P\u00e1scoa crist\u00e3 est\u00e1 ligada \u00e0\u00a0<a title=\"Pessach\" href=\"https:\/\/pt.wikipedia.org\/wiki\/Pessach\">P\u00e1scoa judaica<\/a>\u00a0e ao\u00a0<a class=\"mw-redirect\" title=\"\u00caxodo\" href=\"https:\/\/pt.wikipedia.org\/wiki\/%C3%8Axodo\">\u00caxodo<\/a>, relatado no\u00a0<a title=\"Antigo Testamento\" href=\"https:\/\/pt.wikipedia.org\/wiki\/Antigo_Testamento\">Antigo Testamento<\/a>, atrav\u00e9s da\u00a0<a title=\"\u00daltima Ceia\" href=\"https:\/\/pt.wikipedia.org\/wiki\/%C3%9Altima_Ceia\">\u00daltima Ceia<\/a>\u00a0e a crucifica\u00e7\u00e3o que precederam a ressurrei\u00e7\u00e3o.<sup id=\"cite_ref-Passover_27-1\" class=\"reference\"><a href=\"https:\/\/pt.wikipedia.org\/wiki\/P%C3%A1scoa#cite_note-Passover-27\">[27]<\/a><\/sup>\u00a0De acordo com o Novo Testamento, Jesus deu \u00e0 \u00faltima ceia, originalmente um jantar da P\u00e1scoa judaica, um novo significado, pois ele preparava a si e aos seus disc\u00edpulos para a morte durante a ceia no\u00a0<a title=\"Cen\u00e1culo\" href=\"https:\/\/pt.wikipedia.org\/wiki\/Cen%C3%A1culo\">cen\u00e1culo<\/a>.<sup id=\"cite_ref-Passover_27-2\" class=\"reference\"><a href=\"https:\/\/pt.wikipedia.org\/wiki\/P%C3%A1scoa#cite_note-Passover-27\">[27]<\/a><\/sup>\u00a0Ele identificou o p\u00e3o (<i><a title=\"P\u00e3o \u00e1zimo\" href=\"https:\/\/pt.wikipedia.org\/wiki\/P%C3%A3o_%C3%A1zimo\">matzah<\/a><\/i>\u00a0judaico) e o vinho como sendo\u00a0<a class=\"mw-redirect\" title=\"Corpo de Cristo\" href=\"https:\/\/pt.wikipedia.org\/wiki\/Corpo_de_Cristo\">seu corpo<\/a>, que logo seria sacrificado, e\u00a0<a class=\"mw-redirect\" title=\"Sangue de Cristo\" href=\"https:\/\/pt.wikipedia.org\/wiki\/Sangue_de_Cristo\">seu sangue<\/a>, que seria derramado (veja\u00a0<a class=\"mw-redirect\" title=\"Institui\u00e7\u00e3o da Eucaristia\" href=\"https:\/\/pt.wikipedia.org\/wiki\/Institui%C3%A7%C3%A3o_da_Eucaristia\">institui\u00e7\u00e3o da Eucaristia<\/a>). Diz\u00a0<a title=\"Paulo de Tarso\" href=\"https:\/\/pt.wikipedia.org\/wiki\/Paulo_de_Tarso\">Paulo<\/a>,\u00a0<i>&#8220;Purificai o velho fermento, para que sejais uma nova massa, assim como sois sem fermento. Pois, na verdade, Cristo, que \u00e9 nossa\u00a0<a class=\"new\" title=\"Cordeiro Pascal (p\u00e1gina n\u00e3o existe)\" href=\"https:\/\/pt.wikipedia.org\/w\/index.php?title=Cordeiro_Pascal&amp;action=edit&amp;redlink=1\">P\u00e1scoa<\/a>, foi imolado.&#8221;<\/i>,<sup id=\"cite_ref-33\" class=\"reference\"><a href=\"https:\/\/pt.wikipedia.org\/wiki\/P%C3%A1scoa#cite_note-33\">[33]<\/a><\/sup>\u00a0fazendo refer\u00eancias aos requisitos judaicos de que n\u00e3o haja fermento na casa e do sacrif\u00edcio do\u00a0<a class=\"new\" title=\"Cordeiro pascal (p\u00e1gina n\u00e3o existe)\" href=\"https:\/\/pt.wikipedia.org\/w\/index.php?title=Cordeiro_pascal&amp;action=edit&amp;redlink=1\">cordeiro pascal<\/a>\u00a0(<i>korban<\/i>),\u00a0<a title=\"Interpreta\u00e7\u00e3o aleg\u00f3rica da B\u00edblia\" href=\"https:\/\/pt.wikipedia.org\/wiki\/Interpreta%C3%A7%C3%A3o_aleg%C3%B3rica_da_B%C3%ADblia\">alegoricamente<\/a>\u00a0identificado como Jesus.<sup id=\"cite_ref-34\" class=\"reference\"><a href=\"https:\/\/pt.wikipedia.org\/wiki\/P%C3%A1scoa#cite_note-34\">[34]<\/a><\/sup><\/p>\n<p style=\"text-align: justify;\">Uma interpreta\u00e7\u00e3o do\u00a0<a class=\"mw-redirect\" title=\"Evangelho de Jo\u00e3o\" href=\"https:\/\/pt.wikipedia.org\/wiki\/Evangelho_de_Jo%C3%A3o\">Evangelho de Jo\u00e3o<\/a>\u00a0\u00e9 que Jesus, como cordeiro pascal, foi crucificado,\u00a0<a title=\"Grosso modo\" href=\"https:\/\/pt.wikipedia.org\/wiki\/Grosso_modo\">grosso modo<\/a>, no mesmo hor\u00e1rio em que os cordeiros estavam sendo sacrificados no\u00a0<a class=\"mw-redirect\" title=\"Segundo Templo de Jerusal\u00e9m\" href=\"https:\/\/pt.wikipedia.org\/wiki\/Segundo_Templo_de_Jerusal%C3%A9m\">Templo<\/a>, a tarde de\u00a0<a title=\"Quartodecimanismo\" href=\"https:\/\/pt.wikipedia.org\/wiki\/Quartodecimanismo\">14 Nisan<\/a>. As instru\u00e7\u00f5es na\u00a0<a title=\"B\u00edblia\" href=\"https:\/\/pt.wikipedia.org\/wiki\/B%C3%ADblia\">B\u00edblia<\/a>\u00a0especificam que ele deve ser imolado\u00a0<i>\u00aba tardinha\u00bb<\/i>\u00a0(<a class=\"extiw\" title=\"s:Tradu\u00e7\u00e3o Brasileira da B\u00edblia\/\u00caxodo\/XII\" href=\"https:\/\/pt.wikisource.org\/wiki\/Tradu%C3%A7%C3%A3o_Brasileira_da_B%C3%ADblia\/%C3%8Axodo\/XII#12:6\">\u00caxodo 12:6<\/a>), ou seja, no\u00a0<a title=\"Crep\u00fasculo\" href=\"https:\/\/pt.wikipedia.org\/wiki\/Crep%C3%BAsculo\">crep\u00fasculo<\/a>. No per\u00edodo romano, por\u00e9m, os sacrif\u00edcios eram realizados no meio da tarde.<sup id=\"cite_ref-35\" class=\"reference\"><a href=\"https:\/\/pt.wikipedia.org\/wiki\/P%C3%A1scoa#cite_note-35\">[35]<\/a><\/sup><\/p>\n<p style=\"text-align: justify;\">Esta interpreta\u00e7\u00e3o, por\u00e9m, \u00e9 inconsistente com a\u00a0<a title=\"Cronologia de Jesus\" href=\"https:\/\/pt.wikipedia.org\/wiki\/Cronologia_de_Jesus\">cronologia<\/a>\u00a0nos\u00a0<a class=\"mw-redirect\" title=\"Evangelhos sin\u00f3ticos\" href=\"https:\/\/pt.wikipedia.org\/wiki\/Evangelhos_sin%C3%B3ticos\">evangelhos sin\u00f3ticos<\/a>. Ela assume que o texto de\u00a0<a class=\"extiw\" title=\"s:Tradu\u00e7\u00e3o Brasileira da B\u00edblia\/Jo\u00e3o\/XIX\" href=\"https:\/\/pt.wikisource.org\/wiki\/Tradu%C3%A7%C3%A3o_Brasileira_da_B%C3%ADblia\/Jo%C3%A3o\/XIX#19:14\">Jo\u00e3o 19:14<\/a>\u00a0(<i>&#8220;Era a\u00a0<a class=\"extiw\" title=\"wikt:parasceve\" href=\"https:\/\/pt.wiktionary.org\/wiki\/parasceve\">parasceve<\/a>\u00a0e cerca da hora sexta&#8221;<\/i>), literalmente traduzido, \u00e9 obrigatoriamente uma refer\u00eancia ao 14 de Nisan (o dia de prepara\u00e7\u00e3o para a P\u00e1scoa judaica) e n\u00e3o ao\u00a0<i><a class=\"mw-redirect\" title=\"Yom Shishi\" href=\"https:\/\/pt.wikipedia.org\/wiki\/Yom_Shishi\">Yom Shishi<\/a><\/i>\u00a0(a sexta-feira seguinte, dia de prepara\u00e7\u00e3o para o\u00a0<a class=\"new\" title=\"Sab\u00e1 b\u00edblico (p\u00e1gina n\u00e3o existe)\" href=\"https:\/\/pt.wikipedia.org\/w\/index.php?title=Sab%C3%A1_b%C3%ADblico&amp;action=edit&amp;redlink=1\">sab\u00e1<\/a>\u00a0da semana do festival da P\u00e1scoa judaica),<sup id=\"cite_ref-36\" class=\"reference\"><a href=\"https:\/\/pt.wikipedia.org\/wiki\/P%C3%A1scoa#cite_note-36\">[36]<\/a><\/sup>\u00a0e que o desejo dos sacerdotes de estarem puros para\u00a0<i>\u00ab&#8230;poderem comer a p\u00e1scoa\u00bb<\/i>\u00a0(<a class=\"extiw\" title=\"s:Tradu\u00e7\u00e3o Brasileira da B\u00edblia\/Jo\u00e3o\/XVIII\" href=\"https:\/\/pt.wikisource.org\/wiki\/Tradu%C3%A7%C3%A3o_Brasileira_da_B%C3%ADblia\/Jo%C3%A3o\/XVIII#18:28\">Jo\u00e3o 18:28<\/a>) era uma refer\u00eancia obrigat\u00f3ria \u00e0 refei\u00e7\u00e3o do cordeiro de P\u00e1scoa e n\u00e3o \u00e0s demais feitas durante as oferendas p\u00fablicas do festival da P\u00e1scoa (chamado tamb\u00e9m de &#8220;Festival do P\u00e3o sem Fermento&#8221;), como comanda\u00a0<a class=\"extiw\" title=\"s:Tradu\u00e7\u00e3o Brasileira da B\u00edblia\/Lev\u00edtico\/XXIII\" href=\"https:\/\/pt.wikisource.org\/wiki\/Tradu%C3%A7%C3%A3o_Brasileira_da_B%C3%ADblia\/Lev%C3%ADtico\/XXIII#23:8\">Lev\u00edtico 23:8<\/a>.<\/p>\n<h2 style=\"text-align: justify;\"><span id=\"Cristianismo_primitivo\" class=\"mw-headline\">Cristianismo primitivo<\/span><\/h2>\n<div class=\"thumb tright\" style=\"text-align: justify;\">\n<div class=\"thumbinner\">\n<p><a class=\"image\" href=\"https:\/\/pt.wikipedia.org\/wiki\/Ficheiro:Last-supper-from-Kremikovtsi.jpg\"><img loading=\"lazy\" decoding=\"async\" class=\"thumbimage\" src=\"https:\/\/upload.wikimedia.org\/wikipedia\/commons\/thumb\/1\/10\/Last-supper-from-Kremikovtsi.jpg\/300px-Last-supper-from-Kremikovtsi.jpg\" srcset=\"\/\/upload.wikimedia.org\/wikipedia\/commons\/thumb\/1\/10\/Last-supper-from-Kremikovtsi.jpg\/450px-Last-supper-from-Kremikovtsi.jpg 1.5x, \/\/upload.wikimedia.org\/wikipedia\/commons\/thumb\/1\/10\/Last-supper-from-Kremikovtsi.jpg\/600px-Last-supper-from-Kremikovtsi.jpg 2x\" width=\"300\" height=\"223\" data-file-width=\"1000\" data-file-height=\"744\" \/><\/a><\/p>\n<div class=\"thumbcaption\">\n<div class=\"magnify\"><\/div>\n<p>A\u00a0<a title=\"\u00daltima Ceia\" href=\"https:\/\/pt.wikipedia.org\/wiki\/%C3%9Altima_Ceia\">\u00daltima Ceia<\/a>, celebrada por\u00a0<a title=\"Jesus\" href=\"https:\/\/pt.wikipedia.org\/wiki\/Jesus\">Jesus<\/a>\u00a0e seus disc\u00edpulos, era uma &#8220;<a title=\"S\u00eader de Pessach\" href=\"https:\/\/pt.wikipedia.org\/wiki\/S%C3%AAder_de_Pessach\">s\u00eader de Pessach<\/a>&#8221; (&#8220;ceia de P\u00e1scoa&#8221;). Os primeiros crist\u00e3os tamb\u00e9m celebravam esta refei\u00e7\u00e3o para comemorar a morte e ressurrei\u00e7\u00e3o de Jesus.<\/p>\n<\/div>\n<\/div>\n<\/div>\n<div class=\"thumb tright\" style=\"text-align: justify;\">\n<div class=\"thumbinner\">\n<p><a class=\"image\" href=\"https:\/\/pt.wikipedia.org\/wiki\/Ficheiro:Josefa_cordeiro-pascal.jpg\"><img loading=\"lazy\" decoding=\"async\" class=\"thumbimage\" src=\"https:\/\/upload.wikimedia.org\/wikipedia\/commons\/thumb\/f\/f3\/Josefa_cordeiro-pascal.jpg\/300px-Josefa_cordeiro-pascal.jpg\" srcset=\"\/\/upload.wikimedia.org\/wikipedia\/commons\/thumb\/f\/f3\/Josefa_cordeiro-pascal.jpg\/450px-Josefa_cordeiro-pascal.jpg 1.5x, \/\/upload.wikimedia.org\/wikipedia\/commons\/thumb\/f\/f3\/Josefa_cordeiro-pascal.jpg\/600px-Josefa_cordeiro-pascal.jpg 2x\" width=\"300\" height=\"223\" data-file-width=\"672\" data-file-height=\"500\" \/><\/a><\/p>\n<div class=\"thumbcaption\">\n<div class=\"magnify\"><\/div>\n<p><a title=\"Cordeiro Pascal (Josefa de \u00d3bidos)\" href=\"https:\/\/pt.wikipedia.org\/wiki\/Cordeiro_Pascal_(Josefa_de_%C3%93bidos)\">Cordeiro Pascal<\/a>, uma das refei\u00e7\u00f5es tradicionais judaicas durante a\u00a0<a class=\"mw-redirect\" title=\"P\u00e1scoa judaica\" href=\"https:\/\/pt.wikipedia.org\/wiki\/P%C3%A1scoa_judaica\">P\u00e1scoa<\/a>. Ao reinterpretar o significado desta celebra\u00e7\u00e3o, os crist\u00e3os identificaram Jesus como sendo o cordeiro imolado, criando o s\u00edmbolo do\u00a0<a title=\"Cordeiro de Deus\" href=\"https:\/\/pt.wikipedia.org\/wiki\/Cordeiro_de_Deus\">Cordeiro de Deus<\/a>.<br \/>\n<small>1660-1670. Pela artista portuguesa\u00a0<a title=\"Josefa de \u00d3bidos\" href=\"https:\/\/pt.wikipedia.org\/wiki\/Josefa_de_%C3%93bidos\">Josefa de \u00d3bidos<\/a>, atualmente no\u00a0<a class=\"mw-redirect\" title=\"Museu de \u00c9vora\" href=\"https:\/\/pt.wikipedia.org\/wiki\/Museu_de_%C3%89vora\">Museu de \u00c9vora<\/a>, em\u00a0<a title=\"Portugal\" href=\"https:\/\/pt.wikipedia.org\/wiki\/Portugal\">Portugal<\/a>.<\/small><\/p>\n<\/div>\n<\/div>\n<\/div>\n<p style=\"text-align: justify;\">Os\u00a0<a title=\"Cristianismo primitivo\" href=\"https:\/\/pt.wikipedia.org\/wiki\/Cristianismo_primitivo\">primeiros crist\u00e3os<\/a>,\u00a0<a title=\"Cristianismo judaico\" href=\"https:\/\/pt.wikipedia.org\/wiki\/Cristianismo_judaico\">judeus crist\u00e3os<\/a>\u00a0e\u00a0<a class=\"mw-redirect\" title=\"Gentios\" href=\"https:\/\/pt.wikipedia.org\/wiki\/Gentios\">gentios<\/a>\u00a0certamente conheciam o\u00a0<a class=\"mw-redirect\" title=\"Calend\u00e1rio hebraico\" href=\"https:\/\/pt.wikipedia.org\/wiki\/Calend%C3%A1rio_hebraico\">calend\u00e1rio hebraico<\/a><sup id=\"cite_ref-37\" class=\"reference\"><a href=\"https:\/\/pt.wikipedia.org\/wiki\/P%C3%A1scoa#cite_note-37\">[37]<\/a><\/sup>\u00a0e n\u00e3o existem evid\u00eancias diretas de que eles celebrassem nenhum tipo espec\u00edfico de festival anual crist\u00e3o.<sup id=\"cite_ref-Melito_38-0\" class=\"reference\"><a href=\"https:\/\/pt.wikipedia.org\/wiki\/P%C3%A1scoa#cite_note-Melito-38\">[38]<\/a><\/sup>\u00a0A P\u00e1scoa era provavelmente um aspecto da P\u00e1scoa judaica na qual os judeo-crist\u00e3os, os primeiros a comemorarem-na, celebravam a ressurrei\u00e7\u00e3o de Jesus.<sup id=\"cite_ref-HC_22-1\" class=\"reference\"><a href=\"https:\/\/pt.wikipedia.org\/wiki\/P%C3%A1scoa#cite_note-HC-22\">[22]<\/a><\/sup><\/p>\n<p style=\"text-align: justify;\">Evid\u00eancias diretas come\u00e7aram a aparecer na metade do s\u00e9culo II. Talvez a mais antiga fonte prim\u00e1ria sobrevivente a fazer refer\u00eancia \u00e0 P\u00e1scoa seja uma\u00a0<a title=\"Homilia\" href=\"https:\/\/pt.wikipedia.org\/wiki\/Homilia\">homilia<\/a>\u00a0pascal do meio do s\u00e9culo II atribu\u00edda a\u00a0<a class=\"mw-redirect\" title=\"Melito de Sardis\" href=\"https:\/\/pt.wikipedia.org\/wiki\/Melito_de_Sardis\">Melito de Sardis<\/a>, que apresenta o evento como uma festa j\u00e1 consolidada (e n\u00e3o uma &#8220;novidade&#8221;).<sup id=\"cite_ref-Melito_38-1\" class=\"reference\"><a href=\"https:\/\/pt.wikipedia.org\/wiki\/P%C3%A1scoa#cite_note-Melito-38\">[38]<\/a><\/sup>\u00a0Evid\u00eancias de um outro tipo de festival anual crist\u00e3o, a comemora\u00e7\u00e3o dos\u00a0<a title=\"M\u00e1rtires\" href=\"https:\/\/pt.wikipedia.org\/wiki\/M%C3%A1rtires\">m\u00e1rtires<\/a>, come\u00e7am a aparecer mais ou menos na mesma \u00e9poca.<sup id=\"cite_ref-39\" class=\"reference\"><a href=\"https:\/\/pt.wikipedia.org\/wiki\/P%C3%A1scoa#cite_note-39\">[39]<\/a><\/sup><\/p>\n<p style=\"text-align: justify;\">Enquanto os dias reservados aos m\u00e1rtires (em geral as datas de seus respectivos mart\u00edrios) eram celebrados em datas fixas utilizando o\u00a0<a title=\"Calend\u00e1rio solar\" href=\"https:\/\/pt.wikipedia.org\/wiki\/Calend%C3%A1rio_solar\">calend\u00e1rio solar<\/a>\u00a0local, a data da P\u00e1scoa era determinada atrav\u00e9s do\u00a0<a title=\"Calend\u00e1rio lunissolar\" href=\"https:\/\/pt.wikipedia.org\/wiki\/Calend%C3%A1rio_lunissolar\">calend\u00e1rio lunissolar<\/a>\u00a0judaico, o que \u00e9 consistente com o fato de a festa da P\u00e1scoa ter sido incorporada ao cristianismo durante seus primeiros anos, o chamado\u00a0<a title=\"Cristianismo judaico\" href=\"https:\/\/pt.wikipedia.org\/wiki\/Cristianismo_judaico\">per\u00edodo judaico<\/a>, mas mesmo assim a quest\u00e3o n\u00e3o est\u00e1 livre de controv\u00e9rsias.<sup id=\"cite_ref-40\" class=\"reference\"><a href=\"https:\/\/pt.wikipedia.org\/wiki\/P%C3%A1scoa#cite_note-40\">[40]<\/a><\/sup><\/p>\n<p style=\"text-align: justify;\">O\u00a0<a class=\"mw-redirect\" title=\"Hist\u00f3ria Eclesi\u00e1stica\" href=\"https:\/\/pt.wikipedia.org\/wiki\/Hist%C3%B3ria_Eclesi%C3%A1stica\">historiador eclesi\u00e1stico<\/a>\u00a0<a class=\"mw-redirect\" title=\"S\u00f3crates Escol\u00e1stico\" href=\"https:\/\/pt.wikipedia.org\/wiki\/S%C3%B3crates_Escol%C3%A1stico\">S\u00f3crates Escol\u00e1stico<\/a>\u00a0atribui a observ\u00e2ncia da P\u00e1scoa pela igreja \u00e0 perpetua\u00e7\u00e3o de seu costume,\u00a0<i>&#8220;da mesma forma que outros costumes foram criados&#8221;<\/i>, afirmando que nem Jesus e nem seus\u00a0<a class=\"mw-redirect\" title=\"Ap\u00f3stolos\" href=\"https:\/\/pt.wikipedia.org\/wiki\/Ap%C3%B3stolos\">ap\u00f3stolos<\/a>\u00a0desejavam manter este ou qualquer outro festival. Embora ele descreva em detalhes a celebra\u00e7\u00e3o da P\u00e1scoa como sendo derivada de costumes locais, ele insiste, por outro lado, que a festa era de fato universalmente observada.<sup id=\"cite_ref-41\" class=\"reference\"><a href=\"https:\/\/pt.wikipedia.org\/wiki\/P%C3%A1scoa#cite_note-41\">[41]<\/a><\/sup><\/p>\n<p style=\"text-align: justify;\">Fonte: https:\/\/pt.wikipedia.org\/wiki\/P%C3%A1scoa<\/p>\n","protected":false},"excerpt":{"rendered":"<p>No\u00a0cristianismo, a\u00a0P\u00e1scoa\u00a0ou\u00a0Domingo da Ressurrei\u00e7\u00e3o[1][2]\u00a0\u00e9 uma\u00a0festividade religiosa\u00a0e um feriado que celebra a\u00a0ressurrei\u00e7\u00e3o de Jesus\u00a0ocorrida no terceiro dia ap\u00f3s\u00a0sua crucifica\u00e7\u00e3o\u00a0no\u00a0Calv\u00e1rio, conforme o relato do\u00a0Novo Testamento.[3][4]\u00a0\u00c9 a principal celebra\u00e7\u00e3o do\u00a0ano lit\u00fargico\u00a0crist\u00e3o e tamb\u00e9m a mais antiga e importante festa crist\u00e3.[5][6] A\u00a0data da P\u00e1scoa\u00a0determina todas as demais datas das festas m\u00f3veis crist\u00e3s, exceto as relacionadas ao\u00a0Advento.[3]\u00a0O domingo de P\u00e1scoa [&hellip;]<\/p>\n","protected":false},"author":1,"featured_media":74808,"comment_status":"closed","ping_status":"open","sticky":false,"template":"","format":"standard","meta":{"footnotes":""},"categories":[110,118],"tags":[],"class_list":["post-74807","post","type-post","status-publish","format-standard","has-post-thumbnail","hentry","category-noticiasdestaque","category-religiaoesolidariedade"],"_links":{"self":[{"href":"https:\/\/jorgezanoni.com.br\/2019\/wp-json\/wp\/v2\/posts\/74807","targetHints":{"allow":["GET"]}}],"collection":[{"href":"https:\/\/jorgezanoni.com.br\/2019\/wp-json\/wp\/v2\/posts"}],"about":[{"href":"https:\/\/jorgezanoni.com.br\/2019\/wp-json\/wp\/v2\/types\/post"}],"author":[{"embeddable":true,"href":"https:\/\/jorgezanoni.com.br\/2019\/wp-json\/wp\/v2\/users\/1"}],"replies":[{"embeddable":true,"href":"https:\/\/jorgezanoni.com.br\/2019\/wp-json\/wp\/v2\/comments?post=74807"}],"version-history":[{"count":1,"href":"https:\/\/jorgezanoni.com.br\/2019\/wp-json\/wp\/v2\/posts\/74807\/revisions"}],"predecessor-version":[{"id":74809,"href":"https:\/\/jorgezanoni.com.br\/2019\/wp-json\/wp\/v2\/posts\/74807\/revisions\/74809"}],"wp:featuredmedia":[{"embeddable":true,"href":"https:\/\/jorgezanoni.com.br\/2019\/wp-json\/wp\/v2\/media\/74808"}],"wp:attachment":[{"href":"https:\/\/jorgezanoni.com.br\/2019\/wp-json\/wp\/v2\/media?parent=74807"}],"wp:term":[{"taxonomy":"category","embeddable":true,"href":"https:\/\/jorgezanoni.com.br\/2019\/wp-json\/wp\/v2\/categories?post=74807"},{"taxonomy":"post_tag","embeddable":true,"href":"https:\/\/jorgezanoni.com.br\/2019\/wp-json\/wp\/v2\/tags?post=74807"}],"curies":[{"name":"wp","href":"https:\/\/api.w.org\/{rel}","templated":true}]}}