{"id":74785,"date":"2023-04-08T19:16:25","date_gmt":"2023-04-08T19:16:25","guid":{"rendered":"https:\/\/jorgezanoni.com.br\/2019\/?p=74785"},"modified":"2023-04-08T19:16:25","modified_gmt":"2023-04-08T19:16:25","slug":"em-acao-conjunta-policia-civil-prende-homem-foragido-da-justica-ha-5-anos-por-crime-e-trafico-de-drogas-ocorrido-em-dracena","status":"publish","type":"post","link":"https:\/\/jorgezanoni.com.br\/2019\/em-acao-conjunta-policia-civil-prende-homem-foragido-da-justica-ha-5-anos-por-crime-e-trafico-de-drogas-ocorrido-em-dracena\/","title":{"rendered":"Em a\u00e7\u00e3o conjunta Pol\u00edcia Civil prende homem foragido da Justi\u00e7a h\u00e1 5 anos por crime e Tr\u00e1fico de Drogas ocorrido em Dracena"},"content":{"rendered":"<p style=\"text-align: justify;\"><strong>O foragido foi preso em uma resid\u00eancia do bairro Morada dos Nobres, na cidade de Ara\u00e7atuba (SP).<\/strong><\/p>\n<p style=\"text-align: justify;\">A Pol\u00edcia Civil, por interm\u00e9dio das Unidades Especializadas &#8211; DIG\/DISE, com apoio operacional de agentes da equipe da DIG\/DEIC de Ara\u00e7atuba, prendeu nesta quinta-feira (6), um homem, de 47 anos, dando cumprimento a um mandado de pris\u00e3o preventiva em desfavor do foragido. Ele foi encontrado em uma resid\u00eancia localizada no bairro Morada dos Nobres, na cidade de Ara\u00e7atuba (SP).<br \/>\nA pris\u00e3o foi decretada pelo Ju\u00edzo da 2\u00aa Vara Criminal, da Comarca de Dracena, sendo expedida, em abril de 2018, e desde ent\u00e3o, o homem era considerado foragido da Justi\u00e7a.<br \/>\nA ordem de pris\u00e3o \u00e9 decorrente, do ano de 2017 e foi capturado no dia hoje (6), em companhia de um outro comparsa que na \u00e9poca agentes da Unidades Especializadas &#8211; DIG\/DISE de Dracena prendera em flagrante, por estarem transportando para fins de tr\u00e1fico cerca de mais de 9 quilos de coca\u00edna, distribu\u00eddos em cinco inv\u00f3lucros pl\u00e1sticos, al\u00e9m da apreens\u00e3o de ve\u00edculos dois autom\u00f3veis que estava sendo utilizado para cometimento do crime.<br \/>\nCom o homem capturado tamb\u00e9m foi apreendido um aparelho celular. O foragido foi conduzido a sede DIG\/DEIC de Ara\u00e7atuba, onde foi formalizado o registro da captura.<\/p>\n<p><img loading=\"lazy\" decoding=\"async\" class=\"alignnone size-full wp-image-74787\" src=\"https:\/\/jorgezanoni.com.br\/2019\/wp-content\/uploads\/2023\/04\/dra1.jpg\" alt=\"\" width=\"638\" height=\"359\" srcset=\"https:\/\/jorgezanoni.com.br\/2019\/wp-content\/uploads\/2023\/04\/dra1.jpg 638w, https:\/\/jorgezanoni.com.br\/2019\/wp-content\/uploads\/2023\/04\/dra1-300x169.jpg 300w\" sizes=\"auto, (max-width: 638px) 100vw, 638px\" \/><\/p>\n<p style=\"text-align: justify;\">Fonte: Com. Social Pol\u00edcia Civil<\/p>\n","protected":false},"excerpt":{"rendered":"<p>O foragido foi preso em uma resid\u00eancia do bairro Morada dos Nobres, na cidade de Ara\u00e7atuba (SP). A Pol\u00edcia Civil, por interm\u00e9dio das Unidades Especializadas &#8211; DIG\/DISE, com apoio operacional de agentes da equipe da DIG\/DEIC de Ara\u00e7atuba, prendeu nesta quinta-feira (6), um homem, de 47 anos, dando cumprimento a um mandado de pris\u00e3o preventiva [&hellip;]<\/p>\n","protected":false},"author":1,"featured_media":74786,"comment_status":"closed","ping_status":"open","sticky":false,"template":"","format":"standard","meta":{"footnotes":""},"categories":[110,2],"tags":[],"class_list":["post-74785","post","type-post","status-publish","format-standard","has-post-thumbnail","hentry","category-noticiasdestaque","category-policial"],"_links":{"self":[{"href":"https:\/\/jorgezanoni.com.br\/2019\/wp-json\/wp\/v2\/posts\/74785","targetHints":{"allow":["GET"]}}],"collection":[{"href":"https:\/\/jorgezanoni.com.br\/2019\/wp-json\/wp\/v2\/posts"}],"about":[{"href":"https:\/\/jorgezanoni.com.br\/2019\/wp-json\/wp\/v2\/types\/post"}],"author":[{"embeddable":true,"href":"https:\/\/jorgezanoni.com.br\/2019\/wp-json\/wp\/v2\/users\/1"}],"replies":[{"embeddable":true,"href":"https:\/\/jorgezanoni.com.br\/2019\/wp-json\/wp\/v2\/comments?post=74785"}],"version-history":[{"count":1,"href":"https:\/\/jorgezanoni.com.br\/2019\/wp-json\/wp\/v2\/posts\/74785\/revisions"}],"predecessor-version":[{"id":74788,"href":"https:\/\/jorgezanoni.com.br\/2019\/wp-json\/wp\/v2\/posts\/74785\/revisions\/74788"}],"wp:featuredmedia":[{"embeddable":true,"href":"https:\/\/jorgezanoni.com.br\/2019\/wp-json\/wp\/v2\/media\/74786"}],"wp:attachment":[{"href":"https:\/\/jorgezanoni.com.br\/2019\/wp-json\/wp\/v2\/media?parent=74785"}],"wp:term":[{"taxonomy":"category","embeddable":true,"href":"https:\/\/jorgezanoni.com.br\/2019\/wp-json\/wp\/v2\/categories?post=74785"},{"taxonomy":"post_tag","embeddable":true,"href":"https:\/\/jorgezanoni.com.br\/2019\/wp-json\/wp\/v2\/tags?post=74785"}],"curies":[{"name":"wp","href":"https:\/\/api.w.org\/{rel}","templated":true}]}}