{"id":74781,"date":"2023-04-08T18:38:12","date_gmt":"2023-04-08T18:38:12","guid":{"rendered":"https:\/\/jorgezanoni.com.br\/2019\/?p=74781"},"modified":"2023-04-08T18:40:38","modified_gmt":"2023-04-08T18:40:38","slug":"policia-militar-localiza-em-dracena-carro-furtado-em-assis","status":"publish","type":"post","link":"https:\/\/jorgezanoni.com.br\/2019\/policia-militar-localiza-em-dracena-carro-furtado-em-assis\/","title":{"rendered":"Pol\u00edcia Militar localiza em Dracena, carro furtado em Assis"},"content":{"rendered":"<p style=\"text-align: justify;\">Na data de ontem (7) por volta das 09h20min as equipes da Pol\u00edcia Militar em deslocamento pela Rodovia SP-294, no momento em que o Copom irradiou alerta narrando que um ve\u00edculo, produto de furto pela cidade de Assis\/SP, acabara de passar pela cidade de Dracena\/SP. De imediato, iniciou patrulhamento com vistas, logrando em abordar o ve\u00edculo as margens da rodovia, pr\u00f3ximo do km 646, com dois indiv\u00edduos. Em entrevista, relataram que o ve\u00edculo foi adquirido pela cidade de Monte Castelo, passando caracter\u00edsticas do local e pessoa que vendeu, e que desconheciam que era produto de il\u00edcito penal. Em contato com a equipe de servi\u00e7o de Monte Castelo, foi constatado que o local relatado em Monte Castelo contudo, o indiv\u00edduo informado n\u00e3o se fazia presente. Ve\u00edculo, dados e envolvidos apresentados no Plant\u00e3o de Pol\u00edcia Judici\u00e1ria onde foi elaborado BO\/PC de auto localizado\/recepta\u00e7\u00e3o, sendo as partes ouvidas e liberadas.<\/p>\n<p style=\"text-align: justify;\">Fonte: Com. Social Pol\u00edcia Militar<\/p>\n","protected":false},"excerpt":{"rendered":"<p>Na data de ontem (7) por volta das 09h20min as equipes da Pol\u00edcia Militar em deslocamento pela Rodovia SP-294, no momento em que o Copom irradiou alerta narrando que um ve\u00edculo, produto de furto pela cidade de Assis\/SP, acabara de passar pela cidade de Dracena\/SP. De imediato, iniciou patrulhamento com vistas, logrando em abordar o [&hellip;]<\/p>\n","protected":false},"author":1,"featured_media":74784,"comment_status":"closed","ping_status":"open","sticky":false,"template":"","format":"standard","meta":{"footnotes":""},"categories":[110,2],"tags":[],"class_list":["post-74781","post","type-post","status-publish","format-standard","has-post-thumbnail","hentry","category-noticiasdestaque","category-policial"],"_links":{"self":[{"href":"https:\/\/jorgezanoni.com.br\/2019\/wp-json\/wp\/v2\/posts\/74781","targetHints":{"allow":["GET"]}}],"collection":[{"href":"https:\/\/jorgezanoni.com.br\/2019\/wp-json\/wp\/v2\/posts"}],"about":[{"href":"https:\/\/jorgezanoni.com.br\/2019\/wp-json\/wp\/v2\/types\/post"}],"author":[{"embeddable":true,"href":"https:\/\/jorgezanoni.com.br\/2019\/wp-json\/wp\/v2\/users\/1"}],"replies":[{"embeddable":true,"href":"https:\/\/jorgezanoni.com.br\/2019\/wp-json\/wp\/v2\/comments?post=74781"}],"version-history":[{"count":1,"href":"https:\/\/jorgezanoni.com.br\/2019\/wp-json\/wp\/v2\/posts\/74781\/revisions"}],"predecessor-version":[{"id":74783,"href":"https:\/\/jorgezanoni.com.br\/2019\/wp-json\/wp\/v2\/posts\/74781\/revisions\/74783"}],"wp:featuredmedia":[{"embeddable":true,"href":"https:\/\/jorgezanoni.com.br\/2019\/wp-json\/wp\/v2\/media\/74784"}],"wp:attachment":[{"href":"https:\/\/jorgezanoni.com.br\/2019\/wp-json\/wp\/v2\/media?parent=74781"}],"wp:term":[{"taxonomy":"category","embeddable":true,"href":"https:\/\/jorgezanoni.com.br\/2019\/wp-json\/wp\/v2\/categories?post=74781"},{"taxonomy":"post_tag","embeddable":true,"href":"https:\/\/jorgezanoni.com.br\/2019\/wp-json\/wp\/v2\/tags?post=74781"}],"curies":[{"name":"wp","href":"https:\/\/api.w.org\/{rel}","templated":true}]}}