{"id":74778,"date":"2023-04-08T18:22:29","date_gmt":"2023-04-08T18:22:29","guid":{"rendered":"https:\/\/jorgezanoni.com.br\/2019\/?p=74778"},"modified":"2023-04-08T18:22:29","modified_gmt":"2023-04-08T18:22:29","slug":"motorista-joga-carro-contra-caminhao-na-tentativa-de-matar-duas-criancas-e-acaba-preso","status":"publish","type":"post","link":"https:\/\/jorgezanoni.com.br\/2019\/motorista-joga-carro-contra-caminhao-na-tentativa-de-matar-duas-criancas-e-acaba-preso\/","title":{"rendered":"Motorista joga carro contra caminh\u00e3o na tentativa de matar duas crian\u00e7as e acaba preso"},"content":{"rendered":"<p style=\"text-align: justify;\">O condutor do ve\u00edculo Gol, envolvido no acidente com um caminh\u00e3o e que vitimou duas crian\u00e7as no final da manh\u00e3 desta sexta-feira (7), foi preso em flagrante. Ele, segundo o que foi apurado pelo Jornal Interior, de Pen\u00e1polis, teria jogado o carro contra a carreta para matar as v\u00edtimas, de 10 e cinco anos, al\u00e9m de tentar tirar sua pr\u00f3pria vida.<\/p>\n<p style=\"text-align: justify;\">A maior seria enteada e, a menor, filha dele. A colis\u00e3o aconteceu no quil\u00f4metro 274 da rodovia Assis Chateaubriand (SP-425), entre Pen\u00e1polis e Barbosa. O acusado, de acordo com o que foi informado \u00e0 Pol\u00edcia Civil, guiou o autom\u00f3vel por cerca de 100 metros na contram\u00e3o na pista, em dire\u00e7\u00e3o ao caminh\u00e3o.<\/p>\n<p style=\"text-align: justify;\">O motorista da carreta tentou manobrar para evitar o acidente, por\u00e9m n\u00e3o conseguiu e foi atingido pelo Gol. Com o choque, um dos pneus dianteiros estourou, o que fez com que o condutor perdesse o controle e o semirreboque tombasse, espalhando m\u00f3veis de madeira.<\/p>\n<p style=\"text-align: justify;\">FACA<\/p>\n<p style=\"text-align: justify;\">Um homem, que conduzia uma Kombi logo atr\u00e1s, parou no acostamento para ver o que tinha acontecido. Ele retirou as crian\u00e7as do Gol, quando o acusado se apoderou de uma faca e partiu em dire\u00e7\u00e3o \u00e0s v\u00edtimas, por\u00e9m, caiu por conta do elevado estado de influ\u00eancia de \u00e1lcool.<\/p>\n<p style=\"text-align: justify;\">No ch\u00e3o, acabou se golpeando e causando ferimentos no pr\u00f3prio corpo. O Corpo de Bombeiros foi acionado e esteve na pista. As crian\u00e7as foram levadas pelo Resgate ao pronto-socorro, onde receberam os primeiros atendimentos m\u00e9dicos. Devido \u00e0 gravidade, foram transferidas para a Santa Casa de Ara\u00e7atuba, onde permanecem internadas.<\/p>\n<p style=\"text-align: justify;\">O DER (Departamento de Estradas de Rodagem) e a Pol\u00edcia Militar Rodovi\u00e1ria estiveram no local, assim como o IC (Instituto de Criminal\u00edstica), que realizou per\u00edcia na pista.<\/p>\n<p style=\"text-align: justify;\">ARMA<\/p>\n<p style=\"text-align: justify;\">O homem tamb\u00e9m foi atendimento no PS, onde passou por atendimento. Na unidade, ele ainda tentou pegar a arma de um PM, precisando ser contido. Em seguida, foi levado ao plant\u00e3o policial para prestar esclarecimentos.<\/p>\n<p style=\"text-align: justify;\">O delegado que presidiu a ocorr\u00eancia, Gabriel Tadeu Brienza Vieira, determinou a pris\u00e3o em flagrante e, ap\u00f3s a conclus\u00e3o do BO, o acusado foi encaminhado para a cadeia local, estando \u00e0 disposi\u00e7\u00e3o da Justi\u00e7a.<\/p>\n<p style=\"text-align: justify;\">Ele responder\u00e1 por conduzir ve\u00edculo automotor com capacidade psicomotora alterada em raz\u00e3o da influ\u00eancia de \u00e1lcool ou de outra subst\u00e2ncia psicoativa que determine depend\u00eancia; tentativa de homic\u00eddio e desacato.<\/p>\n<p>Fonte: G1<\/p>\n","protected":false},"excerpt":{"rendered":"<p>O condutor do ve\u00edculo Gol, envolvido no acidente com um caminh\u00e3o e que vitimou duas crian\u00e7as no final da manh\u00e3 desta sexta-feira (7), foi preso em flagrante. Ele, segundo o que foi apurado pelo Jornal Interior, de Pen\u00e1polis, teria jogado o carro contra a carreta para matar as v\u00edtimas, de 10 e cinco anos, al\u00e9m [&hellip;]<\/p>\n","protected":false},"author":1,"featured_media":74779,"comment_status":"closed","ping_status":"open","sticky":false,"template":"","format":"standard","meta":{"footnotes":""},"categories":[170,110],"tags":[],"class_list":["post-74778","post","type-post","status-publish","format-standard","has-post-thumbnail","hentry","category-acidentes","category-noticiasdestaque"],"_links":{"self":[{"href":"https:\/\/jorgezanoni.com.br\/2019\/wp-json\/wp\/v2\/posts\/74778","targetHints":{"allow":["GET"]}}],"collection":[{"href":"https:\/\/jorgezanoni.com.br\/2019\/wp-json\/wp\/v2\/posts"}],"about":[{"href":"https:\/\/jorgezanoni.com.br\/2019\/wp-json\/wp\/v2\/types\/post"}],"author":[{"embeddable":true,"href":"https:\/\/jorgezanoni.com.br\/2019\/wp-json\/wp\/v2\/users\/1"}],"replies":[{"embeddable":true,"href":"https:\/\/jorgezanoni.com.br\/2019\/wp-json\/wp\/v2\/comments?post=74778"}],"version-history":[{"count":1,"href":"https:\/\/jorgezanoni.com.br\/2019\/wp-json\/wp\/v2\/posts\/74778\/revisions"}],"predecessor-version":[{"id":74780,"href":"https:\/\/jorgezanoni.com.br\/2019\/wp-json\/wp\/v2\/posts\/74778\/revisions\/74780"}],"wp:featuredmedia":[{"embeddable":true,"href":"https:\/\/jorgezanoni.com.br\/2019\/wp-json\/wp\/v2\/media\/74779"}],"wp:attachment":[{"href":"https:\/\/jorgezanoni.com.br\/2019\/wp-json\/wp\/v2\/media?parent=74778"}],"wp:term":[{"taxonomy":"category","embeddable":true,"href":"https:\/\/jorgezanoni.com.br\/2019\/wp-json\/wp\/v2\/categories?post=74778"},{"taxonomy":"post_tag","embeddable":true,"href":"https:\/\/jorgezanoni.com.br\/2019\/wp-json\/wp\/v2\/tags?post=74778"}],"curies":[{"name":"wp","href":"https:\/\/api.w.org\/{rel}","templated":true}]}}