{"id":74754,"date":"2023-04-08T00:22:10","date_gmt":"2023-04-08T00:22:10","guid":{"rendered":"https:\/\/jorgezanoni.com.br\/2019\/?p=74754"},"modified":"2023-04-08T00:23:33","modified_gmt":"2023-04-08T00:23:33","slug":"policia-ciil-realiza-palestra-sobre-prevencao-ao-uso-de-drogas-para-jovens-do-tg-de-dracena","status":"publish","type":"post","link":"https:\/\/jorgezanoni.com.br\/2019\/policia-ciil-realiza-palestra-sobre-prevencao-ao-uso-de-drogas-para-jovens-do-tg-de-dracena\/","title":{"rendered":"Pol\u00edcia Civil realiza Palestra sobre preven\u00e7\u00e3o ao uso de Drogas para jovens do TG de Dracena"},"content":{"rendered":"<p><strong>POL\u00cdCIA CIVIL REALIZA PALESTRA SOBRE PREVEN\u00c7\u00c3O AO USO DE DROGAS PARA JOVENS R\u00c9CEM-INCORPORADOS AO TIRO DE GUERRA DE DRACENA.<\/strong><\/p>\n<p style=\"text-align: justify;\">A Pol\u00edcia Civil, por interm\u00e9dio da Delegacia Seccional de Pol\u00edcia de Dracena, ministrou palestra nesta quinta-feira (6), para jovens atiradores do efetivo de 2023, no Tiro de Guerra de Dracena. A palestra com tema \u201cDrogas: A vida \u00e9 feita de Escolhas\u201d, buscou orientar e conscientizar os jovens sobre a preven\u00e7\u00e3o e os danos causados pelo uso de substancias entorpecentes e outros tipos de drogas.<br \/>\nO tema foi abordado pelo agente policial Reginaldo Rosa, da Delegacia Seccional de Policial de Dracena, que realiza trabalho social e volunt\u00e1rio consistente na preven\u00e7\u00e3o prim\u00e1ria, buscando evitar ou retardar o contato de pessoas com subst\u00e2ncia que podem causar depend\u00eancia qu\u00edmica.<br \/>\nA atividade foi direcionada para cerca de 40 jovens atiradores, rec\u00e9m-incorporados, a unidade militar de instru\u00e7\u00e3o do Ex\u00e9rcito Brasileiro, em Dracena. E teve por objetivo levar conhecimento sobre os principais fatores que levam a experimenta\u00e7\u00e3o das drogas, sejam elas l\u00edcitas ou il\u00edcitas, e que geralmente se inicia por curiosidade.<br \/>\nFoi ressaltado tamb\u00e9m, a import\u00e2ncia do assunto da drogadi\u00e7\u00e3o quando debatido e tratado em fam\u00edlia, e sobre as consequ\u00eancias sociais e legais a que poder\u00e1 afetar ao longo da vida de um indiv\u00edduo.<br \/>\nNo final da apresenta\u00e7\u00e3o, foram realizadas perguntas e as d\u00favidas puderam ser sanadas. O chefe de instru\u00e7\u00e3o Stg. Thiago C\u00e9sar Marques de Carvalho, falou e agradeceu ao apoio prestado pela Pol\u00edcia Civil do Estado de S\u00e3o Paulo, na forma\u00e7\u00e3o educacional, moral e cidad\u00e3 dos jovens militares dracenenses.<\/p>\n<p><img loading=\"lazy\" decoding=\"async\" class=\"alignnone size-full wp-image-74755\" src=\"https:\/\/jorgezanoni.com.br\/2019\/wp-content\/uploads\/2023\/04\/tg-Pequeno.jpg\" alt=\"\" width=\"854\" height=\"384\" srcset=\"https:\/\/jorgezanoni.com.br\/2019\/wp-content\/uploads\/2023\/04\/tg-Pequeno.jpg 854w, https:\/\/jorgezanoni.com.br\/2019\/wp-content\/uploads\/2023\/04\/tg-Pequeno-300x135.jpg 300w, https:\/\/jorgezanoni.com.br\/2019\/wp-content\/uploads\/2023\/04\/tg-Pequeno-768x345.jpg 768w, https:\/\/jorgezanoni.com.br\/2019\/wp-content\/uploads\/2023\/04\/tg-Pequeno-696x313.jpg 696w\" sizes=\"auto, (max-width: 854px) 100vw, 854px\" \/> <img loading=\"lazy\" decoding=\"async\" class=\"alignnone size-full wp-image-74756\" src=\"https:\/\/jorgezanoni.com.br\/2019\/wp-content\/uploads\/2023\/04\/tg1-Pequeno.jpg\" alt=\"\" width=\"854\" height=\"384\" srcset=\"https:\/\/jorgezanoni.com.br\/2019\/wp-content\/uploads\/2023\/04\/tg1-Pequeno.jpg 854w, https:\/\/jorgezanoni.com.br\/2019\/wp-content\/uploads\/2023\/04\/tg1-Pequeno-300x135.jpg 300w, https:\/\/jorgezanoni.com.br\/2019\/wp-content\/uploads\/2023\/04\/tg1-Pequeno-768x345.jpg 768w, https:\/\/jorgezanoni.com.br\/2019\/wp-content\/uploads\/2023\/04\/tg1-Pequeno-696x313.jpg 696w\" sizes=\"auto, (max-width: 854px) 100vw, 854px\" \/> <img loading=\"lazy\" decoding=\"async\" class=\"alignnone size-full wp-image-74757\" src=\"https:\/\/jorgezanoni.com.br\/2019\/wp-content\/uploads\/2023\/04\/tg2-Pequeno.jpg\" alt=\"\" width=\"854\" height=\"384\" srcset=\"https:\/\/jorgezanoni.com.br\/2019\/wp-content\/uploads\/2023\/04\/tg2-Pequeno.jpg 854w, https:\/\/jorgezanoni.com.br\/2019\/wp-content\/uploads\/2023\/04\/tg2-Pequeno-300x135.jpg 300w, https:\/\/jorgezanoni.com.br\/2019\/wp-content\/uploads\/2023\/04\/tg2-Pequeno-768x345.jpg 768w, https:\/\/jorgezanoni.com.br\/2019\/wp-content\/uploads\/2023\/04\/tg2-Pequeno-696x313.jpg 696w\" sizes=\"auto, (max-width: 854px) 100vw, 854px\" \/> <img loading=\"lazy\" decoding=\"async\" class=\"alignnone size-full wp-image-74759\" src=\"https:\/\/jorgezanoni.com.br\/2019\/wp-content\/uploads\/2023\/04\/tg4-Pequeno.jpg\" alt=\"\" width=\"854\" height=\"384\" srcset=\"https:\/\/jorgezanoni.com.br\/2019\/wp-content\/uploads\/2023\/04\/tg4-Pequeno.jpg 854w, https:\/\/jorgezanoni.com.br\/2019\/wp-content\/uploads\/2023\/04\/tg4-Pequeno-300x135.jpg 300w, https:\/\/jorgezanoni.com.br\/2019\/wp-content\/uploads\/2023\/04\/tg4-Pequeno-768x345.jpg 768w, https:\/\/jorgezanoni.com.br\/2019\/wp-content\/uploads\/2023\/04\/tg4-Pequeno-696x313.jpg 696w\" sizes=\"auto, (max-width: 854px) 100vw, 854px\" \/> <img loading=\"lazy\" decoding=\"async\" class=\"alignnone size-full wp-image-74760\" src=\"https:\/\/jorgezanoni.com.br\/2019\/wp-content\/uploads\/2023\/04\/tg5-Pequeno.jpg\" alt=\"\" width=\"854\" height=\"384\" srcset=\"https:\/\/jorgezanoni.com.br\/2019\/wp-content\/uploads\/2023\/04\/tg5-Pequeno.jpg 854w, https:\/\/jorgezanoni.com.br\/2019\/wp-content\/uploads\/2023\/04\/tg5-Pequeno-300x135.jpg 300w, https:\/\/jorgezanoni.com.br\/2019\/wp-content\/uploads\/2023\/04\/tg5-Pequeno-768x345.jpg 768w, https:\/\/jorgezanoni.com.br\/2019\/wp-content\/uploads\/2023\/04\/tg5-Pequeno-696x313.jpg 696w\" sizes=\"auto, (max-width: 854px) 100vw, 854px\" \/><\/p>\n<p style=\"text-align: justify;\">Fonte: Com. Social Pol\u00edcia Civil<\/p>\n","protected":false},"excerpt":{"rendered":"<p>POL\u00cdCIA CIVIL REALIZA PALESTRA SOBRE PREVEN\u00c7\u00c3O AO USO DE DROGAS PARA JOVENS R\u00c9CEM-INCORPORADOS AO TIRO DE GUERRA DE DRACENA. A Pol\u00edcia Civil, por interm\u00e9dio da Delegacia Seccional de Pol\u00edcia de Dracena, ministrou palestra nesta quinta-feira (6), para jovens atiradores do efetivo de 2023, no Tiro de Guerra de Dracena. A palestra com tema \u201cDrogas: A [&hellip;]<\/p>\n","protected":false},"author":1,"featured_media":74758,"comment_status":"closed","ping_status":"open","sticky":false,"template":"","format":"standard","meta":{"footnotes":""},"categories":[110,2],"tags":[],"class_list":["post-74754","post","type-post","status-publish","format-standard","has-post-thumbnail","hentry","category-noticiasdestaque","category-policial"],"_links":{"self":[{"href":"https:\/\/jorgezanoni.com.br\/2019\/wp-json\/wp\/v2\/posts\/74754","targetHints":{"allow":["GET"]}}],"collection":[{"href":"https:\/\/jorgezanoni.com.br\/2019\/wp-json\/wp\/v2\/posts"}],"about":[{"href":"https:\/\/jorgezanoni.com.br\/2019\/wp-json\/wp\/v2\/types\/post"}],"author":[{"embeddable":true,"href":"https:\/\/jorgezanoni.com.br\/2019\/wp-json\/wp\/v2\/users\/1"}],"replies":[{"embeddable":true,"href":"https:\/\/jorgezanoni.com.br\/2019\/wp-json\/wp\/v2\/comments?post=74754"}],"version-history":[{"count":2,"href":"https:\/\/jorgezanoni.com.br\/2019\/wp-json\/wp\/v2\/posts\/74754\/revisions"}],"predecessor-version":[{"id":74762,"href":"https:\/\/jorgezanoni.com.br\/2019\/wp-json\/wp\/v2\/posts\/74754\/revisions\/74762"}],"wp:featuredmedia":[{"embeddable":true,"href":"https:\/\/jorgezanoni.com.br\/2019\/wp-json\/wp\/v2\/media\/74758"}],"wp:attachment":[{"href":"https:\/\/jorgezanoni.com.br\/2019\/wp-json\/wp\/v2\/media?parent=74754"}],"wp:term":[{"taxonomy":"category","embeddable":true,"href":"https:\/\/jorgezanoni.com.br\/2019\/wp-json\/wp\/v2\/categories?post=74754"},{"taxonomy":"post_tag","embeddable":true,"href":"https:\/\/jorgezanoni.com.br\/2019\/wp-json\/wp\/v2\/tags?post=74754"}],"curies":[{"name":"wp","href":"https:\/\/api.w.org\/{rel}","templated":true}]}}