{"id":74751,"date":"2023-04-08T00:04:26","date_gmt":"2023-04-08T00:04:26","guid":{"rendered":"https:\/\/jorgezanoni.com.br\/2019\/?p=74751"},"modified":"2023-04-08T00:04:26","modified_gmt":"2023-04-08T00:04:26","slug":"policia-civil-cumpre-mandado-de-prisao-preventiva-em-desfavor-de-homem-suspeito-de-ter-roubado-celular-em-panorama","status":"publish","type":"post","link":"https:\/\/jorgezanoni.com.br\/2019\/policia-civil-cumpre-mandado-de-prisao-preventiva-em-desfavor-de-homem-suspeito-de-ter-roubado-celular-em-panorama\/","title":{"rendered":"Pol\u00edcia Civil cumpre mandado de pris\u00e3o preventiva em desfavor de homem suspeito de ter roubado Celular em Panorama"},"content":{"rendered":"<p style=\"text-align: justify;\">A Pol\u00edcia Civil, da Delegacia de Pol\u00edcia de Panorama, cumpriu nesta quarta-feira (5), um mandado de pris\u00e3o preventiva desfavor de um homem, de 36 anos, acusado de ter roubado um aparelho de celular, ap\u00f3s ter simulado estar armado com uma faca. O roubo ocorreu em via p\u00fablica, no bairro Derocy, na cidade de Panorama (SP), na tarde da \u00faltima ter\u00e7a-feira (3), e a v\u00edtima foi uma adolescente, de idade n\u00e3o divulgada.<br \/>\nDiante do fato, e com autoria delitiva identificada, a Pol\u00edcia Civil representou ao Poder Judici\u00e1rio pelo pedido de pris\u00e3o preventiva do acusado, tendo sido decretado e expedido pelo Ju\u00edzo da 2\u00aa Vara Criminal da Comarca de Panorama.<br \/>\nDe posse da referida ordem judicial, agentes da Delegacia de Pol\u00edcia de Panorama, estiveram nesta quinta-feira (5) na resid\u00eancia do suspeito, localizada na \u00e1rea central de Panorama (SP), e fizeram a pris\u00e3o do acusado. O homem n\u00e3o ofereceu resist\u00eancia e foi conduzido \u00e0 unidade policial para a formaliza\u00e7\u00e3o do cumprimento do mandado de pris\u00e3o.<br \/>\nO acusado permaneceu preso, aguardando pela audi\u00eancia de cust\u00f3dia, para o posterior encaminhamento ao sistema prisional.<\/p>\n<p>Fonte: Com. Social Pol\u00edcia Civil<\/p>\n","protected":false},"excerpt":{"rendered":"<p>A Pol\u00edcia Civil, da Delegacia de Pol\u00edcia de Panorama, cumpriu nesta quarta-feira (5), um mandado de pris\u00e3o preventiva desfavor de um homem, de 36 anos, acusado de ter roubado um aparelho de celular, ap\u00f3s ter simulado estar armado com uma faca. O roubo ocorreu em via p\u00fablica, no bairro Derocy, na cidade de Panorama (SP), [&hellip;]<\/p>\n","protected":false},"author":1,"featured_media":74752,"comment_status":"closed","ping_status":"open","sticky":false,"template":"","format":"standard","meta":{"footnotes":""},"categories":[110,2],"tags":[],"class_list":["post-74751","post","type-post","status-publish","format-standard","has-post-thumbnail","hentry","category-noticiasdestaque","category-policial"],"_links":{"self":[{"href":"https:\/\/jorgezanoni.com.br\/2019\/wp-json\/wp\/v2\/posts\/74751","targetHints":{"allow":["GET"]}}],"collection":[{"href":"https:\/\/jorgezanoni.com.br\/2019\/wp-json\/wp\/v2\/posts"}],"about":[{"href":"https:\/\/jorgezanoni.com.br\/2019\/wp-json\/wp\/v2\/types\/post"}],"author":[{"embeddable":true,"href":"https:\/\/jorgezanoni.com.br\/2019\/wp-json\/wp\/v2\/users\/1"}],"replies":[{"embeddable":true,"href":"https:\/\/jorgezanoni.com.br\/2019\/wp-json\/wp\/v2\/comments?post=74751"}],"version-history":[{"count":1,"href":"https:\/\/jorgezanoni.com.br\/2019\/wp-json\/wp\/v2\/posts\/74751\/revisions"}],"predecessor-version":[{"id":74753,"href":"https:\/\/jorgezanoni.com.br\/2019\/wp-json\/wp\/v2\/posts\/74751\/revisions\/74753"}],"wp:featuredmedia":[{"embeddable":true,"href":"https:\/\/jorgezanoni.com.br\/2019\/wp-json\/wp\/v2\/media\/74752"}],"wp:attachment":[{"href":"https:\/\/jorgezanoni.com.br\/2019\/wp-json\/wp\/v2\/media?parent=74751"}],"wp:term":[{"taxonomy":"category","embeddable":true,"href":"https:\/\/jorgezanoni.com.br\/2019\/wp-json\/wp\/v2\/categories?post=74751"},{"taxonomy":"post_tag","embeddable":true,"href":"https:\/\/jorgezanoni.com.br\/2019\/wp-json\/wp\/v2\/tags?post=74751"}],"curies":[{"name":"wp","href":"https:\/\/api.w.org\/{rel}","templated":true}]}}