{"id":74747,"date":"2023-04-07T23:55:26","date_gmt":"2023-04-07T23:55:26","guid":{"rendered":"https:\/\/jorgezanoni.com.br\/2019\/?p=74747"},"modified":"2023-04-07T23:55:26","modified_gmt":"2023-04-07T23:55:26","slug":"policia-militar-em-rapida-acao-domina-homem-que-estava-armado-com-faca-no-pam-de-dracena","status":"publish","type":"post","link":"https:\/\/jorgezanoni.com.br\/2019\/policia-militar-em-rapida-acao-domina-homem-que-estava-armado-com-faca-no-pam-de-dracena\/","title":{"rendered":"Pol\u00edcia Militar em r\u00e1pida a\u00e7\u00e3o domina homem que estava armado com faca no PAM de Dracena"},"content":{"rendered":"<p style=\"text-align: justify;\"><strong>No in\u00edcio da noite desta sexta-feira Santa, a Pol\u00edcia Militar foi chamada para atender uma ocorr\u00eancia de amea\u00e7as no Pronto Atendimento Municipal de Dracena.<\/strong><\/p>\n<p style=\"text-align: justify;\">Ao chegar ao local os Pms se depararam com um homem com prov\u00e1veis problemas mentais e tamb\u00e9m alcoolizado que armado com uma faca de p\u00e3o em uma das m\u00e3os, amea\u00e7ava colaboradores\u00a0 e falava que ia matar m\u00e9dicos.<\/p>\n<p style=\"text-align: justify;\">Segundo informa\u00e7\u00f5es obtidas pela reportagem do Site JZ e TOP TV, ele exigia receber anestesia geral, pois estava com ferimento em uma das pernas.<\/p>\n<p style=\"text-align: justify;\">A situa\u00e7\u00e3o que gerou p\u00e2nico e tumulto foi rapidamente controlada pela Pol\u00edcia Militar com algumas viaturas e contou com apoio da For\u00e7a T\u00e1tica.<\/p>\n<p style=\"text-align: justify;\">A popula\u00e7\u00e3o anda assustada com tantos fatos negativos negativos acontecido nos \u00faltimos dias. Toda aten\u00e7\u00e3o \u00e9 importante em qualquer local.<\/p>\n<p style=\"text-align: justify;\">O elemento foi encaminhado para a Delegacia de Pol\u00edcia e apresentado ao Delegado de Plant\u00e3o que tomar\u00e1 as provid\u00eancias cab\u00edveis para o caso.<\/p>\n<p><img loading=\"lazy\" decoding=\"async\" class=\"alignnone size-full wp-image-74749\" src=\"https:\/\/jorgezanoni.com.br\/2019\/wp-content\/uploads\/2023\/04\/santa-casa-1.jpg\" alt=\"\" width=\"700\" height=\"933\" srcset=\"https:\/\/jorgezanoni.com.br\/2019\/wp-content\/uploads\/2023\/04\/santa-casa-1.jpg 700w, https:\/\/jorgezanoni.com.br\/2019\/wp-content\/uploads\/2023\/04\/santa-casa-1-225x300.jpg 225w, https:\/\/jorgezanoni.com.br\/2019\/wp-content\/uploads\/2023\/04\/santa-casa-1-696x928.jpg 696w, https:\/\/jorgezanoni.com.br\/2019\/wp-content\/uploads\/2023\/04\/santa-casa-1-315x420.jpg 315w\" sizes=\"auto, (max-width: 700px) 100vw, 700px\" \/><\/p>\n<p style=\"text-align: justify;\">Jorge Zanoni com informa\u00e7\u00f5es da PM<\/p>\n<p>Fotos de Internauta<\/p>\n<p>&nbsp;<\/p>\n<div class=\"x11i5rnm xat24cr x1mh8g0r x1vvkbs xdj266r x126k92a\">\n<div dir=\"auto\"><\/div>\n<\/div>\n<div class=\"x11i5rnm xat24cr x1mh8g0r x1vvkbs xtlvy1s x126k92a\">\n<div dir=\"auto\"><\/div>\n<\/div>\n<div class=\"x11i5rnm xat24cr x1mh8g0r x1vvkbs xtlvy1s x126k92a\"><\/div>\n<div class=\"x11i5rnm xat24cr x1mh8g0r x1vvkbs xtlvy1s x126k92a\">\n<div dir=\"auto\"><\/div>\n<\/div>\n","protected":false},"excerpt":{"rendered":"<p>No in\u00edcio da noite desta sexta-feira Santa, a Pol\u00edcia Militar foi chamada para atender uma ocorr\u00eancia de amea\u00e7as no Pronto Atendimento Municipal de Dracena. Ao chegar ao local os Pms se depararam com um homem com prov\u00e1veis problemas mentais e tamb\u00e9m alcoolizado que armado com uma faca de p\u00e3o em uma das m\u00e3os, amea\u00e7ava colaboradores\u00a0 [&hellip;]<\/p>\n","protected":false},"author":1,"featured_media":74748,"comment_status":"closed","ping_status":"open","sticky":false,"template":"","format":"standard","meta":{"footnotes":""},"categories":[110,2],"tags":[],"class_list":["post-74747","post","type-post","status-publish","format-standard","has-post-thumbnail","hentry","category-noticiasdestaque","category-policial"],"_links":{"self":[{"href":"https:\/\/jorgezanoni.com.br\/2019\/wp-json\/wp\/v2\/posts\/74747","targetHints":{"allow":["GET"]}}],"collection":[{"href":"https:\/\/jorgezanoni.com.br\/2019\/wp-json\/wp\/v2\/posts"}],"about":[{"href":"https:\/\/jorgezanoni.com.br\/2019\/wp-json\/wp\/v2\/types\/post"}],"author":[{"embeddable":true,"href":"https:\/\/jorgezanoni.com.br\/2019\/wp-json\/wp\/v2\/users\/1"}],"replies":[{"embeddable":true,"href":"https:\/\/jorgezanoni.com.br\/2019\/wp-json\/wp\/v2\/comments?post=74747"}],"version-history":[{"count":1,"href":"https:\/\/jorgezanoni.com.br\/2019\/wp-json\/wp\/v2\/posts\/74747\/revisions"}],"predecessor-version":[{"id":74750,"href":"https:\/\/jorgezanoni.com.br\/2019\/wp-json\/wp\/v2\/posts\/74747\/revisions\/74750"}],"wp:featuredmedia":[{"embeddable":true,"href":"https:\/\/jorgezanoni.com.br\/2019\/wp-json\/wp\/v2\/media\/74748"}],"wp:attachment":[{"href":"https:\/\/jorgezanoni.com.br\/2019\/wp-json\/wp\/v2\/media?parent=74747"}],"wp:term":[{"taxonomy":"category","embeddable":true,"href":"https:\/\/jorgezanoni.com.br\/2019\/wp-json\/wp\/v2\/categories?post=74747"},{"taxonomy":"post_tag","embeddable":true,"href":"https:\/\/jorgezanoni.com.br\/2019\/wp-json\/wp\/v2\/tags?post=74747"}],"curies":[{"name":"wp","href":"https:\/\/api.w.org\/{rel}","templated":true}]}}