{"id":74744,"date":"2023-04-07T16:16:53","date_gmt":"2023-04-07T16:16:53","guid":{"rendered":"https:\/\/jorgezanoni.com.br\/2019\/?p=74744"},"modified":"2023-04-07T16:16:53","modified_gmt":"2023-04-07T16:16:53","slug":"materia-atualizada-pela-policia-militar-sobre-atropelamento-de-crianca-de-10-anos-em-dracena","status":"publish","type":"post","link":"https:\/\/jorgezanoni.com.br\/2019\/materia-atualizada-pela-policia-militar-sobre-atropelamento-de-crianca-de-10-anos-em-dracena\/","title":{"rendered":"Mat\u00e9ria atualizada pela Pol\u00edcia Militar sobre atropelamento de crian\u00e7a de 10 anos em Dracena"},"content":{"rendered":"<p style=\"text-align: justify;\">ACIONADOS VIA COPOM PARA OCORR\u00caNCIA DE ATROPELAMENTO, IRRADIADO QUE A V\u00cdTIMA ( CRIAN\u00c7A 10 ANOS) ESTAVA SENDO SOCORRIDA PELA UNIDADE DE RESGATE EM<br \/>\nESTADO GRAVE AT\u00c9 O PRONTO ATENDIMENTO MUNICIPAL, ONDE VEIO EVOLUIR PARA \u00d3BITO, ATESTADO PELO M\u00c9DICO PLANTONISTA. FORA REALIZADO CONTATO COM O CONDUTOR DO CAMINH\u00c3O M.B.\/M.BENZ L 1518 HOMEM 64 ANOS, DEFRONTE A SUA RESID\u00caNCIA O QUAL DECLAROU QUE FAMILIARES DA V\u00cdTIMA O ACUSAVA DE TER ATROPELADO A CRIAN\u00c7A, NO ENTANTO O CONDUTOR AFIRMOU QUE N\u00c3O PERCEBEU QUE TERIA ATROPELADO ALGU\u00c9M.<\/p>\n<p style=\"text-align: justify;\">POSTERIORMENTE COM APOIO DE OUTRAS EQUIPES POLICIAIS FOI FEITO O TRAJETO QUE O MOTORISTA DO CAMINH\u00c3O FEZ E CONSTATADO O LOCAL DO ATROPELAMENTO RUA JOS\u00c9 PANTAROTO.<\/p>\n<p style=\"text-align: justify;\">EM RAZ\u00c3O DE SINAIS DE SANGUE PELA VIA, ACIONADO A POL\u00cdCIA CIENT\u00cdFICA. FORA APRESENTADO NO PLANT\u00c3O POLICIAL O CONDUTOR E OS DADOS DA V\u00cdTMA E DO SEU GENITOR, SENDO CONFECCIONADO BOPC POR PORTARIA &#8220;HOMIC\u00cdDIO CULPOSO NA CONDU\u00c7\u00c3O DE VE\u00cdCULO&#8221;. VALE RESSALTAR QUE O AUTOR N\u00c3O APRESENTAVA SINAIS DE EMBRIAGUEZ, SENDO COLHIDO SANGUE PARA EXAME DE ALCOOLEMIA.<\/p>\n<p style=\"text-align: justify;\">O CAMINH\u00c3O DO AUTOR FICOU PELO P\u00c1TIO DO &#8220;IML&#8221; PARA EXAMES PERICIAIS, AO T\u00c9RMINO DO EXPEDIENTE FORA LIBERADO O AUTOR.<\/p>\n<p>Fone: Com. Social Pol\u00edcia Militar<\/p>\n","protected":false},"excerpt":{"rendered":"<p>ACIONADOS VIA COPOM PARA OCORR\u00caNCIA DE ATROPELAMENTO, IRRADIADO QUE A V\u00cdTIMA ( CRIAN\u00c7A 10 ANOS) ESTAVA SENDO SOCORRIDA PELA UNIDADE DE RESGATE EM ESTADO GRAVE AT\u00c9 O PRONTO ATENDIMENTO MUNICIPAL, ONDE VEIO EVOLUIR PARA \u00d3BITO, ATESTADO PELO M\u00c9DICO PLANTONISTA. FORA REALIZADO CONTATO COM O CONDUTOR DO CAMINH\u00c3O M.B.\/M.BENZ L 1518 HOMEM 64 ANOS, DEFRONTE A [&hellip;]<\/p>\n","protected":false},"author":1,"featured_media":74745,"comment_status":"closed","ping_status":"open","sticky":false,"template":"","format":"standard","meta":{"footnotes":""},"categories":[170,110],"tags":[],"class_list":["post-74744","post","type-post","status-publish","format-standard","has-post-thumbnail","hentry","category-acidentes","category-noticiasdestaque"],"_links":{"self":[{"href":"https:\/\/jorgezanoni.com.br\/2019\/wp-json\/wp\/v2\/posts\/74744","targetHints":{"allow":["GET"]}}],"collection":[{"href":"https:\/\/jorgezanoni.com.br\/2019\/wp-json\/wp\/v2\/posts"}],"about":[{"href":"https:\/\/jorgezanoni.com.br\/2019\/wp-json\/wp\/v2\/types\/post"}],"author":[{"embeddable":true,"href":"https:\/\/jorgezanoni.com.br\/2019\/wp-json\/wp\/v2\/users\/1"}],"replies":[{"embeddable":true,"href":"https:\/\/jorgezanoni.com.br\/2019\/wp-json\/wp\/v2\/comments?post=74744"}],"version-history":[{"count":1,"href":"https:\/\/jorgezanoni.com.br\/2019\/wp-json\/wp\/v2\/posts\/74744\/revisions"}],"predecessor-version":[{"id":74746,"href":"https:\/\/jorgezanoni.com.br\/2019\/wp-json\/wp\/v2\/posts\/74744\/revisions\/74746"}],"wp:featuredmedia":[{"embeddable":true,"href":"https:\/\/jorgezanoni.com.br\/2019\/wp-json\/wp\/v2\/media\/74745"}],"wp:attachment":[{"href":"https:\/\/jorgezanoni.com.br\/2019\/wp-json\/wp\/v2\/media?parent=74744"}],"wp:term":[{"taxonomy":"category","embeddable":true,"href":"https:\/\/jorgezanoni.com.br\/2019\/wp-json\/wp\/v2\/categories?post=74744"},{"taxonomy":"post_tag","embeddable":true,"href":"https:\/\/jorgezanoni.com.br\/2019\/wp-json\/wp\/v2\/tags?post=74744"}],"curies":[{"name":"wp","href":"https:\/\/api.w.org\/{rel}","templated":true}]}}