{"id":7473,"date":"2019-09-28T13:24:52","date_gmt":"2019-09-28T13:24:52","guid":{"rendered":"https:\/\/jorgezanoni.com.br\/2019\/?p=7473"},"modified":"2019-09-28T13:25:47","modified_gmt":"2019-09-28T13:25:47","slug":"aniversariantes-do-dia-28-09-19","status":"publish","type":"post","link":"https:\/\/jorgezanoni.com.br\/2019\/aniversariantes-do-dia-28-09-19\/","title":{"rendered":"Aniversariantes do Dia 28\/09\/19"},"content":{"rendered":"<p>PARABENIZAMOS OS ANIVERSARIANTES DE HO<img loading=\"lazy\" decoding=\"async\" class=\"alignnone size-full wp-image-7474\" src=\"https:\/\/jorgezanoni.com.br\/2019\/wp-content\/uploads\/2019\/09\/Andr\u00e9-Geovana-Scarpanti.jpg\" alt=\"\" width=\"957\" height=\"960\" srcset=\"https:\/\/jorgezanoni.com.br\/2019\/wp-content\/uploads\/2019\/09\/Andr\u00e9-Geovana-Scarpanti.jpg 957w, https:\/\/jorgezanoni.com.br\/2019\/wp-content\/uploads\/2019\/09\/Andr\u00e9-Geovana-Scarpanti-150x150.jpg 150w, https:\/\/jorgezanoni.com.br\/2019\/wp-content\/uploads\/2019\/09\/Andr\u00e9-Geovana-Scarpanti-300x300.jpg 300w, https:\/\/jorgezanoni.com.br\/2019\/wp-content\/uploads\/2019\/09\/Andr\u00e9-Geovana-Scarpanti-768x770.jpg 768w, https:\/\/jorgezanoni.com.br\/2019\/wp-content\/uploads\/2019\/09\/Andr\u00e9-Geovana-Scarpanti-696x698.jpg 696w, https:\/\/jorgezanoni.com.br\/2019\/wp-content\/uploads\/2019\/09\/Andr\u00e9-Geovana-Scarpanti-419x420.jpg 419w\" sizes=\"auto, (max-width: 957px) 100vw, 957px\" \/><\/p>\n<p>Andr\u00e9 Geovana Scarparti<\/p>\n<p><img loading=\"lazy\" decoding=\"async\" class=\"alignnone size-full wp-image-7476\" src=\"https:\/\/jorgezanoni.com.br\/2019\/wp-content\/uploads\/2019\/09\/Cl\u00e1udia-2.jpg\" alt=\"\" width=\"575\" height=\"552\" srcset=\"https:\/\/jorgezanoni.com.br\/2019\/wp-content\/uploads\/2019\/09\/Cl\u00e1udia-2.jpg 575w, https:\/\/jorgezanoni.com.br\/2019\/wp-content\/uploads\/2019\/09\/Cl\u00e1udia-2-300x288.jpg 300w, https:\/\/jorgezanoni.com.br\/2019\/wp-content\/uploads\/2019\/09\/Cl\u00e1udia-2-438x420.jpg 438w\" sizes=\"auto, (max-width: 575px) 100vw, 575px\" \/><\/p>\n<p>Cl\u00e1udia Amolaro<\/p>\n<p><img loading=\"lazy\" decoding=\"async\" class=\"alignnone size-full wp-image-7478\" src=\"https:\/\/jorgezanoni.com.br\/2019\/wp-content\/uploads\/2019\/09\/Cuca-Dracena.jpg\" alt=\"\" width=\"720\" height=\"960\" srcset=\"https:\/\/jorgezanoni.com.br\/2019\/wp-content\/uploads\/2019\/09\/Cuca-Dracena.jpg 720w, https:\/\/jorgezanoni.com.br\/2019\/wp-content\/uploads\/2019\/09\/Cuca-Dracena-225x300.jpg 225w, https:\/\/jorgezanoni.com.br\/2019\/wp-content\/uploads\/2019\/09\/Cuca-Dracena-696x928.jpg 696w, https:\/\/jorgezanoni.com.br\/2019\/wp-content\/uploads\/2019\/09\/Cuca-Dracena-315x420.jpg 315w\" sizes=\"auto, (max-width: 720px) 100vw, 720px\" \/><\/p>\n<p>Cuca Dracena<\/p>\n<p><img loading=\"lazy\" decoding=\"async\" class=\"alignnone size-full wp-image-7479\" src=\"https:\/\/jorgezanoni.com.br\/2019\/wp-content\/uploads\/2019\/09\/Edina-Gasparini.jpg\" alt=\"\" width=\"960\" height=\"956\" srcset=\"https:\/\/jorgezanoni.com.br\/2019\/wp-content\/uploads\/2019\/09\/Edina-Gasparini.jpg 960w, https:\/\/jorgezanoni.com.br\/2019\/wp-content\/uploads\/2019\/09\/Edina-Gasparini-150x150.jpg 150w, https:\/\/jorgezanoni.com.br\/2019\/wp-content\/uploads\/2019\/09\/Edina-Gasparini-300x300.jpg 300w, https:\/\/jorgezanoni.com.br\/2019\/wp-content\/uploads\/2019\/09\/Edina-Gasparini-768x765.jpg 768w, https:\/\/jorgezanoni.com.br\/2019\/wp-content\/uploads\/2019\/09\/Edina-Gasparini-696x693.jpg 696w, https:\/\/jorgezanoni.com.br\/2019\/wp-content\/uploads\/2019\/09\/Edina-Gasparini-422x420.jpg 422w\" sizes=\"auto, (max-width: 960px) 100vw, 960px\" \/><\/p>\n<p>Edina Gasparini<\/p>\n<p><img loading=\"lazy\" decoding=\"async\" class=\"alignnone size-full wp-image-7480\" src=\"https:\/\/jorgezanoni.com.br\/2019\/wp-content\/uploads\/2019\/09\/Fernanda-Dami\u00e3o.jpg\" alt=\"\" width=\"945\" height=\"960\" srcset=\"https:\/\/jorgezanoni.com.br\/2019\/wp-content\/uploads\/2019\/09\/Fernanda-Dami\u00e3o.jpg 945w, https:\/\/jorgezanoni.com.br\/2019\/wp-content\/uploads\/2019\/09\/Fernanda-Dami\u00e3o-295x300.jpg 295w, https:\/\/jorgezanoni.com.br\/2019\/wp-content\/uploads\/2019\/09\/Fernanda-Dami\u00e3o-768x780.jpg 768w, https:\/\/jorgezanoni.com.br\/2019\/wp-content\/uploads\/2019\/09\/Fernanda-Dami\u00e3o-696x707.jpg 696w, https:\/\/jorgezanoni.com.br\/2019\/wp-content\/uploads\/2019\/09\/Fernanda-Dami\u00e3o-413x420.jpg 413w\" sizes=\"auto, (max-width: 945px) 100vw, 945px\" \/><\/p>\n<p>Fernanda Dami\u00e3o<\/p>\n<p><img loading=\"lazy\" decoding=\"async\" class=\"alignnone size-full wp-image-7481\" src=\"https:\/\/jorgezanoni.com.br\/2019\/wp-content\/uploads\/2019\/09\/Fl\u00e1via-Duarte.jpg\" alt=\"\" width=\"960\" height=\"640\" srcset=\"https:\/\/jorgezanoni.com.br\/2019\/wp-content\/uploads\/2019\/09\/Fl\u00e1via-Duarte.jpg 960w, https:\/\/jorgezanoni.com.br\/2019\/wp-content\/uploads\/2019\/09\/Fl\u00e1via-Duarte-300x200.jpg 300w, https:\/\/jorgezanoni.com.br\/2019\/wp-content\/uploads\/2019\/09\/Fl\u00e1via-Duarte-768x512.jpg 768w, https:\/\/jorgezanoni.com.br\/2019\/wp-content\/uploads\/2019\/09\/Fl\u00e1via-Duarte-696x464.jpg 696w, https:\/\/jorgezanoni.com.br\/2019\/wp-content\/uploads\/2019\/09\/Fl\u00e1via-Duarte-630x420.jpg 630w\" sizes=\"auto, (max-width: 960px) 100vw, 960px\" \/><\/p>\n<p>Fl\u00e1via Duarte<\/p>\n<p><img loading=\"lazy\" decoding=\"async\" class=\"alignnone size-full wp-image-7482\" src=\"https:\/\/jorgezanoni.com.br\/2019\/wp-content\/uploads\/2019\/09\/Sara-Oliveira-Lira.jpg\" alt=\"\" width=\"960\" height=\"959\" srcset=\"https:\/\/jorgezanoni.com.br\/2019\/wp-content\/uploads\/2019\/09\/Sara-Oliveira-Lira.jpg 960w, https:\/\/jorgezanoni.com.br\/2019\/wp-content\/uploads\/2019\/09\/Sara-Oliveira-Lira-150x150.jpg 150w, https:\/\/jorgezanoni.com.br\/2019\/wp-content\/uploads\/2019\/09\/Sara-Oliveira-Lira-300x300.jpg 300w, https:\/\/jorgezanoni.com.br\/2019\/wp-content\/uploads\/2019\/09\/Sara-Oliveira-Lira-768x767.jpg 768w, https:\/\/jorgezanoni.com.br\/2019\/wp-content\/uploads\/2019\/09\/Sara-Oliveira-Lira-696x695.jpg 696w, https:\/\/jorgezanoni.com.br\/2019\/wp-content\/uploads\/2019\/09\/Sara-Oliveira-Lira-420x420.jpg 420w\" sizes=\"auto, (max-width: 960px) 100vw, 960px\" \/><\/p>\n<p>Sara Oliveira Lira<\/p>\n<p><img loading=\"lazy\" decoding=\"async\" class=\"alignnone size-full wp-image-7483\" src=\"https:\/\/jorgezanoni.com.br\/2019\/wp-content\/uploads\/2019\/09\/Valdeci-Dias.jpg\" alt=\"\" width=\"320\" height=\"320\" srcset=\"https:\/\/jorgezanoni.com.br\/2019\/wp-content\/uploads\/2019\/09\/Valdeci-Dias.jpg 320w, https:\/\/jorgezanoni.com.br\/2019\/wp-content\/uploads\/2019\/09\/Valdeci-Dias-150x150.jpg 150w, https:\/\/jorgezanoni.com.br\/2019\/wp-content\/uploads\/2019\/09\/Valdeci-Dias-300x300.jpg 300w\" sizes=\"auto, (max-width: 320px) 100vw, 320px\" \/><\/p>\n<p>Valdeci Dias<\/p>\n<p><img loading=\"lazy\" decoding=\"async\" class=\"alignnone size-full wp-image-7484\" src=\"https:\/\/jorgezanoni.com.br\/2019\/wp-content\/uploads\/2019\/09\/Vera-Lucia.jpg\" alt=\"\" width=\"480\" height=\"480\" srcset=\"https:\/\/jorgezanoni.com.br\/2019\/wp-content\/uploads\/2019\/09\/Vera-Lucia.jpg 480w, https:\/\/jorgezanoni.com.br\/2019\/wp-content\/uploads\/2019\/09\/Vera-Lucia-150x150.jpg 150w, https:\/\/jorgezanoni.com.br\/2019\/wp-content\/uploads\/2019\/09\/Vera-Lucia-300x300.jpg 300w, https:\/\/jorgezanoni.com.br\/2019\/wp-content\/uploads\/2019\/09\/Vera-Lucia-420x420.jpg 420w\" sizes=\"auto, (max-width: 480px) 100vw, 480px\" \/><\/p>\n<p>Vera L\u00facia<\/p>\n","protected":false},"excerpt":{"rendered":"<p>PARABENIZAMOS OS ANIVERSARIANTES DE HO Andr\u00e9 Geovana Scarparti Cl\u00e1udia Amolaro Cuca Dracena Edina Gasparini Fernanda Dami\u00e3o Fl\u00e1via Duarte Sara Oliveira Lira Valdeci Dias Vera L\u00facia<\/p>\n","protected":false},"author":1,"featured_media":7476,"comment_status":"closed","ping_status":"open","sticky":false,"template":"","format":"standard","meta":{"footnotes":""},"categories":[174],"tags":[],"class_list":["post-7473","post","type-post","status-publish","format-standard","has-post-thumbnail","hentry","category-aniversariantes"],"_links":{"self":[{"href":"https:\/\/jorgezanoni.com.br\/2019\/wp-json\/wp\/v2\/posts\/7473","targetHints":{"allow":["GET"]}}],"collection":[{"href":"https:\/\/jorgezanoni.com.br\/2019\/wp-json\/wp\/v2\/posts"}],"about":[{"href":"https:\/\/jorgezanoni.com.br\/2019\/wp-json\/wp\/v2\/types\/post"}],"author":[{"embeddable":true,"href":"https:\/\/jorgezanoni.com.br\/2019\/wp-json\/wp\/v2\/users\/1"}],"replies":[{"embeddable":true,"href":"https:\/\/jorgezanoni.com.br\/2019\/wp-json\/wp\/v2\/comments?post=7473"}],"version-history":[{"count":0,"href":"https:\/\/jorgezanoni.com.br\/2019\/wp-json\/wp\/v2\/posts\/7473\/revisions"}],"wp:featuredmedia":[{"embeddable":true,"href":"https:\/\/jorgezanoni.com.br\/2019\/wp-json\/wp\/v2\/media\/7476"}],"wp:attachment":[{"href":"https:\/\/jorgezanoni.com.br\/2019\/wp-json\/wp\/v2\/media?parent=7473"}],"wp:term":[{"taxonomy":"category","embeddable":true,"href":"https:\/\/jorgezanoni.com.br\/2019\/wp-json\/wp\/v2\/categories?post=7473"},{"taxonomy":"post_tag","embeddable":true,"href":"https:\/\/jorgezanoni.com.br\/2019\/wp-json\/wp\/v2\/tags?post=7473"}],"curies":[{"name":"wp","href":"https:\/\/api.w.org\/{rel}","templated":true}]}}