{"id":7470,"date":"2019-09-28T00:59:34","date_gmt":"2019-09-28T00:59:34","guid":{"rendered":"https:\/\/jorgezanoni.com.br\/2019\/?p=7470"},"modified":"2019-09-28T01:00:27","modified_gmt":"2019-09-28T01:00:27","slug":"temas-diversificados-sao-trabalhados-na-unati-nos-ultimos-meses","status":"publish","type":"post","link":"https:\/\/jorgezanoni.com.br\/2019\/temas-diversificados-sao-trabalhados-na-unati-nos-ultimos-meses\/","title":{"rendered":"Temas diversificados s\u00e3o trabalhados na UNATI nos \u00faltimos meses"},"content":{"rendered":"<p style=\"font-weight: 400; text-align: justify;\">Neste bimestre, temas diversos foram trabalhados dentro da Unati de Dracena. Al\u00e9m das atividades habituais ligadas aos exerc\u00edcios f\u00edsicos, arte e m\u00fasica, os alunos aprenderam a lidar com emo\u00e7\u00f5es, descobrir seus talentos, ser empreendedores, lidar com pets, reconhecer as pastagens brasileiras, refletir sobre o uso de agrot\u00f3xicos, mecanismo de defesa do corpo humano, cultivar cogumelos e suculentas, e a praticar uma alimenta\u00e7\u00e3o saud\u00e1vel. Este \u00faltimo conte\u00fado, em especial, foi finalizado na cozinha do CEP (Centro de Educa\u00e7\u00e3o Profissional da Fundec), onde os unatianos puderam aprender como produzir p\u00e3es com baixo \u00edndice glic\u00eamico.<\/p>\n<p style=\"font-weight: 400; text-align: justify;\">Segundo a profa. Daniela Mac\u00e1rio, \u201co programa j\u00e1 caminha para a sua finaliza\u00e7\u00e3o, mas muitas atividades ainda est\u00e3o por vir\u201d.<\/p>\n<p style=\"font-weight: 400; text-align: justify;\">A cerim\u00f4nia de formatura, com a participa\u00e7\u00e3o de amigos e familiares, ocorrer\u00e1 no dia 4 de dezembro.<\/p>\n<p style=\"font-weight: 400; text-align: justify;\">As atividades da Unati s\u00e3o realizadas \u00e0s ter\u00e7as e quintas-feiras, das 14h \u00e0s 17h, nas depend\u00eancias da Unifadra\/FUNDEC e da UNESP, alternadamente.<\/p>\n<p style=\"font-weight: 400; text-align: justify;\">Carolina Colnago<\/p>\n<p style=\"font-weight: 400; text-align: justify;\">Assessora de Comunica\u00e7\u00e3o da Fundec &#8211; Jornalista<\/p>\n","protected":false},"excerpt":{"rendered":"<p>Neste bimestre, temas diversos foram trabalhados dentro da Unati de Dracena. Al\u00e9m das atividades habituais ligadas aos exerc\u00edcios f\u00edsicos, arte e m\u00fasica, os alunos aprenderam a lidar com emo\u00e7\u00f5es, descobrir seus talentos, ser empreendedores, lidar com pets, reconhecer as pastagens brasileiras, refletir sobre o uso de agrot\u00f3xicos, mecanismo de defesa do corpo humano, cultivar cogumelos [&hellip;]<\/p>\n","protected":false},"author":1,"featured_media":7471,"comment_status":"closed","ping_status":"open","sticky":false,"template":"","format":"standard","meta":{"footnotes":""},"categories":[122],"tags":[],"class_list":["post-7470","post","type-post","status-publish","format-standard","has-post-thumbnail","hentry","category-saudeeducacaoeconcurso"],"_links":{"self":[{"href":"https:\/\/jorgezanoni.com.br\/2019\/wp-json\/wp\/v2\/posts\/7470","targetHints":{"allow":["GET"]}}],"collection":[{"href":"https:\/\/jorgezanoni.com.br\/2019\/wp-json\/wp\/v2\/posts"}],"about":[{"href":"https:\/\/jorgezanoni.com.br\/2019\/wp-json\/wp\/v2\/types\/post"}],"author":[{"embeddable":true,"href":"https:\/\/jorgezanoni.com.br\/2019\/wp-json\/wp\/v2\/users\/1"}],"replies":[{"embeddable":true,"href":"https:\/\/jorgezanoni.com.br\/2019\/wp-json\/wp\/v2\/comments?post=7470"}],"version-history":[{"count":0,"href":"https:\/\/jorgezanoni.com.br\/2019\/wp-json\/wp\/v2\/posts\/7470\/revisions"}],"wp:featuredmedia":[{"embeddable":true,"href":"https:\/\/jorgezanoni.com.br\/2019\/wp-json\/wp\/v2\/media\/7471"}],"wp:attachment":[{"href":"https:\/\/jorgezanoni.com.br\/2019\/wp-json\/wp\/v2\/media?parent=7470"}],"wp:term":[{"taxonomy":"category","embeddable":true,"href":"https:\/\/jorgezanoni.com.br\/2019\/wp-json\/wp\/v2\/categories?post=7470"},{"taxonomy":"post_tag","embeddable":true,"href":"https:\/\/jorgezanoni.com.br\/2019\/wp-json\/wp\/v2\/tags?post=7470"}],"curies":[{"name":"wp","href":"https:\/\/api.w.org\/{rel}","templated":true}]}}