{"id":74680,"date":"2023-04-04T23:46:15","date_gmt":"2023-04-04T23:46:15","guid":{"rendered":"https:\/\/jorgezanoni.com.br\/2019\/?p=74680"},"modified":"2023-04-04T23:46:15","modified_gmt":"2023-04-04T23:46:15","slug":"fundec-abre-processo-seletivo-para-contratacao-de-servente-de-limpeza","status":"publish","type":"post","link":"https:\/\/jorgezanoni.com.br\/2019\/fundec-abre-processo-seletivo-para-contratacao-de-servente-de-limpeza\/","title":{"rendered":"Fundec abre processo seletivo para contrata\u00e7\u00e3o de servente de limpeza"},"content":{"rendered":"<p style=\"text-align: justify;\"><span style=\"font-size: large;\">A Funda\u00e7\u00e3o Dracenense de Educa\u00e7\u00e3o e Cultura (Fundec) est\u00e1 contratando para vaga de servente de limpeza &#8211; feminino (Ensino Fundamental completo) e abriu inscri\u00e7\u00f5es para o Processo Seletivo 04\/2023. O edital est\u00e1 dispon\u00edvel no link <a href=\"https:\/\/fundec.edu.br\/editais\" target=\"_blank\" rel=\"noopener noreferrer\">https:\/\/fundec.edu.br\/editais<\/a>\u00a0e os interessados devem acessar o bot\u00e3o &#8220;Portal de Inscri\u00e7\u00f5es&#8221; para se candidatar \u00e0 vaga, at\u00e9 o dia 11\/04\/2023.<\/span><\/p>\n<p style=\"text-align: justify;\">Fonte: Depto. de Comunica\u00e7\u00e3o da Fundec<\/p>\n","protected":false},"excerpt":{"rendered":"<p>A Funda\u00e7\u00e3o Dracenense de Educa\u00e7\u00e3o e Cultura (Fundec) est\u00e1 contratando para vaga de servente de limpeza &#8211; feminino (Ensino Fundamental completo) e abriu inscri\u00e7\u00f5es para o Processo Seletivo 04\/2023. O edital est\u00e1 dispon\u00edvel no link https:\/\/fundec.edu.br\/editais\u00a0e os interessados devem acessar o bot\u00e3o &#8220;Portal de Inscri\u00e7\u00f5es&#8221; para se candidatar \u00e0 vaga, at\u00e9 o dia 11\/04\/2023. Fonte: [&hellip;]<\/p>\n","protected":false},"author":1,"featured_media":74681,"comment_status":"closed","ping_status":"open","sticky":false,"template":"","format":"standard","meta":{"footnotes":""},"categories":[110,122],"tags":[],"class_list":["post-74680","post","type-post","status-publish","format-standard","has-post-thumbnail","hentry","category-noticiasdestaque","category-saudeeducacaoeconcurso"],"_links":{"self":[{"href":"https:\/\/jorgezanoni.com.br\/2019\/wp-json\/wp\/v2\/posts\/74680","targetHints":{"allow":["GET"]}}],"collection":[{"href":"https:\/\/jorgezanoni.com.br\/2019\/wp-json\/wp\/v2\/posts"}],"about":[{"href":"https:\/\/jorgezanoni.com.br\/2019\/wp-json\/wp\/v2\/types\/post"}],"author":[{"embeddable":true,"href":"https:\/\/jorgezanoni.com.br\/2019\/wp-json\/wp\/v2\/users\/1"}],"replies":[{"embeddable":true,"href":"https:\/\/jorgezanoni.com.br\/2019\/wp-json\/wp\/v2\/comments?post=74680"}],"version-history":[{"count":1,"href":"https:\/\/jorgezanoni.com.br\/2019\/wp-json\/wp\/v2\/posts\/74680\/revisions"}],"predecessor-version":[{"id":74682,"href":"https:\/\/jorgezanoni.com.br\/2019\/wp-json\/wp\/v2\/posts\/74680\/revisions\/74682"}],"wp:featuredmedia":[{"embeddable":true,"href":"https:\/\/jorgezanoni.com.br\/2019\/wp-json\/wp\/v2\/media\/74681"}],"wp:attachment":[{"href":"https:\/\/jorgezanoni.com.br\/2019\/wp-json\/wp\/v2\/media?parent=74680"}],"wp:term":[{"taxonomy":"category","embeddable":true,"href":"https:\/\/jorgezanoni.com.br\/2019\/wp-json\/wp\/v2\/categories?post=74680"},{"taxonomy":"post_tag","embeddable":true,"href":"https:\/\/jorgezanoni.com.br\/2019\/wp-json\/wp\/v2\/tags?post=74680"}],"curies":[{"name":"wp","href":"https:\/\/api.w.org\/{rel}","templated":true}]}}