{"id":74662,"date":"2023-04-03T15:39:59","date_gmt":"2023-04-03T15:39:59","guid":{"rendered":"https:\/\/jorgezanoni.com.br\/2019\/?p=74662"},"modified":"2023-04-03T15:39:59","modified_gmt":"2023-04-03T15:39:59","slug":"liderancas-do-sicredi-debatem-planejamento-estrategico-da-instituicao-em-forum-nacional-de-presidentes-e-diretores-executivos","status":"publish","type":"post","link":"https:\/\/jorgezanoni.com.br\/2019\/liderancas-do-sicredi-debatem-planejamento-estrategico-da-instituicao-em-forum-nacional-de-presidentes-e-diretores-executivos\/","title":{"rendered":"Lideran\u00e7as do Sicredi debatem planejamento estrat\u00e9gico da institui\u00e7\u00e3o em F\u00f3rum Nacional de Presidentes e Diretores Executivos\u00a0"},"content":{"rendered":"<p style=\"text-align: justify;\" align=\"center\"><strong><i>Evento reuniu mais de 270 l\u00edderes das centrais e cooperativas de todo o Brasil.\u00a0<\/i><\/strong><\/p>\n<p style=\"text-align: justify;\">O Sicredi, institui\u00e7\u00e3o financeira cooperativa com mais de 6,5 milh\u00f5es de associados e presen\u00e7a em todos os estados brasileiros e no Distrito Federal, realizou a edi\u00e7\u00e3o 2023 do F\u00f3rum Nacional de Presidentes e Diretores Executivos, em Bras\u00edlia. Entre 29 e 31 de mar\u00e7o, a institui\u00e7\u00e3o reuniu mais de 270 lideran\u00e7as &#8211; representantes das 105 cooperativas e cinco centrais, do Centro Administrativo Sicredi, al\u00e9m de conselheiros da SicrediPar &#8211; com o objetivo de debater temas fundamentais para a institui\u00e7\u00e3o.<\/p>\n<p style=\"text-align: justify;\">Fernando Dall&#8217;Agnese, presidente do Conselho de Administra\u00e7\u00e3o da SicrediPar, destacou a import\u00e2ncia do momento para consolidar o novo ciclo estrat\u00e9gico 2025. &#8220;O F\u00f3rum \u00e9 o espa\u00e7o que criamos para alinhamento formal entre as lideran\u00e7as do Sicredi. \u00c9 o momento em que definimos juntos os rumos do nosso neg\u00f3cio e buscamos desenhar as melhores estrat\u00e9gias, a fim de impactar positivamente na vida das pessoas e nas comunidades onde estamos inseridos. Nessa edi\u00e7\u00e3o do evento, tivemos dois grandes e importantes temas: planejamento estrat\u00e9gico para ciclo 2025 e discuss\u00f5es sobre sucess\u00e3o&#8221;, comentou.<\/p>\n<p style=\"text-align: justify;\">A programa\u00e7\u00e3o do F\u00f3rum iniciou no dia 30 com debates a respeito dos norteadores estrat\u00e9gicos (miss\u00e3o, vis\u00e3o, valores, prop\u00f3sito) e encerrou com um alinhamento dos pr\u00f3ximos passos. C\u00e9sar Bochi, diretor presidente do Banco Cooperativo Sicredi, e Maria Reiniger da Luz, gerente de Estrat\u00e9gia do Sicredi, conduziram o momento junto com a consultoria BCG, que apoia a organiza\u00e7\u00e3o em todo o processo de constru\u00e7\u00e3o do novo ciclo estrat\u00e9gico.<\/p>\n<p style=\"text-align: justify;\">J\u00e1 as discuss\u00f5es na sexta-feira, 31, foram em torno do tema sucess\u00e3o. Na ocasi\u00e3o, Vicky Bloch, especialista em coaching no mundo corporativo, falou sobre processos de sucess\u00e3o e governan\u00e7a corporativa aos l\u00edderes presentes no evento. O F\u00f3rum encerrou com o painel &#8220;Contexto Sicredi: como estamos evoluindo no tema?&#8221;, momento em que as lideran\u00e7as debateram a forma\u00e7\u00e3o e acompanhamento de novas gera\u00e7\u00f5es de l\u00edderes.<\/p>\n<p style=\"text-align: justify;\"><strong><i>Sobre o Sicredi<\/i><\/strong><em>\u00a0<\/em><\/p>\n<p class=\"v1MsoNormal\" style=\"text-align: justify;\"><i>O Sicredi \u00e9 uma institui\u00e7\u00e3o financeira cooperativa comprometida com o crescimento de seus associados e com o desenvolvimento das regi\u00f5es onde atua. Possui um modelo de gest\u00e3o que valoriza a participa\u00e7\u00e3o dos mais de 6 milh\u00f5es de associados, que exercem o papel de donos do neg\u00f3cio. Com mais de 2.400 ag\u00eancias, o Sicredi est\u00e1 presente fisicamente em todos os estados brasileiros e no Distrito Federal, disponibilizando mais de 300 produtos e servi\u00e7os financeiros.<\/i><\/p>\n<p class=\"v1MsoNormal\" style=\"text-align: justify;\"><b><i>Site do Sicredi:\u00a0<a href=\"http:\/\/www.sicredi.com.br\/\" target=\"_blank\" rel=\"noopener noreferrer\">www.sicredi.com.br<\/a><\/i><\/b><\/p>\n<p class=\"v1MsoNormal\" style=\"text-align: justify;\"><b><i>Redes Sociais:\u00a0<\/i><\/b><em><b><u><span lang=\"EN-US\"><a href=\"http:\/\/www.facebook.com\/sicredicentrooestepaulista\" target=\"_blank\" rel=\"noopener noreferrer\"><i><span lang=\"PT-BR\">Facebook<\/span><\/i><\/a><\/span><\/u><\/b><\/em><em>\u00a0|<\/em>\u00a0<em><b><u><span lang=\"EN-US\"><a href=\"https:\/\/www.linkedin.com\/company\/sicredi-centro-oeste-paulista\/\" target=\"_blank\" rel=\"noopener noreferrer\"><i><span lang=\"PT-BR\">LinkedIn<\/span><\/i><\/a><\/span><\/u><\/b><\/em><em>\u00a0|<\/em>\u00a0<em><b><u><span lang=\"EN-US\"><a href=\"http:\/\/www.youtube.com\/sicredicentrooestepaulista\" target=\"_blank\" rel=\"noopener noreferrer\"><i><span lang=\"PT-BR\">YouTube<\/span><\/i><\/a><\/span><\/u><\/b><\/em><span lang=\"EN-US\">\u00a0<\/span><em>|\u00a0<\/em><em><b><u><span lang=\"EN-US\"><a href=\"http:\/\/www.instagram.com\/sicredicentrooestepaulista\" target=\"_blank\" rel=\"noopener noreferrer\"><i><span lang=\"PT-BR\">Instagram<\/span><\/i><\/a><\/span><\/u><\/b><\/em><\/p>\n<p style=\"text-align: justify;\">Fonte: Comunica\u00e7\u00e3o e Marketing<\/p>\n<p>Foto: Evento abordou o planejamento estrat\u00e9gico para ciclo 2025 e a sucess\u00e3o na institui\u00e7\u00e3o financeira cooperativa<br \/>\n<i>Cr\u00e9ditos: divulga\u00e7\u00e3o<\/i><\/p>\n<p align=\"center\">\n<div align=\"center\"><\/div>\n<p class=\"v1MsoNormal\">\n<div>\n<p class=\"v1MsoNormal\">\n<p class=\"v1MsoNormal\">Comunica\u00e7\u00e3o e Marketing<\/p>\n<\/div>\n","protected":false},"excerpt":{"rendered":"<p>Evento reuniu mais de 270 l\u00edderes das centrais e cooperativas de todo o Brasil.\u00a0 O Sicredi, institui\u00e7\u00e3o financeira cooperativa com mais de 6,5 milh\u00f5es de associados e presen\u00e7a em todos os estados brasileiros e no Distrito Federal, realizou a edi\u00e7\u00e3o 2023 do F\u00f3rum Nacional de Presidentes e Diretores Executivos, em Bras\u00edlia. Entre 29 e 31 [&hellip;]<\/p>\n","protected":false},"author":1,"featured_media":74663,"comment_status":"closed","ping_status":"open","sticky":false,"template":"","format":"standard","meta":{"footnotes":""},"categories":[110,116],"tags":[],"class_list":["post-74662","post","type-post","status-publish","format-standard","has-post-thumbnail","hentry","category-noticiasdestaque","category-politicaeeconomia"],"_links":{"self":[{"href":"https:\/\/jorgezanoni.com.br\/2019\/wp-json\/wp\/v2\/posts\/74662","targetHints":{"allow":["GET"]}}],"collection":[{"href":"https:\/\/jorgezanoni.com.br\/2019\/wp-json\/wp\/v2\/posts"}],"about":[{"href":"https:\/\/jorgezanoni.com.br\/2019\/wp-json\/wp\/v2\/types\/post"}],"author":[{"embeddable":true,"href":"https:\/\/jorgezanoni.com.br\/2019\/wp-json\/wp\/v2\/users\/1"}],"replies":[{"embeddable":true,"href":"https:\/\/jorgezanoni.com.br\/2019\/wp-json\/wp\/v2\/comments?post=74662"}],"version-history":[{"count":1,"href":"https:\/\/jorgezanoni.com.br\/2019\/wp-json\/wp\/v2\/posts\/74662\/revisions"}],"predecessor-version":[{"id":74664,"href":"https:\/\/jorgezanoni.com.br\/2019\/wp-json\/wp\/v2\/posts\/74662\/revisions\/74664"}],"wp:featuredmedia":[{"embeddable":true,"href":"https:\/\/jorgezanoni.com.br\/2019\/wp-json\/wp\/v2\/media\/74663"}],"wp:attachment":[{"href":"https:\/\/jorgezanoni.com.br\/2019\/wp-json\/wp\/v2\/media?parent=74662"}],"wp:term":[{"taxonomy":"category","embeddable":true,"href":"https:\/\/jorgezanoni.com.br\/2019\/wp-json\/wp\/v2\/categories?post=74662"},{"taxonomy":"post_tag","embeddable":true,"href":"https:\/\/jorgezanoni.com.br\/2019\/wp-json\/wp\/v2\/tags?post=74662"}],"curies":[{"name":"wp","href":"https:\/\/api.w.org\/{rel}","templated":true}]}}