{"id":74657,"date":"2023-04-03T15:11:17","date_gmt":"2023-04-03T15:11:17","guid":{"rendered":"https:\/\/jorgezanoni.com.br\/2019\/?p=74657"},"modified":"2023-04-03T15:12:30","modified_gmt":"2023-04-03T15:12:30","slug":"centro-academico-da-unifadra-ealiza-mes-da-especialidade","status":"publish","type":"post","link":"https:\/\/jorgezanoni.com.br\/2019\/centro-academico-da-unifadra-ealiza-mes-da-especialidade\/","title":{"rendered":"Centro Acad\u00eamico da Unifadra realiza M\u00eas da Especialidade"},"content":{"rendered":"<p dir=\"ltr\" style=\"text-align: justify;\">O Centro Acad\u00eamico &#8220;Maria Bras\u00edlia Leme Lopes&#8221; (CAMBRA), do curso de Medicina da Unifadra Dracena, realiza a a\u00e7\u00e3o &#8220;M\u00eas da Especialidade&#8221;, que promove palestras mensais com temas diversos aos acad\u00eamicos da Unifadra. No dia 22 de mar\u00e7o, o evento contou com duas palestras no Audit\u00f3rio &#8220;Profa. Rachel Alves de Faria&#8221;.<\/p>\n<p>No m\u00eas das mulheres, as convidadas foram a Profa. Dra. Leonice Domingos dos Santos Cintra Lima, que falou sobre a hist\u00f3ria da mulher, e a m\u00e9dica Tassiane Keller Stivari Mantovaneli, que fez a palestra sobre cervicite e vulvovaginite.<\/p>\n<p dir=\"ltr\" style=\"text-align: justify;\">A presidente da CAMBRA Ana Beatriz Silva Mendon\u00e7a ressalta que &#8220;o centro acad\u00eamico criou o m\u00eas da especialidade com o intuito de promover palestras mensais, mediadas por especialistas, abordando os temas mais relevantes para a prova de resid\u00eancia e para a pr\u00e1tica m\u00e9dica di\u00e1ria, ajudando os alunos, desde o 1\u00b0 ano, a criarem um racioc\u00ednio cl\u00ednico&#8221;.<\/p>\n<p>O diretor acad\u00eamico da Unifadra Prof. Dr. Enio Garbelini parabenizou o centro acad\u00eamico pelo evento.<\/p>\n<p dir=\"ltr\" style=\"text-align: justify;\">O Centro Acad\u00eamico &#8220;Maria Bras\u00edlia Leme Lopes&#8221; (CAMBRA), do curso de Medicina da Unifadra Dracena, realiza a a\u00e7\u00e3o &#8220;M\u00eas da Especialidade&#8221;, que promove palestras mensais com temas diversos aos acad\u00eamicos da Unifadra. No dia 22 de mar\u00e7o, o evento contou com duas palestras no Audit\u00f3rio &#8220;Profa. Rachel Alves de Faria&#8221;.<\/p>\n<p>No m\u00eas das mulheres, as convidadas foram a Profa. Dra. Leonice Domingos dos Santos Cintra Lima, que falou sobre a hist\u00f3ria da mulher, e a m\u00e9dica Tassiane Keller Stivari Mantovaneli, que fez a palestra sobre cervicite e vulvovaginite.<\/p>\n<p dir=\"ltr\" style=\"text-align: justify;\">A presidente da CAMBRA Ana Beatriz Silva Mendon\u00e7a ressalta que &#8220;o centro acad\u00eamico criou o m\u00eas da especialidade com o intuito de promover palestras mensais, mediadas por especialistas, abordando os temas mais relevantes para a prova de resid\u00eancia e para a pr\u00e1tica m\u00e9dica di\u00e1ria, ajudando os alunos, desde o 1\u00b0 ano, a criarem um racioc\u00ednio cl\u00ednico&#8221;.<\/p>\n<p>O diretor acad\u00eamico da Unifadra Prof. Dr. Enio Garbelini parabenizou o centro acad\u00eamico pelo evento.<\/p>\n<p dir=\"ltr\"><img loading=\"lazy\" decoding=\"async\" class=\"alignnone size-full wp-image-74658\" src=\"https:\/\/jorgezanoni.com.br\/2019\/wp-content\/uploads\/2023\/04\/esp.jpeg\" alt=\"\" width=\"700\" height=\"525\" srcset=\"https:\/\/jorgezanoni.com.br\/2019\/wp-content\/uploads\/2023\/04\/esp.jpeg 700w, https:\/\/jorgezanoni.com.br\/2019\/wp-content\/uploads\/2023\/04\/esp-300x225.jpeg 300w, https:\/\/jorgezanoni.com.br\/2019\/wp-content\/uploads\/2023\/04\/esp-80x60.jpeg 80w, https:\/\/jorgezanoni.com.br\/2019\/wp-content\/uploads\/2023\/04\/esp-265x198.jpeg 265w, https:\/\/jorgezanoni.com.br\/2019\/wp-content\/uploads\/2023\/04\/esp-696x522.jpeg 696w, https:\/\/jorgezanoni.com.br\/2019\/wp-content\/uploads\/2023\/04\/esp-560x420.jpeg 560w\" sizes=\"auto, (max-width: 700px) 100vw, 700px\" \/><\/p>\n<p dir=\"ltr\">Fonte: Depto. de Comunica\u00e7\u00e3o da Fundec<\/p>\n","protected":false},"excerpt":{"rendered":"<p>O Centro Acad\u00eamico &#8220;Maria Bras\u00edlia Leme Lopes&#8221; (CAMBRA), do curso de Medicina da Unifadra Dracena, realiza a a\u00e7\u00e3o &#8220;M\u00eas da Especialidade&#8221;, que promove palestras mensais com temas diversos aos acad\u00eamicos da Unifadra. No dia 22 de mar\u00e7o, o evento contou com duas palestras no Audit\u00f3rio &#8220;Profa. Rachel Alves de Faria&#8221;. No m\u00eas das mulheres, as [&hellip;]<\/p>\n","protected":false},"author":1,"featured_media":74659,"comment_status":"closed","ping_status":"open","sticky":false,"template":"","format":"standard","meta":{"footnotes":""},"categories":[110,122],"tags":[],"class_list":["post-74657","post","type-post","status-publish","format-standard","has-post-thumbnail","hentry","category-noticiasdestaque","category-saudeeducacaoeconcurso"],"_links":{"self":[{"href":"https:\/\/jorgezanoni.com.br\/2019\/wp-json\/wp\/v2\/posts\/74657","targetHints":{"allow":["GET"]}}],"collection":[{"href":"https:\/\/jorgezanoni.com.br\/2019\/wp-json\/wp\/v2\/posts"}],"about":[{"href":"https:\/\/jorgezanoni.com.br\/2019\/wp-json\/wp\/v2\/types\/post"}],"author":[{"embeddable":true,"href":"https:\/\/jorgezanoni.com.br\/2019\/wp-json\/wp\/v2\/users\/1"}],"replies":[{"embeddable":true,"href":"https:\/\/jorgezanoni.com.br\/2019\/wp-json\/wp\/v2\/comments?post=74657"}],"version-history":[{"count":2,"href":"https:\/\/jorgezanoni.com.br\/2019\/wp-json\/wp\/v2\/posts\/74657\/revisions"}],"predecessor-version":[{"id":74661,"href":"https:\/\/jorgezanoni.com.br\/2019\/wp-json\/wp\/v2\/posts\/74657\/revisions\/74661"}],"wp:featuredmedia":[{"embeddable":true,"href":"https:\/\/jorgezanoni.com.br\/2019\/wp-json\/wp\/v2\/media\/74659"}],"wp:attachment":[{"href":"https:\/\/jorgezanoni.com.br\/2019\/wp-json\/wp\/v2\/media?parent=74657"}],"wp:term":[{"taxonomy":"category","embeddable":true,"href":"https:\/\/jorgezanoni.com.br\/2019\/wp-json\/wp\/v2\/categories?post=74657"},{"taxonomy":"post_tag","embeddable":true,"href":"https:\/\/jorgezanoni.com.br\/2019\/wp-json\/wp\/v2\/tags?post=74657"}],"curies":[{"name":"wp","href":"https:\/\/api.w.org\/{rel}","templated":true}]}}