{"id":74643,"date":"2023-04-03T01:00:03","date_gmt":"2023-04-03T01:00:03","guid":{"rendered":"https:\/\/jorgezanoni.com.br\/2019\/?p=74643"},"modified":"2023-04-03T11:44:36","modified_gmt":"2023-04-03T11:44:36","slug":"tristeza-em-junqueiropolis-morre-mais-uma-crianca-de-7-anos","status":"publish","type":"post","link":"https:\/\/jorgezanoni.com.br\/2019\/tristeza-em-junqueiropolis-morre-mais-uma-crianca-de-7-anos\/","title":{"rendered":"Tristeza em Junqueir\u00f3polis: Morre mais uma Crian\u00e7a de 7 anos"},"content":{"rendered":"<p style=\"text-align: justify;\">Comunicamos com pesar o falecimento de Miryan Vit\u00f3ria, de 7 anos, ocorrido em Junqueir\u00f3polis. Informa\u00e7\u00f5es a serem confirmadas \u00e9 de que ela teria passado por uma cirurgia e teve embolia pulmonar.<\/p>\n<p style=\"text-align: justify;\">O Site JZ e TOP TV se solidariza com os familiares e amigos neste dif\u00edcil momento, rogando a Deus que d\u00ea conforto especialmente aos pais da pequena Miryan Vit\u00f3ria<\/p>\n<p style=\"text-align: justify;\"><img loading=\"lazy\" decoding=\"async\" class=\"alignnone size-full wp-image-74646\" src=\"https:\/\/jorgezanoni.com.br\/2019\/wp-content\/uploads\/2023\/04\/velorio.jpg\" alt=\"\" width=\"1600\" height=\"1086\" srcset=\"https:\/\/jorgezanoni.com.br\/2019\/wp-content\/uploads\/2023\/04\/velorio.jpg 1600w, https:\/\/jorgezanoni.com.br\/2019\/wp-content\/uploads\/2023\/04\/velorio-300x204.jpg 300w, https:\/\/jorgezanoni.com.br\/2019\/wp-content\/uploads\/2023\/04\/velorio-1024x695.jpg 1024w, https:\/\/jorgezanoni.com.br\/2019\/wp-content\/uploads\/2023\/04\/velorio-768x521.jpg 768w, https:\/\/jorgezanoni.com.br\/2019\/wp-content\/uploads\/2023\/04\/velorio-1536x1043.jpg 1536w, https:\/\/jorgezanoni.com.br\/2019\/wp-content\/uploads\/2023\/04\/velorio-696x472.jpg 696w, https:\/\/jorgezanoni.com.br\/2019\/wp-content\/uploads\/2023\/04\/velorio-1068x725.jpg 1068w, https:\/\/jorgezanoni.com.br\/2019\/wp-content\/uploads\/2023\/04\/velorio-619x420.jpg 619w\" sizes=\"auto, (max-width: 1600px) 100vw, 1600px\" \/><\/p>\n<p style=\"text-align: justify;\">Na \u00faltima quarta-feira faleceu a pequena Isabela Vit\u00f3ria Pinha de 6 anos, aluna da professora Graciela Rodrigues Reis,da escola Jair Luis da Silva tamb\u00e9m de Junqueir\u00f3polis. A suspeita da morte foi Dengue que ainda n\u00e3o teve a confirma\u00e7\u00e3o.<\/p>\n<div dir=\"auto\" style=\"text-align: justify;\">Colabora\u00e7\u00e3o TV Oeste Di\u00e1rio\/Renan<\/div>\n<div dir=\"auto\" style=\"text-align: justify;\"><\/div>\n<div dir=\"auto\" style=\"text-align: justify;\">Jorge Oliveira<\/div>\n<div dir=\"auto\">Foto cedida<\/div>\n","protected":false},"excerpt":{"rendered":"<p>Comunicamos com pesar o falecimento de Miryan Vit\u00f3ria, de 7 anos, ocorrido em Junqueir\u00f3polis. Informa\u00e7\u00f5es a serem confirmadas \u00e9 de que ela teria passado por uma cirurgia e teve embolia pulmonar. O Site JZ e TOP TV se solidariza com os familiares e amigos neste dif\u00edcil momento, rogando a Deus que d\u00ea conforto especialmente aos [&hellip;]<\/p>\n","protected":false},"author":1,"featured_media":74644,"comment_status":"closed","ping_status":"open","sticky":false,"template":"","format":"standard","meta":{"footnotes":""},"categories":[178,110],"tags":[],"class_list":["post-74643","post","type-post","status-publish","format-standard","has-post-thumbnail","hentry","category-notadefalecimento","category-noticiasdestaque"],"_links":{"self":[{"href":"https:\/\/jorgezanoni.com.br\/2019\/wp-json\/wp\/v2\/posts\/74643","targetHints":{"allow":["GET"]}}],"collection":[{"href":"https:\/\/jorgezanoni.com.br\/2019\/wp-json\/wp\/v2\/posts"}],"about":[{"href":"https:\/\/jorgezanoni.com.br\/2019\/wp-json\/wp\/v2\/types\/post"}],"author":[{"embeddable":true,"href":"https:\/\/jorgezanoni.com.br\/2019\/wp-json\/wp\/v2\/users\/1"}],"replies":[{"embeddable":true,"href":"https:\/\/jorgezanoni.com.br\/2019\/wp-json\/wp\/v2\/comments?post=74643"}],"version-history":[{"count":3,"href":"https:\/\/jorgezanoni.com.br\/2019\/wp-json\/wp\/v2\/posts\/74643\/revisions"}],"predecessor-version":[{"id":74648,"href":"https:\/\/jorgezanoni.com.br\/2019\/wp-json\/wp\/v2\/posts\/74643\/revisions\/74648"}],"wp:featuredmedia":[{"embeddable":true,"href":"https:\/\/jorgezanoni.com.br\/2019\/wp-json\/wp\/v2\/media\/74644"}],"wp:attachment":[{"href":"https:\/\/jorgezanoni.com.br\/2019\/wp-json\/wp\/v2\/media?parent=74643"}],"wp:term":[{"taxonomy":"category","embeddable":true,"href":"https:\/\/jorgezanoni.com.br\/2019\/wp-json\/wp\/v2\/categories?post=74643"},{"taxonomy":"post_tag","embeddable":true,"href":"https:\/\/jorgezanoni.com.br\/2019\/wp-json\/wp\/v2\/tags?post=74643"}],"curies":[{"name":"wp","href":"https:\/\/api.w.org\/{rel}","templated":true}]}}