{"id":74618,"date":"2023-04-02T13:13:33","date_gmt":"2023-04-02T13:13:33","guid":{"rendered":"https:\/\/jorgezanoni.com.br\/2019\/?p=74618"},"modified":"2023-04-02T13:13:33","modified_gmt":"2023-04-02T13:13:33","slug":"hoje-e-comemorado-o-dia-mundial-da-conscientizacao-do-autismo","status":"publish","type":"post","link":"https:\/\/jorgezanoni.com.br\/2019\/hoje-e-comemorado-o-dia-mundial-da-conscientizacao-do-autismo\/","title":{"rendered":"Hoje \u00e9 comemorado o &#8220;Dia Mundial da Conscientiza\u00e7\u00e3o do Autismo&#8221;"},"content":{"rendered":"<p style=\"text-align: justify;\">O Dia Mundial da Conscientiza\u00e7\u00e3o do Autismo, ou simplesmente Dia Mundial do Autismo, \u00e9 comemorado em\u00a02 de Abril.<\/p>\n<p style=\"text-align: justify;\">A data visa ajudar a conscientizar a popula\u00e7\u00e3o mundial sobre o Autismo. O autismo \u00e9\u00a0um transtorno no desenvolvimento do c\u00e9rebro que afeta cerca de 70 milh\u00f5es de pessoas em todo o mundo.<\/p>\n<p style=\"text-align: justify;\">No Brasil, o Dia Mundial do Autismo \u00e9 celebrado com palestras e eventos p\u00fablicos que acontecem por v\u00e1rias cidades brasileiras.<\/p>\n<p style=\"text-align: justify;\">O objetivo \u00e9 o mesmo em todo o lugar, ou seja, ajudar a conscientizar e informar as pessoas sobre o que \u00e9 o Autismo e como lidar com ele.<\/p>\n<p style=\"text-align: justify;\">Nesta data, v\u00e1rios pontos tur\u00edsticos do pa\u00eds s\u00e3o iluminados de azul, cor que representa a campanha do Autismo, que \u00e9 promovida no m\u00eas de abril.<\/p>\n<h2 style=\"text-align: justify;\">Origem do Dia Mundial do Autismo<\/h2>\n<p style=\"text-align: justify;\">O Dia Mundial de Conscientiza\u00e7\u00e3o do Autismo foi criado pela Organiza\u00e7\u00e3o das Na\u00e7\u00f5es Unidas (ONU), em 18 de Dezembro de 2007.<\/p>\n<p style=\"text-align: justify;\">O\u00a0objetivo da data \u00e9\u00a0alertar as sociedades e governantes sobre esse transtorno do neurodesenvolvimento, ajudando a derrubar preconceitos e esclarecer a todos.<\/p>\n<p style=\"text-align: justify;\"><img loading=\"lazy\" decoding=\"async\" src=\"https:\/\/s.calendarr.com\/upload\/datas\/di\/am\/dia-mundial-da-conscientizacao-do-autismo_c.jpg?auto_optimize=low&amp;width=640\" alt=\"Dia Mundial da Conscientiza\u00e7\u00e3o do Autismo\" width=\"655\" height=\"343\" \/><\/p>\n<h2 style=\"text-align: justify;\">Mensagens para o Dia do Autismo<\/h2>\n<p style=\"text-align: justify;\">&#8220;Quando conseguirmos nos colocar no lugar do outro, faremos diferen\u00e7a entre, e nunca, pelas pessoas. N\u00e3o se deixe limitar pelo preconceito e fa\u00e7a a diferen\u00e7a. Conscientiza\u00e7\u00e3o em primeiro lugar. Feliz\u00a0Dia Mundial da Conscientiza\u00e7\u00e3o do Autismo.&#8221;<\/p>\n<p style=\"text-align: justify;\">&#8220;Autismo n\u00e3o \u00e9 doen\u00e7a e o\u00a0Dia Mundial da Conscientiza\u00e7\u00e3o do Autismo propicia a cada um de n\u00f3s uma oportunidade de entender\u00a0antes de julgar. Fa\u00e7a parte desta iniciativa.&#8221;<\/p>\n<p style=\"text-align: justify;\">&#8220;Sejam fortes e valorizem a vossa caminhada. Os autistas\u00a0t\u00eam muito para ensinar. Aprendam com eles e tenham um\u00a0feliz Dia Mundial da Conscientiza\u00e7\u00e3o do Autismo.&#8221;<\/p>\n<h2 style=\"text-align: justify;\">O que \u00e9 o Autismo?<\/h2>\n<p style=\"text-align: justify;\">O Autismo n\u00e3o \u00e9 uma doen\u00e7a, mas sim um transtorno do neurodesenvolvimento, conhecido por &#8220;Transtornos de Espectro Autista&#8221; &#8211; TEA.<\/p>\n<p style=\"text-align: justify;\">Os sintomas do autismo s\u00e3o: fobias, agressividade, dificuldades de aprendizagem, dificuldades de relacionamento, por exemplo.<\/p>\n<p style=\"text-align: justify;\">No entanto, vale ressaltar que o autismo \u00e9 \u00fanico para cada pessoa. Existem v\u00e1rios n\u00edveis diferentes de autismo, at\u00e9 mesmo pessoas que apresentam o transtorno, mas sem nenhum tipo de atraso mental.<\/p>\n<p style=\"text-align: justify;\">Fonte: https:\/\/www.calendarr.com\/brasil\/dia-mundial-da-conscientizacao-do-autismo\/<\/p>\n","protected":false},"excerpt":{"rendered":"<p>O Dia Mundial da Conscientiza\u00e7\u00e3o do Autismo, ou simplesmente Dia Mundial do Autismo, \u00e9 comemorado em\u00a02 de Abril. A data visa ajudar a conscientizar a popula\u00e7\u00e3o mundial sobre o Autismo. O autismo \u00e9\u00a0um transtorno no desenvolvimento do c\u00e9rebro que afeta cerca de 70 milh\u00f5es de pessoas em todo o mundo. No Brasil, o Dia Mundial [&hellip;]<\/p>\n","protected":false},"author":1,"featured_media":74619,"comment_status":"closed","ping_status":"open","sticky":false,"template":"","format":"standard","meta":{"footnotes":""},"categories":[110,118],"tags":[],"class_list":["post-74618","post","type-post","status-publish","format-standard","has-post-thumbnail","hentry","category-noticiasdestaque","category-religiaoesolidariedade"],"_links":{"self":[{"href":"https:\/\/jorgezanoni.com.br\/2019\/wp-json\/wp\/v2\/posts\/74618","targetHints":{"allow":["GET"]}}],"collection":[{"href":"https:\/\/jorgezanoni.com.br\/2019\/wp-json\/wp\/v2\/posts"}],"about":[{"href":"https:\/\/jorgezanoni.com.br\/2019\/wp-json\/wp\/v2\/types\/post"}],"author":[{"embeddable":true,"href":"https:\/\/jorgezanoni.com.br\/2019\/wp-json\/wp\/v2\/users\/1"}],"replies":[{"embeddable":true,"href":"https:\/\/jorgezanoni.com.br\/2019\/wp-json\/wp\/v2\/comments?post=74618"}],"version-history":[{"count":1,"href":"https:\/\/jorgezanoni.com.br\/2019\/wp-json\/wp\/v2\/posts\/74618\/revisions"}],"predecessor-version":[{"id":74620,"href":"https:\/\/jorgezanoni.com.br\/2019\/wp-json\/wp\/v2\/posts\/74618\/revisions\/74620"}],"wp:featuredmedia":[{"embeddable":true,"href":"https:\/\/jorgezanoni.com.br\/2019\/wp-json\/wp\/v2\/media\/74619"}],"wp:attachment":[{"href":"https:\/\/jorgezanoni.com.br\/2019\/wp-json\/wp\/v2\/media?parent=74618"}],"wp:term":[{"taxonomy":"category","embeddable":true,"href":"https:\/\/jorgezanoni.com.br\/2019\/wp-json\/wp\/v2\/categories?post=74618"},{"taxonomy":"post_tag","embeddable":true,"href":"https:\/\/jorgezanoni.com.br\/2019\/wp-json\/wp\/v2\/tags?post=74618"}],"curies":[{"name":"wp","href":"https:\/\/api.w.org\/{rel}","templated":true}]}}