{"id":74604,"date":"2023-04-01T18:56:23","date_gmt":"2023-04-01T18:56:23","guid":{"rendered":"https:\/\/jorgezanoni.com.br\/2019\/?p=74604"},"modified":"2023-04-01T18:56:23","modified_gmt":"2023-04-01T18:56:23","slug":"policia-civil-promove-capacitacao-de-policiais-no-atendimento-de-casos-de-violencia-contra-a-mulher-em-dracena","status":"publish","type":"post","link":"https:\/\/jorgezanoni.com.br\/2019\/policia-civil-promove-capacitacao-de-policiais-no-atendimento-de-casos-de-violencia-contra-a-mulher-em-dracena\/","title":{"rendered":"Pol\u00edcia Civil promove capacita\u00e7\u00e3o de Policiais no atendimento de casos de Viol\u00eancia contra a Mulher em Dracena"},"content":{"rendered":"<p style=\"text-align: justify;\">A Pol\u00edcia Civil, por interm\u00e9dio da Delegacia de Pol\u00edcia da Defesa da Mulher, em parceria com o projeto OAB Por Elas, promoveu nesta sexta-feira (31), uma capacita\u00e7\u00e3o de extens\u00e3o de conhecimentos para policiais civis que atuam na \u00e1rea da Seccional de Dracena, visando aprimorar o atendimento da mulher v\u00edtima de viol\u00eancia dom\u00e9stica.<br \/>\nA palestra ministrada pela psic\u00f3loga Michele Rubira, discorreu sobre o tema \u201cA Import\u00e2ncia do Acolhimento a Mulheres V\u00edtimas de Viol\u00eancia Dom\u00e9stica\u201d. O evento suma import\u00e2ncia, abordou a tem\u00e1tica do engajamento e o aprimoramento do policial civil no atendimento as demandas relacionadas em casos de viol\u00eancia contra a mulher, buscando oferecer um atendimento adequado \u00e0 v\u00edtima que chega em uma unidade policial.<\/p>\n<p><img loading=\"lazy\" decoding=\"async\" class=\"alignnone size-full wp-image-74606\" src=\"https:\/\/jorgezanoni.com.br\/2019\/wp-content\/uploads\/2023\/04\/aco1.jpg\" alt=\"\" width=\"700\" height=\"525\" srcset=\"https:\/\/jorgezanoni.com.br\/2019\/wp-content\/uploads\/2023\/04\/aco1.jpg 700w, https:\/\/jorgezanoni.com.br\/2019\/wp-content\/uploads\/2023\/04\/aco1-300x225.jpg 300w, https:\/\/jorgezanoni.com.br\/2019\/wp-content\/uploads\/2023\/04\/aco1-80x60.jpg 80w, https:\/\/jorgezanoni.com.br\/2019\/wp-content\/uploads\/2023\/04\/aco1-265x198.jpg 265w, https:\/\/jorgezanoni.com.br\/2019\/wp-content\/uploads\/2023\/04\/aco1-696x522.jpg 696w, https:\/\/jorgezanoni.com.br\/2019\/wp-content\/uploads\/2023\/04\/aco1-560x420.jpg 560w\" sizes=\"auto, (max-width: 700px) 100vw, 700px\" \/><\/p>\n<p>Fonte: Com. Social Pol\u00edcia Civil<\/p>\n","protected":false},"excerpt":{"rendered":"<p>A Pol\u00edcia Civil, por interm\u00e9dio da Delegacia de Pol\u00edcia da Defesa da Mulher, em parceria com o projeto OAB Por Elas, promoveu nesta sexta-feira (31), uma capacita\u00e7\u00e3o de extens\u00e3o de conhecimentos para policiais civis que atuam na \u00e1rea da Seccional de Dracena, visando aprimorar o atendimento da mulher v\u00edtima de viol\u00eancia dom\u00e9stica. A palestra ministrada [&hellip;]<\/p>\n","protected":false},"author":1,"featured_media":74605,"comment_status":"closed","ping_status":"open","sticky":false,"template":"","format":"standard","meta":{"footnotes":""},"categories":[110,2],"tags":[],"class_list":["post-74604","post","type-post","status-publish","format-standard","has-post-thumbnail","hentry","category-noticiasdestaque","category-policial"],"_links":{"self":[{"href":"https:\/\/jorgezanoni.com.br\/2019\/wp-json\/wp\/v2\/posts\/74604","targetHints":{"allow":["GET"]}}],"collection":[{"href":"https:\/\/jorgezanoni.com.br\/2019\/wp-json\/wp\/v2\/posts"}],"about":[{"href":"https:\/\/jorgezanoni.com.br\/2019\/wp-json\/wp\/v2\/types\/post"}],"author":[{"embeddable":true,"href":"https:\/\/jorgezanoni.com.br\/2019\/wp-json\/wp\/v2\/users\/1"}],"replies":[{"embeddable":true,"href":"https:\/\/jorgezanoni.com.br\/2019\/wp-json\/wp\/v2\/comments?post=74604"}],"version-history":[{"count":1,"href":"https:\/\/jorgezanoni.com.br\/2019\/wp-json\/wp\/v2\/posts\/74604\/revisions"}],"predecessor-version":[{"id":74607,"href":"https:\/\/jorgezanoni.com.br\/2019\/wp-json\/wp\/v2\/posts\/74604\/revisions\/74607"}],"wp:featuredmedia":[{"embeddable":true,"href":"https:\/\/jorgezanoni.com.br\/2019\/wp-json\/wp\/v2\/media\/74605"}],"wp:attachment":[{"href":"https:\/\/jorgezanoni.com.br\/2019\/wp-json\/wp\/v2\/media?parent=74604"}],"wp:term":[{"taxonomy":"category","embeddable":true,"href":"https:\/\/jorgezanoni.com.br\/2019\/wp-json\/wp\/v2\/categories?post=74604"},{"taxonomy":"post_tag","embeddable":true,"href":"https:\/\/jorgezanoni.com.br\/2019\/wp-json\/wp\/v2\/tags?post=74604"}],"curies":[{"name":"wp","href":"https:\/\/api.w.org\/{rel}","templated":true}]}}